{"id":1072195,"date":"2026-06-05T16:30:20","date_gmt":"2026-06-05T16:30:20","guid":{"rendered":"https:\/\/www.europesays.com\/de\/1072195\/"},"modified":"2026-06-05T16:30:20","modified_gmt":"2026-06-05T16:30:20","slug":"buffy-star-anthony-head-mit-72-jahren-gestorben-unterhaltung","status":"publish","type":"post","link":"https:\/\/www.europesays.com\/de\/1072195\/","title":{"rendered":"\u201eBuffy\u201c-Star Anthony Head mit 72 Jahren gestorben | Unterhaltung"},"content":{"rendered":"<p><a class=\"skip-content skip-content--link\" href=\"#in-content-skip-link-target-v-0-0\">TTS-Player \u00fcberspringen\u21b5<\/a><a id=\"in-content-skip-link-target-v-0-0\" class=\"skip-content--target-link-hidden skip-content skip-content--target-link\" href=\"#in-content-skip-link-target-v-0-0\">Artikel weiterlesen<\/a><\/p>\n<p><b>Der britische Schauspieler Anthony Head, der als Rupert Giles in der Kultserie \u201eBuffy \u2013 Im Bann der D\u00e4monen\u201c Fernsehgeschichte schrieb und zuletzt als Rupert Mannion in der Erfolgsserie \u201eTed Lasso\u201c Millionen begeisterte, starb im Alter von 72 Jahren. Die traurige Nachricht wurde von seinen T\u00f6chtern Emily und Daisy Head bekannt gegeben. Demnach verstarb der Schauspieler friedlich im Kreis seiner Familie an den Folgen einer Lungenentz\u00fcndung.<\/b><\/p>\n<p><img decoding=\"async\" width=\"992\" height=\"1382\" alt=\"Head 2023 bei der Premiere zu \u201eDungeons &amp; Dragons: Honour Among Thieves\u201c\" src=\"https:\/\/www.europesays.com\/de\/wp-content\/uploads\/2026\/06\/1b90cf193c3316dc77f09e12a4459f03,554fcdef.jpeg\"   class=\"dynamic\" loading=\"lazy\"\/><\/p>\n<p class=\"fig__caption__text\">Head 2023 bei der Premiere zu \u201eDungeons &amp; Dragons: Honour Among Thieves\u201c<\/p>\n<p>Foto: WireImage<\/p>\n<p>In einem Statement schrieben sie: \u201eEs war und bleibt f\u00fcr uns eine Ehre und ein Privileg, seine T\u00f6chter zu sein und aus erster Hand miterlebt zu haben, welchen Einfluss er und seine Arbeit auf so viele Menschen hatte. Wir wissen, wie sehr er von Freunden, Kollegen und Fans der Serien, in denen er mitwirkte, vermisst werden wird \u2013 er liebte seinen Beruf von ganzem Herzen und sch\u00e4tzte sich stets unglaublich gl\u00fccklich, im Laufe seiner jahrzehntelangen Karriere mit solch au\u00dfergew\u00f6hnlich talentierten Menschen in so wunderbaren Produktionen zusammenarbeiten zu d\u00fcrfen.\u201c<\/p>\n<p>Seine T\u00f6chter sind ebenfalls im Showbiz t\u00e4tig. Tochter Emily spielte die Rolle der Carli D\u2019Amato in der E4-Sitcom \u201eThe Inbetweeners\u201c und sp\u00e4ter die Rolle der Rebecca White in der ITV-Seifenoper \u201eEmmerdale\u201c sowie die Rolle der Colette Andrews in der BBC-Serie \u201eThe Syndicate\u201c.<\/p>\n<p><img decoding=\"async\" width=\"992\" height=\"657\" alt=\"Anthony Head zusammen mit seinen T\u00f6chtern 2004 in London\" src=\"https:\/\/www.europesays.com\/de\/wp-content\/uploads\/2026\/06\/f71bd051217337a4214e1399de4e16cd,ec53db7c.jpeg\"   class=\"dynamic\" loading=\"lazy\"\/><\/p>\n<p class=\"fig__caption__text\">Anthony Head zusammen mit seinen T\u00f6chtern 2004 in London<\/p>\n<p>Foto: GOFF \/BESTIMAGE<\/p>\n<p>Anfang 2026 starb seine langj\u00e4hrige Partnerin<\/p>\n<p>F\u00fcr Fans ist es ein schwerer Abschied. \u00dcber Jahrzehnte geh\u00f6rte Anthony Head zu den bekanntesten Gesichtern des britischen Fernsehens. Mit seiner Rolle als kluger und charismatischer W\u00e4chter Giles wurde er f\u00fcr eine ganze Generation unvergesslich. Auch in Serien wie \u201eMerlin\u201c, \u201eDoctor Who\u201c, \u201e<a href=\"https:\/\/www.bild.de\/unterhaltung\/stars-und-leute\/bridgerton-bild-am-set-der-netflix-serie-697a7687efbe07a99d221473\" class=\"text-link\" rel=\"nofollow noopener\" target=\"_blank\">Bridgerton<\/a>\u201c und zuletzt \u201e<a href=\"https:\/\/www.bild.de\/unterhaltung\/stars-und-leute\/ted-lasso-geht-im-sommer-weiter-so-anders-wird-staffel-4-697a0bca18848ea61928a18c\" class=\"text-link\" rel=\"nofollow noopener\" target=\"_blank\">Ted Lasso<\/a>\u201c bewies er immer wieder sein au\u00dfergew\u00f6hnliches Talent.<\/p>\n<p>Mehr zum Thema<\/p>\n<p>Besonders tragisch: Erst wenige Monate vor seinem eigenen Tod musste Head einen schweren pers\u00f6nlichen Verlust verkraften. Anfang 2026 starb seine langj\u00e4hrige Partnerin Sarah Fisher \u00fcberraschend im Alter von 61 Jahren. Die Familie sprach damals von einem Schock, der \u201emit sehr wenig Vorwarnung\u201c gekommen sei.<\/p>\n","protected":false},"excerpt":{"rendered":"TTS-Player \u00fcberspringen\u21b5Artikel weiterlesen Der britische Schauspieler Anthony Head, der als Rupert Giles in der Kultserie \u201eBuffy \u2013 Im&hellip;\n","protected":false},"author":2,"featured_media":1072196,"comment_status":"","ping_status":"","sticky":false,"template":"","format":"standard","meta":{"footnotes":"","_share_on_mastodon":"0"},"categories":[155],"tags":[8373,29,214,30,95,935,471,138370,226834,215],"class_list":["post-1072195","post","type-post","status-publish","format-standard","has-post-thumbnail","category-unterhaltung","tag-comedy-show","tag-deutschland","tag-entertainment","tag-germany","tag-kino","tag-schauspieler","tag-serien","tag-team-first","tag-ted-lasso","tag-unterhaltung"],"share_on_mastodon":{"url":"https:\/\/pubeurope.com\/@de\/116698456255737652","error":""},"_links":{"self":[{"href":"https:\/\/www.europesays.com\/de\/wp-json\/wp\/v2\/posts\/1072195","targetHints":{"allow":["GET"]}}],"collection":[{"href":"https:\/\/www.europesays.com\/de\/wp-json\/wp\/v2\/posts"}],"about":[{"href":"https:\/\/www.europesays.com\/de\/wp-json\/wp\/v2\/types\/post"}],"author":[{"embeddable":true,"href":"https:\/\/www.europesays.com\/de\/wp-json\/wp\/v2\/users\/2"}],"replies":[{"embeddable":true,"href":"https:\/\/www.europesays.com\/de\/wp-json\/wp\/v2\/comments?post=1072195"}],"version-history":[{"count":0,"href":"https:\/\/www.europesays.com\/de\/wp-json\/wp\/v2\/posts\/1072195\/revisions"}],"wp:featuredmedia":[{"embeddable":true,"href":"https:\/\/www.europesays.com\/de\/wp-json\/wp\/v2\/media\/1072196"}],"wp:attachment":[{"href":"https:\/\/www.europesays.com\/de\/wp-json\/wp\/v2\/media?parent=1072195"}],"wp:term":[{"taxonomy":"category","embeddable":true,"href":"https:\/\/www.europesays.com\/de\/wp-json\/wp\/v2\/categories?post=1072195"},{"taxonomy":"post_tag","embeddable":true,"href":"https:\/\/www.europesays.com\/de\/wp-json\/wp\/v2\/tags?post=1072195"}],"curies":[{"name":"wp","href":"https:\/\/api.w.org\/{rel}","templated":true}]}}