{"id":1072214,"date":"2026-06-05T16:41:16","date_gmt":"2026-06-05T16:41:16","guid":{"rendered":"https:\/\/www.europesays.com\/de\/1072214\/"},"modified":"2026-06-05T16:41:16","modified_gmt":"2026-06-05T16:41:16","slug":"moenchengladbacher-bei-schwerem-unfall-in-cappeln-verletzt","status":"publish","type":"post","link":"https:\/\/www.europesays.com\/de\/1072214\/","title":{"rendered":"M\u00f6nchengladbacher bei schwerem Unfall in Cappeln verletzt"},"content":{"rendered":"<p class=\"text_ohne_einzug richtext text-em-55 !leading-serif mx-6 desktop:mx-0\"> Bei einem Verkehrsunfall auf der <a href=\"https:\/\/rp-online.de\/thema\/a1\/\" rel=\"nofollow noopener\" target=\"_blank\">A1<\/a> ist ein M\u00f6nchengladbacher leicht verletzt worden. Der 45-J\u00e4hrige soll mit einem Kleintransporter ungebremst auf einen Sattelzug aufgefahren sein, berichtet die zust\u00e4ndige Polizeiinspektion Delmenhorst. Urs\u00e4chlich f\u00fcr den Unfall k\u00f6nnte demnach ein Sekundenschlaf gewesen sein.<\/p>\n<p class=\"richtext text-em-55 !leading-serif mx-6 desktop:mx-0\">Der Zusammensto\u00df ereignete sich am Donnerstag, 4.\u2005Juni, gegen 5\u2005Uhr auf der Autobahn bei Cappeln \u2013 eine Einheitsgemeinde im nieders\u00e4chsischen Landkreis Cloppenburg. Der M\u00f6nchengladbacher war in Richtung Hamburg unterwegs, als er zwischen den Anschlussstellen Vechta und Cloppenburg in den Sattelzug eines 51-j\u00e4hrigen Mannes aus Hagen fuhr. Laut der Polizei wurde der 45-J\u00e4hrige nur leicht verletzt. Er habe zudem auf eine medizinische Behandlung verzichtet.<\/p>\n<p class=\"richtext text-em-55 !leading-serif mx-6 desktop:mx-0\">An dem Kleintransporter entstanden erhebliche Sch\u00e4den, die die Beh\u00f6rde auf mindestens 10.000\u2005Euro sch\u00e4tzt. Eine Weiterfahrt war nach dem Unfall nicht m\u00f6glich. Ein Foto des Fahrzeugs zeigt, dass die komplette rechte Front inklusive der Motorhaube und der Scheibe demoliert ist. Die Sch\u00e4den am Sattelanh\u00e4nger beziffert die Polizei mit etwa 5000\u2005Euro.<\/p>\n<p class=\"richtext text-em-55 !leading-serif mx-6 desktop:mx-0\">Aufgrund von Zeugenaussagen besteht der Verdacht, dass der M\u00f6nchengladbacher w\u00e4hrend der Fahrt eingeschlafen sein und dadurch den Unfall verursacht haben k\u00f6nnte. Deshalb hat die Polizei ein Ermittlungsverfahren wegen der Gef\u00e4hrdung des Stra\u00dfenverkehrs gegen ihn eingeleitet.<\/p>\n","protected":false},"excerpt":{"rendered":"Bei einem Verkehrsunfall auf der A1 ist ein M\u00f6nchengladbacher leicht verletzt worden. Der 45-J\u00e4hrige soll mit einem Kleintransporter&hellip;\n","protected":false},"author":2,"featured_media":1072215,"comment_status":"","ping_status":"","sticky":false,"template":"","format":"standard","meta":{"footnotes":"","_share_on_mastodon":"0"},"categories":[1849],"tags":[5543,10532,228278,3364,29,79099,28007,6212,548,663,3934,30,13,4455,14,15,1209,13122,4936,12,1284,143589,15133,3260],"class_list":["post-1072214","post","type-post","status-publish","format-standard","has-post-thumbnail","category-moenchengladbach","tag-autobahn","tag-autobahnpolizei","tag-cappeln-oldenburg","tag-de","tag-deutschland","tag-eingeleitet","tag-entstanden","tag-ermittlungsverfahren","tag-eu","tag-europa","tag-europe","tag-germany","tag-headlines","tag-moenchengladbach","tag-nachrichten","tag-news","tag-nordrhein-westfalen","tag-sachschaden","tag-schaden","tag-schlagzeilen","tag-unfall","tag-unfallverursacher","tag-ursache","tag-verkehrsunfall"],"share_on_mastodon":{"url":"https:\/\/pubeurope.com\/@de\/116698499673054701","error":""},"_links":{"self":[{"href":"https:\/\/www.europesays.com\/de\/wp-json\/wp\/v2\/posts\/1072214","targetHints":{"allow":["GET"]}}],"collection":[{"href":"https:\/\/www.europesays.com\/de\/wp-json\/wp\/v2\/posts"}],"about":[{"href":"https:\/\/www.europesays.com\/de\/wp-json\/wp\/v2\/types\/post"}],"author":[{"embeddable":true,"href":"https:\/\/www.europesays.com\/de\/wp-json\/wp\/v2\/users\/2"}],"replies":[{"embeddable":true,"href":"https:\/\/www.europesays.com\/de\/wp-json\/wp\/v2\/comments?post=1072214"}],"version-history":[{"count":0,"href":"https:\/\/www.europesays.com\/de\/wp-json\/wp\/v2\/posts\/1072214\/revisions"}],"wp:featuredmedia":[{"embeddable":true,"href":"https:\/\/www.europesays.com\/de\/wp-json\/wp\/v2\/media\/1072215"}],"wp:attachment":[{"href":"https:\/\/www.europesays.com\/de\/wp-json\/wp\/v2\/media?parent=1072214"}],"wp:term":[{"taxonomy":"category","embeddable":true,"href":"https:\/\/www.europesays.com\/de\/wp-json\/wp\/v2\/categories?post=1072214"},{"taxonomy":"post_tag","embeddable":true,"href":"https:\/\/www.europesays.com\/de\/wp-json\/wp\/v2\/tags?post=1072214"}],"curies":[{"name":"wp","href":"https:\/\/api.w.org\/{rel}","templated":true}]}}