{"id":1072352,"date":"2026-06-05T17:58:18","date_gmt":"2026-06-05T17:58:18","guid":{"rendered":"https:\/\/www.europesays.com\/de\/1072352\/"},"modified":"2026-06-05T17:58:18","modified_gmt":"2026-06-05T17:58:18","slug":"habe-mich-immer-an-helmut-kohl-orientiert-merkel-verteidigt-regierungsarbeit-und-stichelt-gegen-merz","status":"publish","type":"post","link":"https:\/\/www.europesays.com\/de\/1072352\/","title":{"rendered":"\u201eHabe mich immer an Helmut Kohl orientiert\u201c: Merkel verteidigt Regierungsarbeit\u00a0\u2013 und stichelt gegen Merz"},"content":{"rendered":"<p class=\"tspBQl7 tspBQl8\">Die fr\u00fchere <strong>Bundeskanzlerin Angela Merkel<\/strong> hat die <a href=\"https:\/\/www.tagesspiegel.de\/politik\/nicht-relevant-kanzleramt-bemuht-sich-um-ende-der-merz-debatte-15654450.html?icid=in-text-link_15684747\" class=\"link link--internal\" data-gtm-class=\"article-text-link\" data-gtm-val=\"internal\" rel=\"nofollow noopener\" target=\"_blank\">Regierung von Friedrich Merz (beide CDU)<\/a> gegen die Kritik verteidigt, dass vieles zu langsam gehe. \u201eDiese Regierung ist vor gut einem Jahr ins Amt gekommen\u201c, sagte sie der \u201eFrankfurter Allgemeinen Sonntagszeitung\u201c. \u201eSie hat Haushalte beschlossen, fundamentale Entscheidungen getroffen, was die Verteidigungsausgaben und was die Infrastruktur anbelangt. Sie hat interessante Elemente, auch im Rentenbereich, eingef\u00fchrt, etwa die Fr\u00fchstartrente.\u201c Es sei einfach nicht richtig, dass nichts passiert sei.<\/p>\n<p class=\"tspBQl7\">Auf die Frage, ob sie es der Regierung zutraue, dass sie die erforderlichen Reformen, etwa der Rentenversicherung, durchbringe, sagte sie: \u201eJa. Ich nenne nur mal das Beispiel der Gesundheitsreform. Da verl\u00e4uft die Diskussion nach meiner Beobachtung gut.\u201c Merkel warnte aber davor, zu hohe Erwartungen zu wecken. <\/p>\n<p class=\"tspBQl7\">\u201eSchon zu meiner Zeit ist die gesamte politische Debatte vor allem durch die sozialen Medien hektischer geworden\u201c, erkl\u00e4rte sie. \u201eGerade in einer solchen Stimmung ist es ein Fehler, Erwartungen zu wecken, die sich nicht erf\u00fcllen. Diesen Fehler habe ich selbst auch schon gemacht.\u201c<\/p>\n<p> Historisch schlechte Beliebtheitswerte f\u00fcr Kanzler Merz <\/p>\n<p class=\"tspBQl7\">Umfragen hatten zuletzt eine zunehmende Unzufriedenheit in der Bev\u00f6lkerung mit der Arbeit der schwarz-roten Bundesregierung und historisch schlechte <a href=\"https:\/\/interaktiv.tagesspiegel.de\/lab\/regierungschefs-im-vergleich-merz-unbeliebter-als-trump-macron-wie-kann-das-sein-umfragedaten-analyse\/?icid=in-text-link_15684747\" class=\"link link--internal\" data-gtm-class=\"article-text-link\" data-gtm-val=\"internal\" rel=\"nofollow noopener\" target=\"_blank\">Beliebtheitswerte des Kanzlers<\/a> gezeigt.<\/p>\n<p class=\"tspBQl7\">Mit Blick auf ihre eigene Regierungszeit lie\u00df Merkel Selbstkritik erkennen\u00a0\u2013 etwa beim Thema Verteidigungsausgaben. Man habe zwar immer wieder Aufw\u00fcchse gehabt. \u201eR\u00fcckblickend betrachtet waren wir dabei aber nicht schnell genug.\u201c <\/p>\n<p class=\"tspBQl7\">Zudem r\u00e4umte die fr\u00fchere Bundeskanzlerin ein: \u201eIch bin sehr unzufrieden gewesen mit der Geschwindigkeit der Digitalisierung. Da hatten wir uns sehr viel mehr vorgenommen, aber das durchzusetzen, ist im Rahmen unserer f\u00f6deralen Strukturen extrem schwierig.\u201c<\/p>\n<p class=\"tspBQl7\">Merz hatte k\u00fcrzlich beklagt, dass kein Kanzler vor ihm<strong> solche Anfeindungen in den sozialen Medien habe ertragen m\u00fcssen<\/strong> wie er. Merkel meinte dazu: \u201eIch habe mich immer an Helmut Kohl orientiert. Der hat gesagt, dass ihn keiner gezwungen hat, diese Arbeit zu machen. In der Arbeitsbeschreibung f\u00fcr einen Kanzler oder eine Kanzlerin enthalten sind tolle Erlebnisse, aber ebenso Sachen, die man ertragen muss.\u201c Man brauche f\u00fcr die Arbeit eine \u201einnere Zufriedenheit, eine gewisse Standfestigkeit und ein weites Herz\u201c.<\/p>\n<p> Merkel will kein Amt mehr <\/p>\n<p class=\"tspBQl7\">Den Gedanken, selbst noch einmal ein politisches Amt anzustreben, habe sie nicht. \u201eHinter mir liegt ein wirklich erf\u00fclltes politisches Leben. Die Kraft, die Spannkraft und die Neugierde f\u00fcr neue \u00c4mter habe ich nicht\u201c, sagte Merkel. Was da manchmal \u201eherumgeistert\u201c, das seien \u201eSpielereien\u201c. <\/p>\n<p>Lesen Sie auch<a href=\"https:\/\/www.tagesspiegel.de\/politik\/geruchte-uber-plane-fur-kanzlerwechsel-merz-und-wust--eine-vertrackte-beziehung-15648288.html?icid=topic-list_15684747___\" data-gtm-class=\"article-mzt-link\" data-hydrate-fingerprint=\"09740a54944caac75fd2c0c63fd5c5df\" data-hydrate-props=\"{&amp;escapedquot;element&amp;escapedquot;:{&amp;escapedquot;type&amp;escapedquot;:&amp;escapedquot;relatedContent&amp;escapedquot;,&amp;escapedquot;fieldMap&amp;escapedquot;:{},&amp;escapedquot;relation&amp;escapedquot;:{&amp;escapedquot;fields&amp;escapedquot;:{&amp;escapedquot;isPaid&amp;escapedquot;:true},&amp;escapedquot;href&amp;escapedquot;:&amp;escapedquot;\/politik\/geruchte-uber-plane-fur-kanzlerwechsel-merz-und-wust--eine-vertrackte-beziehung-15648288.html&amp;escapedquot;,&amp;escapedquot;teaserTitle&amp;escapedquot;:{&amp;escapedquot;kicker&amp;escapedquot;:&amp;escapedquot;Ger\u00fcchte \u00fcber Pl\u00e4ne f\u00fcr Kanzlerwechsel&amp;escapedquot;,&amp;escapedquot;headline&amp;escapedquot;:&amp;escapedquot;Merz und W\u00fcst \u2013 eine vertrackte Beziehung&amp;escapedquot;},&amp;escapedquot;id&amp;escapedquot;:&amp;escapedquot;15648288&amp;escapedquot;,&amp;escapedquot;type&amp;escapedquot;:&amp;escapedquot;story&amp;escapedquot;},&amp;escapedquot;isPartOfList&amp;escapedquot;:true,&amp;escapedquot;topicListType&amp;escapedquot;:&amp;escapedquot;topic-list&amp;escapedquot;},&amp;escapedquot;showArrow&amp;escapedquot;:true}\" data-hydrate-slots=\"{&#039;default&#039;:[]}\" class=\"tspDBrr tspDArp\" rel=\"nofollow noopener\" target=\"_blank\">Ger\u00fcchte \u00fcber Pl\u00e4ne f\u00fcr Kanzlerwechsel Merz und W\u00fcst \u2013 eine vertrackte Beziehung <\/a><a href=\"https:\/\/www.tagesspiegel.de\/politik\/unter-angela-merkel-ware-das-nicht-passiert-wechselgeruchte-beschadigen-friedrich-merz-weiter-15645694.html?icid=topic-list_15684747___\" data-gtm-class=\"article-mzt-link\" data-hydrate-fingerprint=\"09740a54944caac75fd2c0c63fd5c5df\" data-hydrate-props=\"{&amp;escapedquot;element&amp;escapedquot;:{&amp;escapedquot;type&amp;escapedquot;:&amp;escapedquot;relatedContent&amp;escapedquot;,&amp;escapedquot;fieldMap&amp;escapedquot;:{},&amp;escapedquot;relation&amp;escapedquot;:{&amp;escapedquot;fields&amp;escapedquot;:{&amp;escapedquot;isPaid&amp;escapedquot;:true},&amp;escapedquot;href&amp;escapedquot;:&amp;escapedquot;\/politik\/unter-angela-merkel-ware-das-nicht-passiert-wechselgeruchte-beschadigen-friedrich-merz-weiter-15645694.html&amp;escapedquot;,&amp;escapedquot;teaserTitle&amp;escapedquot;:{&amp;escapedquot;kicker&amp;escapedquot;:&amp;escapedquot;\u201eUnter Angela Merkel w\u00e4re das nicht passiert\u201c&amp;escapedquot;,&amp;escapedquot;headline&amp;escapedquot;:&amp;escapedquot;Die Wechselger\u00fcchte besch\u00e4digen Friedrich Merz weiter&amp;escapedquot;},&amp;escapedquot;id&amp;escapedquot;:&amp;escapedquot;15645694&amp;escapedquot;,&amp;escapedquot;type&amp;escapedquot;:&amp;escapedquot;story&amp;escapedquot;},&amp;escapedquot;isPartOfList&amp;escapedquot;:true,&amp;escapedquot;topicListType&amp;escapedquot;:&amp;escapedquot;topic-list&amp;escapedquot;},&amp;escapedquot;showArrow&amp;escapedquot;:true}\" data-hydrate-slots=\"{&#039;default&#039;:[]}\" class=\"tspDBrr tspDArp\" rel=\"nofollow noopener\" target=\"_blank\">\u201eUnter Angela Merkel w\u00e4re das nicht passiert\u201c Die Wechselger\u00fcchte besch\u00e4digen Friedrich Merz weiter <\/a><a href=\"https:\/\/www.tagesspiegel.de\/politik\/merkel-auf-der-republica-wir-werden-irre-wenn-wir-nicht-mehr-wissen-was-wahr-ist-15609246.html?icid=topic-list_15684747___\" data-gtm-class=\"article-mzt-link\" data-hydrate-fingerprint=\"09740a54944caac75fd2c0c63fd5c5df\" data-hydrate-props=\"{&amp;escapedquot;element&amp;escapedquot;:{&amp;escapedquot;type&amp;escapedquot;:&amp;escapedquot;relatedContent&amp;escapedquot;,&amp;escapedquot;fieldMap&amp;escapedquot;:{},&amp;escapedquot;relation&amp;escapedquot;:{&amp;escapedquot;fields&amp;escapedquot;:{&amp;escapedquot;isPaid&amp;escapedquot;:true},&amp;escapedquot;href&amp;escapedquot;:&amp;escapedquot;\/politik\/merkel-auf-der-republica-wir-werden-irre-wenn-wir-nicht-mehr-wissen-was-wahr-ist-15609246.html&amp;escapedquot;,&amp;escapedquot;teaserTitle&amp;escapedquot;:{&amp;escapedquot;kicker&amp;escapedquot;:&amp;escapedquot;Merkel auf der Republica&amp;escapedquot;,&amp;escapedquot;headline&amp;escapedquot;:&amp;escapedquot;\u201eWir werden irre, wenn wir nicht mehr wissen, was wahr ist\u201c&amp;escapedquot;},&amp;escapedquot;id&amp;escapedquot;:&amp;escapedquot;15609246&amp;escapedquot;,&amp;escapedquot;type&amp;escapedquot;:&amp;escapedquot;story&amp;escapedquot;},&amp;escapedquot;isPartOfList&amp;escapedquot;:true,&amp;escapedquot;topicListType&amp;escapedquot;:&amp;escapedquot;topic-list&amp;escapedquot;},&amp;escapedquot;showArrow&amp;escapedquot;:true}\" data-hydrate-slots=\"{&#039;default&#039;:[]}\" class=\"tspDBrr tspDArp\" rel=\"nofollow noopener\" target=\"_blank\">Merkel auf der Republica \u201eWir werden irre, wenn wir nicht mehr wissen, was wahr ist\u201c <\/a><\/p>\n<p class=\"tspBQl7\">\u201eDas sind manchmal auch \u00e4rgerliche Spielereien. Man muss sich ja nicht sch\u00e4men, wenn einer sich mich auch als Bundespr\u00e4sidentin vorstellen kann. Aber es liegt auch eine kleine Unernsthaftigkeit darin. Und so sollte nicht \u00fcber das oberste Staatsamt gesprochen werden\u201c, betonte Merkel.  <\/p>\n<p class=\"tspBQl7\">Sie wies auch \u00dcberlegungen zur\u00fcck, sie k\u00f6nne im russisch-ukrainischen Konflikt vermitteln. \u201eMan kann, das wei\u00df ich aus meiner Erfahrung, mit dem russischen Pr\u00e4sidenten nur verhandeln, wenn man mit politischer Macht ausgestattet ist, die in der Demokratie auf Zeit vergeben wird.\u201c (dpa)<\/p>\n","protected":false},"excerpt":{"rendered":"Die fr\u00fchere Bundeskanzlerin Angela Merkel hat die Regierung von Friedrich Merz (beide CDU) gegen die Kritik verteidigt, dass&hellip;\n","protected":false},"author":2,"featured_media":1072353,"comment_status":"","ping_status":"","sticky":false,"template":"","format":"standard","meta":{"footnotes":"","_share_on_mastodon":"0"},"categories":[2],"tags":[7015,1173,31,29,775,30,13,44123,14,15,379,12,10,8,9,11],"class_list":["post-1072352","post","type-post","status-publish","format-standard","has-post-thumbnail","category-deutschland","tag-angela-merkel","tag-bundesregierung","tag-cdu","tag-deutschland","tag-friedrich-merz","tag-germany","tag-headlines","tag-helmut-kohl","tag-nachrichten","tag-news","tag-rente","tag-schlagzeilen","tag-top-news","tag-top-meldungen","tag-topmeldungen","tag-topnews"],"share_on_mastodon":{"url":"https:\/\/pubeurope.com\/@de\/116698802432161725","error":""},"_links":{"self":[{"href":"https:\/\/www.europesays.com\/de\/wp-json\/wp\/v2\/posts\/1072352","targetHints":{"allow":["GET"]}}],"collection":[{"href":"https:\/\/www.europesays.com\/de\/wp-json\/wp\/v2\/posts"}],"about":[{"href":"https:\/\/www.europesays.com\/de\/wp-json\/wp\/v2\/types\/post"}],"author":[{"embeddable":true,"href":"https:\/\/www.europesays.com\/de\/wp-json\/wp\/v2\/users\/2"}],"replies":[{"embeddable":true,"href":"https:\/\/www.europesays.com\/de\/wp-json\/wp\/v2\/comments?post=1072352"}],"version-history":[{"count":0,"href":"https:\/\/www.europesays.com\/de\/wp-json\/wp\/v2\/posts\/1072352\/revisions"}],"wp:featuredmedia":[{"embeddable":true,"href":"https:\/\/www.europesays.com\/de\/wp-json\/wp\/v2\/media\/1072353"}],"wp:attachment":[{"href":"https:\/\/www.europesays.com\/de\/wp-json\/wp\/v2\/media?parent=1072352"}],"wp:term":[{"taxonomy":"category","embeddable":true,"href":"https:\/\/www.europesays.com\/de\/wp-json\/wp\/v2\/categories?post=1072352"},{"taxonomy":"post_tag","embeddable":true,"href":"https:\/\/www.europesays.com\/de\/wp-json\/wp\/v2\/tags?post=1072352"}],"curies":[{"name":"wp","href":"https:\/\/api.w.org\/{rel}","templated":true}]}}