{"id":1072499,"date":"2026-06-05T19:24:34","date_gmt":"2026-06-05T19:24:34","guid":{"rendered":"https:\/\/www.europesays.com\/de\/1072499\/"},"modified":"2026-06-05T19:24:34","modified_gmt":"2026-06-05T19:24:34","slug":"kieler-woche-2026-das-programm-und-die-konzert-highlights","status":"publish","type":"post","link":"https:\/\/www.europesays.com\/de\/1072499\/","title":{"rendered":"Kieler Woche 2026: Das Programm und die Konzert-Highlights"},"content":{"rendered":"<p>\n                Stand: 05.06.2026 19:12 Uhr<\/p>\n<p class=\"preface\">Eine vollgepackte Woche mit rund 500 Konzerten und viel weiterem Programm erwartet die Besucher der Kieler Woche 2026 vom 19. bis zum 28. Juni. Alle Highlights im \u00dcberblick.<\/p>\n<p class=\"textauthor\">von Alexander Scheck<\/p>\n<p class=\"\">Auch in diesem Jahr wird auf der Kieler Woche wieder ein abwechslungsreiches Musikprogramm geboten. Knapp 20 B\u00fchnen wird es insgesamt geben, die meisten Konzerte sind wie immer kostenlos.<\/p>\n<p>    B\u00fchnen-Lageplan zur Kieler Woche 2026<\/p>\n<p>    Er\u00f6ffnung auf der Rathausb\u00fchne<\/p>\n<p class=\"\">Offiziell startet die Kieler Woche am Sonnabend (20.6.) mit der Er\u00f6ffnungszeremonie auf der Rathausb\u00fchne. Ehrengast ist dieses Jahr Bundespr\u00e4sident Frank-Walter Steinmeier. Gemeinsam mit dem neuen Oberb\u00fcrgermeister Samet Yilmaz (Gr\u00fcne) wird er um 19 Uhr die KiWo 2026 er\u00f6ffnen. Direkt danach spielt 80er-Star Markus und im Anschluss startet ein Public Viewing des WM-Spiels Deutschland gegen Elfenbeink\u00fcste.<\/p>\n<p>    NDR pr\u00e4sentiert an vier Tagen das Programm<\/p>\n<p class=\"\">Es ist seit Jahren Tradition, schon am Freitag (19.6.) vor dem offiziellen Start mit einem &#8222;Soundcheck&#8220; in die KiWo reinzufeiern. Um 20.15 Uhr k\u00f6nnen alle, die sich trauen, beim Karaoke-Konzert &#8222;Kiel Singt&#8220; mitmachen. Danach spielt das Elektropop-Duo Glasperlenspiel.<\/p>\n<p>                    <a href=\"https:\/\/www.europesays.com\/de\/wp-content\/uploads\/2026\/06\/kiwo-182.webp\" class=\"zoomimage\" title=\"Bild vergr\u00f6\u00dfern\"><\/p>\n<p>        <img decoding=\"async\" src=\"https:\/\/www.europesays.com\/de\/wp-content\/uploads\/2026\/06\/kiwo-182.webp\" alt=\"Alice Merton bei einem Konzert\" title=\"Alice Merton konnte mit ihrem Hit &quot;No Roots&quot; schon die Amerikanischen Billboard Charts erobern. | IMAGO\" class=\"responsive\" loading=\"lazy\"\/><\/p>\n<p>                    <\/a><\/p>\n<p>                    Alice Merton konnte mit ihrem Hit &#8222;No Roots&#8220; schon die Amerikanischen Billboard Charts erobern.<\/p>\n<p class=\"\">Ein Highlight am Dienstag (23.6) d\u00fcrfte der Auftritt von Alice Merton werden. Mit ihrem Indiepop ist die Musikerin l\u00e4ngst international erfolgreich. Manche kennen sie vielleicht aus der Jury von &#8222;The Voice of Germany&#8220;. Sie spielt um 22.15 Uhr auf der Rathausb\u00fchne, pr\u00e4sentiert vom NDR.<\/p>\n<p>    Mix aus Nostalgie und Moderne auf der F\u00f6rdeb\u00fchne<\/p>\n<p>                    <a href=\"https:\/\/www.europesays.com\/de\/wp-content\/uploads\/2026\/06\/kiwo-184.webp\" class=\"zoomimage\" title=\"Bild vergr\u00f6\u00dfern\"><\/p>\n<p>        <img decoding=\"async\" src=\"https:\/\/www.europesays.com\/de\/wp-content\/uploads\/2026\/06\/kiwo-184.webp\" alt=\"Max Giesinger bei einem Konzert\" title=\"Max Giesinger plant, nach diesem Sommer eine Konzertpause einzulegen. Bei der KiWo kann man ihn noch erwischen. | IMAGO\" class=\"responsive\" loading=\"lazy\"\/><\/p>\n<p>                    <\/a><\/p>\n<p>                    Max Giesinger plant, nach diesem Sommer eine Konzertpause einzulegen. Bei der KiWo kann man ihn noch erwischen.<\/p>\n<p class=\"\">Eine Mischung aus ganz frischen Stimmen, wie denen von Rapper FAYAN (20.06. &#8211; 18.30 Uhr) und S\u00e4ngerin Loi (21.06. &#8211; 19 Uhr) sowie Klassikern aus den 80er und 90ern gibt es auf der F\u00f6rdeb\u00fchne zu h\u00f6ren. Wiederkehrende G\u00e4ste sind hier Max Giesinger (25.6. &#8211; 20 Uhr) und Michael Schulte (28.6. &#8211; 21 Uhr). Wer in den 80ern gro\u00df geworden ist, d\u00fcrfte sich vor allem auch auf Nik Kershaw (22.6. &#8211; 21 Uhr) freuen. Wer hingegen Eurodance aus den 90ern vermisst, darf Culture Beat (26.6. &#8211; 21 Uhr) mit ihrem Hit Mr. Vain nicht verpassen.<\/p>\n<p>    Freilichtb\u00fchne Krusenkoppel<\/p>\n<p>                    <a href=\"https:\/\/www.europesays.com\/de\/wp-content\/uploads\/2026\/06\/kiwo-176.webp\" class=\"zoomimage\" title=\"Bild vergr\u00f6\u00dfern\"><\/p>\n<p>        <img decoding=\"async\" src=\"https:\/\/www.europesays.com\/de\/wp-content\/uploads\/2026\/06\/kiwo-176.webp\" alt=\"Die K\u00fcnstlerin Macy Gray bei einem Konzert\" title=\"Macy Grays wohl bekanntester Hit ist &quot;I try&quot;, sie hat aber auch schon mit den Black Eyed Peas zusammengearbeitet. | IMAGO\" class=\"responsive\" loading=\"lazy\"\/><\/p>\n<p>                    <\/a><\/p>\n<p>                    Macy Grays wohl bekanntester Hit ist &#8222;I try&#8220;, sie hat aber auch schon mit den Black Eyed Peas zusammengearbeitet.<\/p>\n<p class=\"\">Hier finden im Rahmen von &#8222;Gewaltig Leise&#8220; auch in diesem Jahr viele spannende Konzerte statt. Der Eintritt kostet hier allerdings Geld und um Tickets sollte man sich im Vorfeld bem\u00fchen. Zwei besondere Highlights in diesem Jahr: RnB-S\u00e4ngerin Macy Gray (23.6. &#8211; 20.30 Uhr) und der Souls\u00e4nger Gregory Porter (26.6. &#8211; 20.30 Uhr).<\/p>\n<p>    Harte T\u00f6ne im Rockcamp<\/p>\n<p>                    <a href=\"https:\/\/www.europesays.com\/de\/wp-content\/uploads\/2026\/06\/kiwo-234.webp\" class=\"zoomimage\" title=\"Bild vergr\u00f6\u00dfern\"><\/p>\n<p>        <img decoding=\"async\" src=\"https:\/\/www.europesays.com\/de\/wp-content\/uploads\/2026\/06\/kiwo-234.webp\" alt=\"Die Band Earthbong bei einem Konzert\" title=\"Langsamer, schwerer und rauer als bei Earthbong aus Kiel wird es auf der Kieler Woche nicht werden. | Lauren Rote\" class=\"responsive\" loading=\"lazy\"\/><\/p>\n<p>                    <\/a><\/p>\n<p>                    Langsamer, schwerer und rauer als bei Earthbong aus Kiel wird es auf der Kieler Woche nicht werden.<\/p>\n<p class=\"\">Hier versammeln sich alle, die im Zeichen der Pommesgabel geboren wurden. Zu den Highlights im Rockcamp z\u00e4hlen die finnische Band The Rasmus (21.6 &#8211; 21 Uhr), das Kieler Doom-Metal-Trio Earthbong (22.6. &#8211; 19 Uhr) und die alten Hasen von Fury in the Slaughterhouse (28.6. &#8211; 21 Uhr).<\/p>\n<p>    Der &#8222;Muddi Markt&#8220;: DJ-Sets, Workshops, Lesungen<\/p>\n<p class=\"\">Die Crew vom &#8222;Muddi Markt&#8220; verwandelt das Gel\u00e4nde vor der Sparkasse am Lorentzendamm auch in diesem Jahr wieder zum entspannten Wohnzimmer auf der KiWo. Hier gibt es die ganze Woche \u00fcber Workshops, Lesungen und Konzerte und DJ-Sets.<\/p>\n<p>    Malle-B\u00fchne Asmus-Bremer-Platz<\/p>\n<p>                    <a href=\"https:\/\/www.europesays.com\/de\/wp-content\/uploads\/2026\/06\/kiwo-190.webp\" class=\"zoomimage\" title=\"Bild vergr\u00f6\u00dfern\"><\/p>\n<p>        <img decoding=\"async\" src=\"https:\/\/www.europesays.com\/de\/wp-content\/uploads\/2026\/06\/kiwo-190.webp\" alt=\"Die S\u00e4ngerin Isi Gl\u00fcck bei einem Konzert\" title=\"Isi Gl\u00fcck ist geb\u00fcrtige Schleswig-Holsteinerin, die Partyschlagers\u00e4ngerin kommt aus Elmshorn.  | IMAGO\" class=\"responsive\" loading=\"lazy\"\/><\/p>\n<p>                    <\/a><\/p>\n<p>                    Isi Gl\u00fcck ist geb\u00fcrtige Schleswig-Holsteinerin, die Partyschlagers\u00e4ngerin kommt aus Elmshorn. <\/p>\n<p class=\"\">Seit diese B\u00fchne dazugekommen ist, gibt es Malle zweimal im Jahr. F\u00fcr alle, die von Partysongs nicht genug kriegen k\u00f6nnen, sind hier Acts wie Isi Gl\u00fcck (21.6. &#8211; 19 Uhr) live zu erleben.<\/p>\n<p>    Blaupark am Ostufer<\/p>\n<p class=\"\">Neu ist in diesem Jahr das Areal im Sport- und Begegnungspark Gaarden. Hier gibt es 2026 erstmals durchgehend Programm mit Workshops, DJs und Konzerten. Am Sonnabend (27.6) spielt Rapperin Antifuchs um 20.30 Uhr.<\/p>\n<p>    Segelwettbewerbe als Probe f\u00fcr Olympia<\/p>\n<p class=\"\">Auch wenn das Referendum in Hamburg den gemeinsamen Olympiapl\u00e4nen mit Kiel einen Strich durch die Rechnung gemacht hat, m\u00f6chte sich die Landeshauptstadt von ihrer besten Seite als Sportst\u00e4tte zeigen. Kiel hat ja <a href=\"https:\/\/www.ndr.de\/nachrichten\/schleswig-holstein\/olympia-in-sh-kiel-nach-wie-vor-als-segel-standort-im-rennen,olympia-724.html\" title=\"Olympia in SH? Kiel nach wie vor als Segel-Standort im Rennen\" rel=\"nofollow noopener\" target=\"_blank\">f\u00fcr Olympia noch weitere m\u00f6gliche Partner<\/a>. Zur KiWo werden viele G\u00e4ste der Bewerber M\u00fcnchen und &#8222;K\u00f6lnRheinRuhr&#8220; erwartet.<\/p>\n<p class=\"\">Die Veranstalter versprechen hochkar\u00e4tige Segelwettbewerbe in der &#8222;Sailing Arena&#8220; in Schilksee. In der Kieler Bucht segeln dieses Jahr Jachten mit Teilnehmerinnen und Teilnehmern aus mehr als 50 Nationen in 21 Bootsklassen. Zum ersten Mal sollen am Mittwoch (24.6), dem Finaltag der olympischen Disziplinen, auch zwei kurze Medaillenrennen stattfinden.<\/p>\n<p>    Wissenschaft, Windjammerparade und Abschlussfeuerwerk<\/p>\n<p class=\"\">Wie immer gibt es neben den Segelwettbewerben und Konzerten auch zahlreiche andere Programmpunkte. Ein besonderer Fokus liegt dieses Jahr auf dem Thema Wissenschaft. Im Rahmen des Programms &#8222;Science Comes to Town&#8220; soll die Stadt zum Erlebnisraum werden. Spielerisches Lernen steht dabei im Vordergrund, \u00fcberall in der Stadt werden dazu Stationen aufgebaut. Ganz frei spielen, basteln und bauen d\u00fcrfen die Kleinen wie immer auf der Spiellinie an der Krusenkoppel.<\/p>\n<p class=\"\">Die Windjammerparade ist f\u00fcr Sonnabend, den 27.6, um 11 Uhr geplant. Eine Besonderheit in diesem Jahr: Erstmals wird es ein offizielles Kieler-Woche-Schiff geben. Diese Rolle \u00fcbernimmt der traditionsreiche Gro\u00dfsegler Mare Frisium, der in diesem Jahr sein 110. Jubil\u00e4um feiert. Und nicht fehlen darf nat\u00fcrlich das gro\u00dfe Abschlussfeuerwerk, das die F\u00f6rde am Sonntagabend (28.6.) zum Leuchten bringen wird.<\/p>\n<p>        <img decoding=\"async\" src=\"https:\/\/www.europesays.com\/de\/wp-content\/uploads\/2026\/06\/kielerwoche3834.webp\" alt=\"Volle Kieler Woche an der Kiellinie.\" title=\"Volle Kieler Woche an der Kiellinie. | NDR, Thomas Viet Dang\" class=\"responsive\" loading=\"lazy\"\/><\/p>\n<p>Zur n\u00e4chsten Kieler Woche sollen ausgewiesene Safe Spaces f\u00fcr mehr Sicherheit sorgen. Das fordern Gr\u00fcne und SPD.<\/p>\n<p>        <img decoding=\"async\" src=\"https:\/\/www.europesays.com\/de\/wp-content\/uploads\/2026\/06\/kiwo-146.webp\" alt=\"Ein Entwurf f\u00fcr das Kieler Woche Design 2026.\" title=\"Ein Entwurf f\u00fcr das Kieler Woche Design 2026. | Landeshauptstadt Kiel, Erik Brandt\" class=\"responsive\" loading=\"lazy\"\/><\/p>\n<p>Sechs B\u00fcros waren im Rennen. Am Ende entschied sich die Jury f\u00fcr den Entwurf eines Grafikdesigners aus den USA.<\/p>\n<p>        <img decoding=\"async\" src=\"https:\/\/www.europesays.com\/de\/wp-content\/uploads\/2026\/06\/sicherheitskonzept-102.webp\" alt=\"Polizeibeamte gehen Streife auf der Festmeile der Kieler Woche.\" title=\"Polizeibeamte gehen Streife auf der Festmeile der Kieler Woche. | picture alliance\/dpa | Frank Molter\" class=\"responsive\" loading=\"lazy\"\/><\/p>\n<p>Die Kieler Woche ist mit Millionen Besuchern das gr\u00f6\u00dfte Volksfest im Norden. Polizei und Stadt haben ihr Sicherheitskonzept vorgestellt.<\/p>\n<p>        Schlagw\u00f6rter zu diesem Artikel<\/p>\n<p>            <a href=\"https:\/\/www.ndr.de\/nachrichten\/schleswig-holstein\/Kiel-Aktuelle-Nachrichten-News-und-Videos,kiel7262.html\" rel=\"nofollow noopener\" target=\"_blank\">Kiel<\/a><\/p>\n","protected":false},"excerpt":{"rendered":"Stand: 05.06.2026 19:12 Uhr Eine vollgepackte Woche mit rund 500 Konzerten und viel weiterem Programm erwartet die Besucher&hellip;\n","protected":false},"author":2,"featured_media":1072500,"comment_status":"","ping_status":"","sticky":false,"template":"","format":"standard","meta":{"footnotes":"","_share_on_mastodon":"0"},"categories":[1852],"tags":[3364,29,548,663,3934,30,13,23948,4949,23690,52494,228308,2315,14,15,7789,12,1971,31229,69967],"class_list":["post-1072499","post","type-post","status-publish","format-standard","has-post-thumbnail","category-kiel","tag-de","tag-deutschland","tag-eu","tag-europa","tag-europe","tag-germany","tag-headlines","tag-highlights","tag-kiel","tag-kieler-woche","tag-kiwo","tag-kiwo-2026","tag-konzerte","tag-nachrichten","tag-news","tag-programm","tag-schlagzeilen","tag-schleswig-holstein","tag-segeln","tag-windjammerparade"],"share_on_mastodon":{"url":"https:\/\/pubeurope.com\/@de\/116699142071700276","error":""},"_links":{"self":[{"href":"https:\/\/www.europesays.com\/de\/wp-json\/wp\/v2\/posts\/1072499","targetHints":{"allow":["GET"]}}],"collection":[{"href":"https:\/\/www.europesays.com\/de\/wp-json\/wp\/v2\/posts"}],"about":[{"href":"https:\/\/www.europesays.com\/de\/wp-json\/wp\/v2\/types\/post"}],"author":[{"embeddable":true,"href":"https:\/\/www.europesays.com\/de\/wp-json\/wp\/v2\/users\/2"}],"replies":[{"embeddable":true,"href":"https:\/\/www.europesays.com\/de\/wp-json\/wp\/v2\/comments?post=1072499"}],"version-history":[{"count":0,"href":"https:\/\/www.europesays.com\/de\/wp-json\/wp\/v2\/posts\/1072499\/revisions"}],"wp:featuredmedia":[{"embeddable":true,"href":"https:\/\/www.europesays.com\/de\/wp-json\/wp\/v2\/media\/1072500"}],"wp:attachment":[{"href":"https:\/\/www.europesays.com\/de\/wp-json\/wp\/v2\/media?parent=1072499"}],"wp:term":[{"taxonomy":"category","embeddable":true,"href":"https:\/\/www.europesays.com\/de\/wp-json\/wp\/v2\/categories?post=1072499"},{"taxonomy":"post_tag","embeddable":true,"href":"https:\/\/www.europesays.com\/de\/wp-json\/wp\/v2\/tags?post=1072499"}],"curies":[{"name":"wp","href":"https:\/\/api.w.org\/{rel}","templated":true}]}}