{"id":1072538,"date":"2026-06-05T19:50:18","date_gmt":"2026-06-05T19:50:18","guid":{"rendered":"https:\/\/www.europesays.com\/de\/1072538\/"},"modified":"2026-06-05T19:50:18","modified_gmt":"2026-06-05T19:50:18","slug":"foltervorwuerfe-im-fokus-frankreich-ermittelt-wegen-moeglicher-gewalt-israels-gegen-gaza-aktivisten","status":"publish","type":"post","link":"https:\/\/www.europesays.com\/de\/1072538\/","title":{"rendered":"Foltervorw\u00fcrfe im Fokus: Frankreich ermittelt wegen m\u00f6glicher Gewalt Israels gegen Gaza-Aktivisten"},"content":{"rendered":"<p>Foltervorw\u00fcrfe im FokusFrankreich ermittelt wegen m\u00f6glicher Gewalt Israels gegen Gaza-Aktivisten<\/p>\n<p>05.06.2026, 21:19 Uhr <\/p>\n<p>Artikel anh\u00f6ren(03:14 min)<\/p>\n<p><img decoding=\"async\" class=\"Image_img__fQCi0 Image_Img_16_9__4BLfH widget-picture-inline_maximizable__t_E7h\" loading=\"eager\" fetchpriority=\"high\" src=\"https:\/\/www.europesays.com\/de\/wp-content\/uploads\/2026\/06\/Journalists-surround-a-member-of-the-Global-Sumud-Flotilla-headed-for-Gaza-and-arrested-and-deported.webp\" alt=\"Journalists-surround-a-member-of-the-Global-Sumud-Flotilla-headed-for-Gaza-and-arrested-and-deported-by-Israel-as-she-is-brought-out-of-a-terminal-on-a-stretcher-following-the-group-s-arrival-at-Istanbul-Airport-on-May-21-2026-The-first-of-hundreds-of-Gaza-flotilla-activists-began-arriving-at-Istanbul-airport-on-may-21-after-being-arrested-then-deported-from-Israel-an-AFP-correspondent-said-The-422-activists-who-were-flown-from-southern-Israel-on-three-planes-chartered-by-Ankara-had-been-part-of-a-fleet-of-around-50-vessels-that-set-sail-from-southern-Turkey-on-May-14-seeking-to-break-Israel-s-blockade-on-Gaza-which-was-joined-at-sea-by-several-others\"\/>Journalisten umringen eine Aktivistin, die nach der Abschiebung aus Israel medizinisch versorgt wird. (Foto: AFP)TeilenFolgen auf:<a href=\"https:\/\/www.whatsapp.com\/channel\/0029Va5cdVJD8SDp5YZgYF01\" title=\"Auf WhatsApp folgen\" target=\"_blank\" rel=\"nofollow noopener\"><img decoding=\"async\" src=\"https:\/\/www.n-tv.de\/socialIcons\/whatsapp.svg\" alt=\"whatsapp\" class=\"ArticleShare_icon__FsrC2\"\/><\/a><a href=\"https:\/\/www.google.com\/preferences\/source?q=n-tv.de\" title=\"ntv als bevorzugte Quelle auf Google hinzuf\u00fcgen\" target=\"_blank\" rel=\"nofollow noopener\"><img decoding=\"async\" src=\"https:\/\/www.n-tv.de\/socialIcons\/google.svg\" alt=\"whatsapp\" class=\"ArticleShare_icon__FsrC2\"\/><\/a><\/p>\n<p class=\"Typography_text-m__XI0da Typography_weight-bold__uT6mq storyline_lead_text_leadtext__q_wg8\">Mitte Mai segeln rund 400 Menschen aus mehreren L\u00e4ndern Richtung Gaza, um Hilfsg\u00fcter in die Krisenregion zu bringen. Die Aktivisten berichten nach ihrer Gefangennahme durch Israel von Gewalt und Erniedrigungen &#8211; nun schaltet sich die franz\u00f6sische Justiz ein.<\/p>\n<p class=\"Typography_text-default__P3otY Typography_weight-normal__pqUbH storyline_paragraph_p__qSR5N\">Frankreichs Antiterror-Staatsanwaltschaft hat wegen des umstrittenen Vorgehens Israels gegen Gaza-Aktivisten ein Ermittlungsverfahren wegen mutma\u00dflicher Folter und Kriegsverbrechen eingeleitet. Die Ermittlungen seien der Zentralstelle zur Bek\u00e4mpfung von Verbrechen gegen die Menschlichkeit \u00fcbertragen worden, teilte die Antiterror-Staatsanwaltschaft in Paris mit.<\/p>\n<p class=\"Typography_text-default__P3otY Typography_weight-normal__pqUbH storyline_paragraph_p__qSR5N\">Frankreichs Au\u00dfenminister Jean-No\u00ebl Barrot hatte die Justiz eingeschaltet, nachdem der franz\u00f6sische Generalkonsul in der T\u00fcrkei von sexueller Gewalt, Schl\u00e4gen und Erniedrigung franz\u00f6sischer Aktivisten der Gaza-Hilfsflotte gesprochen hatte. Israel bestreitet die Vorw\u00fcrfe von k\u00f6rperlicher und sexualisierter Gewalt.<\/p>\n<p class=\"Typography_text-default__P3otY Typography_weight-normal__pqUbH storyline_paragraph_p__qSR5N\">Israel hatte Mitte Mai eine aus mehr als 50 Booten bestehende Gaza-Hilfsflotte in internationalen Gew\u00e4ssern bei Zypern gestoppt. Rund 430 Aktivisten wollten die Seeblockade des Gazastreifens durchbrechen. Das israelische Au\u00dfenministerium sprach von einer &#8222;PR-Aktion im Dienste der Hamas&#8220;. Die internationalen Aktivisten wurden zun\u00e4chst nach Israel gebracht und sp\u00e4ter ausgewiesen, unter ihnen auch acht Deutsche.<\/p>\n<p>Minister sorgt f\u00fcr Emp\u00f6rung<\/p>\n<p class=\"Typography_text-default__P3otY Typography_weight-normal__pqUbH storyline_paragraph_p__qSR5N\">Mehrere Teilnehmer der Flotte hatten Gewalt und Erniedrigungen angeprangert, denen sie w\u00e4hrend ihrer Haft durch israelische Sicherheitskr\u00e4fte ausgesetzt gewesen seien. Die israelischen Kr\u00e4fte h\u00e4tten nur zum Spa\u00df <a class=\"inline_link\" href=\"https:\/\/www.n-tv.de\/politik\/Aktivisten-berichten-ueber-Misshandlung-durch-israelische-Soldaten-id30849795.html\" target=\"_blank\" rel=\"nofollow noopener\">mit Gummikugeln geschossen<\/a>, sagte einer der Teilnehmer.<\/p>\n<p class=\"Typography_text-default__P3otY Typography_weight-normal__pqUbH storyline_paragraph_p__qSR5N\">Ein Video des israelischen Polizeiministers Itamar Ben-Gvir, das festgenommene Gaza-Aktivisten in dem\u00fctigender Weise zeigte, hatte anschlie\u00dfend international Emp\u00f6rung ausgel\u00f6st. Zu sehen ist, wie der Minister mit einer Gruppe von Anh\u00e4ngern und zwischen gefesselten Aktivisten umhergeht und eine israelische Flagge schwenkt. Frankreich hatte aus Emp\u00f6rung \u00fcber den Vorfall bereits den israelischen Botschafter einbestellt und ein Einreiseverbot gegen Polizeiminister Ben-Gvir verh\u00e4ngt.<\/p>\n<p class=\"Typography_text-default__P3otY Typography_weight-normal__pqUbH storyline_paragraph_p__qSR5N\">Das Video hatte international eine Welle der Entr\u00fcstung ausgel\u00f6st. Deutschland, die USA, die EU, Frankreich, Italien und Spanien \u00e4u\u00dferten scharfe Kritik, mehrere Staaten bestellten ihre israelischen Botschafter ein. Zuletzt verh\u00e4ngte Irland Einreiseverbote gegen Ben-Gvir und den rechtsextremen Minister Bezalel Smotrich. Die Regierung in Dublin begr\u00fcndete die Entscheidung mit dem Verhalten der beiden Minister im Zusammenhang mit dem Krieg im Gazastreifen. Nach Angaben des irischen Justizministeriums spielten Ben Gvir und Smotrich eine &#8222;entscheidende Rolle bei der Eskalation der anhaltenden Katastrophe in Gaza&#8220;.<\/p>\n<p class=\"Typography_text-s__wu_cm Typography_weight-normal__pqUbH Typography_color-darkgrey__sZEnP article-detail-footer_source__KslPc\">Quelle: ntv.de, mwa\/AFP\/dpa<\/p>\n","protected":false},"excerpt":{"rendered":"Foltervorw\u00fcrfe im FokusFrankreich ermittelt wegen m\u00f6glicher Gewalt Israels gegen Gaza-Aktivisten 05.06.2026, 21:19 Uhr Artikel anh\u00f6ren(03:14 min) Journalisten umringen&hellip;\n","protected":false},"author":2,"featured_media":1072539,"comment_status":"","ping_status":"","sticky":false,"template":"","format":"standard","meta":{"footnotes":"","_share_on_mastodon":"0"},"categories":[3974],"tags":[331,332,499,548,663,3934,2803,3980,156,739,13,411,221198,1015,929,7226,14,15,16,12],"class_list":["post-1072538","post","type-post","status-publish","format-standard","has-post-thumbnail","category-frankreich","tag-aktuelle-nachrichten","tag-aktuelle-news","tag-benjamin-netanjahu","tag-eu","tag-europa","tag-europe","tag-folter","tag-france","tag-frankreich","tag-gaza","tag-headlines","tag-israel","tag-itamar-ben-gvir","tag-justiz","tag-kriege-und-konflikte","tag-kriegsverbrechen","tag-nachrichten","tag-news","tag-politik","tag-schlagzeilen"],"share_on_mastodon":{"url":"https:\/\/pubeurope.com\/@de\/116699244216019386","error":""},"_links":{"self":[{"href":"https:\/\/www.europesays.com\/de\/wp-json\/wp\/v2\/posts\/1072538","targetHints":{"allow":["GET"]}}],"collection":[{"href":"https:\/\/www.europesays.com\/de\/wp-json\/wp\/v2\/posts"}],"about":[{"href":"https:\/\/www.europesays.com\/de\/wp-json\/wp\/v2\/types\/post"}],"author":[{"embeddable":true,"href":"https:\/\/www.europesays.com\/de\/wp-json\/wp\/v2\/users\/2"}],"replies":[{"embeddable":true,"href":"https:\/\/www.europesays.com\/de\/wp-json\/wp\/v2\/comments?post=1072538"}],"version-history":[{"count":0,"href":"https:\/\/www.europesays.com\/de\/wp-json\/wp\/v2\/posts\/1072538\/revisions"}],"wp:featuredmedia":[{"embeddable":true,"href":"https:\/\/www.europesays.com\/de\/wp-json\/wp\/v2\/media\/1072539"}],"wp:attachment":[{"href":"https:\/\/www.europesays.com\/de\/wp-json\/wp\/v2\/media?parent=1072538"}],"wp:term":[{"taxonomy":"category","embeddable":true,"href":"https:\/\/www.europesays.com\/de\/wp-json\/wp\/v2\/categories?post=1072538"},{"taxonomy":"post_tag","embeddable":true,"href":"https:\/\/www.europesays.com\/de\/wp-json\/wp\/v2\/tags?post=1072538"}],"curies":[{"name":"wp","href":"https:\/\/api.w.org\/{rel}","templated":true}]}}