{"id":1072545,"date":"2026-06-05T19:54:18","date_gmt":"2026-06-05T19:54:18","guid":{"rendered":"https:\/\/www.europesays.com\/de\/1072545\/"},"modified":"2026-06-05T19:54:18","modified_gmt":"2026-06-05T19:54:18","slug":"vor-letztem-wm-test-sorgen-um-lennart-karl-jungstar-verletzt-sich-und-muss-ins-krankenhaus","status":"publish","type":"post","link":"https:\/\/www.europesays.com\/de\/1072545\/","title":{"rendered":"Vor letztem WM-Test: Sorgen um Lennart Karl \u2013 Jungstar verletzt sich und muss ins Krankenhaus"},"content":{"rendered":"<p>Im letzten Test vor der WM spielt Deutschland gegen die USA. Im Abschlusstraining kommt es zu einem bitteren Moment. Lennart Karl verletzt sich. Und muss sofort in eine Klinik. Die Sorgen sind gro\u00df.<\/p>\n<p class=\"is-first-paragraph\" data-external=\"Article.FirstParagraph\">Der Bundestrainer spielte die optimale Vorlage, der Sportdirektor verwandelte perfekt. Und beide jubelten lachend. Vor dem Training der deutschen Fu\u00dfball-Nationalmannschaft am Freitag im Stadion Soldier Field schlug Julian Nagelsmann einige Flanken, und Rudi V\u00f6ller stand bei einer als ehemaliger Weltklasse-St\u00fcrmer goldrichtig.<\/p>\n<p>Die Laune war vor dem <a class=\"is-link c-block-items__link c-link--rich-text-renderer\" href=\"https:\/\/www.welt.de\/sport\/fussball\/wm\/article6a228c178d84dbd8a4ed5885\/fussball-wm-2026-schwierig-schwarze-zahlen-zu-schreiben-dfb-warnt-vor-verlusten.html\" data-internal-tracking-enabled=\"true\" data-internal-tracking=\"{&quot;action&quot;:&quot;click&quot;,&quot;label&quot;:&quot;link&quot;,&quot;name&quot;:&quot;Inline Element&quot;,&quot;data&quot;:{&quot;source&quot;:&quot;&quot;,&quot;target&quot;:&quot;https:\/\/www.welt.de\/sport\/fussball\/wm\/article6a228c178d84dbd8a4ed5885\/fussball-wm-2026-schwierig-schwarze-zahlen-zu-schreiben-dfb-warnt-vor-verlusten.html&quot;,&quot;trackingName&quot;:&quot;&quot;,&quot;trackingLabel&quot;:&quot;&quot;}}\" rel=\"nofollow noopener\" target=\"_blank\">letzten WM-Test<\/a> am Samstag (20.30 Uhr, RTL und <a class=\"is-link c-block-items__link c-link--rich-text-renderer\" href=\"https:\/\/sportdaten.welt.de\/\" data-internal-tracking-enabled=\"true\" data-internal-tracking=\"{&quot;action&quot;:&quot;click&quot;,&quot;label&quot;:&quot;link&quot;,&quot;name&quot;:&quot;Inline Element&quot;,&quot;data&quot;:{&quot;source&quot;:&quot;&quot;,&quot;target&quot;:&quot;https:\/\/sportdaten.welt.de\/&quot;,&quot;trackingName&quot;:&quot;&quot;,&quot;trackingLabel&quot;:&quot;&quot;}}\" rel=\"nofollow noopener\" target=\"_blank\">Liveticker bei WELT<\/a>) zun\u00e4chst bestens \u2013 obwohl Torwart <a class=\"is-link c-block-items__link c-link--rich-text-renderer\" href=\"https:\/\/www.welt.de\/sport\/fussball\/wm\/\" data-internal-tracking-enabled=\"true\" data-internal-tracking=\"{&quot;action&quot;:&quot;click&quot;,&quot;label&quot;:&quot;link&quot;,&quot;name&quot;:&quot;Inline Element&quot;,&quot;data&quot;:{&quot;source&quot;:&quot;&quot;,&quot;target&quot;:&quot;https:\/\/www.welt.de\/sport\/fussball\/wm\/&quot;,&quot;trackingName&quot;:&quot;&quot;,&quot;trackingLabel&quot;:&quot;&quot;}}\" rel=\"nofollow noopener\" target=\"_blank\">Manuel Neuer zun\u00e4chst <\/a>fehlte. Beim Techniktest der Stadion-Mitarbeiter stand an den Videow\u00e4nden: USA \u2013 Deutschland 7:0. Nagelsmann hofft, dass es so nicht ausgeht und stattdessen der neunte Sieg in Folge wird. Es geht darum, das Selbstvertrauen weiter zu steigern und sich vor dem ersten Gruppenspiel gegen Curacao am 14. Juni in Houston\/Texas einzuspielen.<\/p>\n<p>Doch im Training wandelte sich nach dem lockeren Start die Stimmung. Es kam zu einem Schockmoment. Lennart Karl verletzte sich in der Einheit und musste zur Untersuchung ins Krankenhaus gebracht werden. Nagelsmann verk\u00fcndete das auf einer Pressekonferenz im Stadion nach dem Training. Eine Diagnose gab es zun\u00e4chst nicht. Sobald diese feststeht, soll Nagelsmann zufolge entschieden werden, ob ein Spieler nachnominiert werden muss. Der Satz zeigt, dass Karl das WM-Aus drohen k\u00f6nnte.<\/p>\n<p>Auch hne Karl will und muss die Mannschaft den Test gegen die USA optimal nutzen. \u201eEs wird ein sehr spannendes Spiel. Die Fans werden frenetisch sein. Die USA spielen guten Fu\u00dfball\u201c, sagte Nagelsmann. Wie Curacao sei die USA eine sehr athletische Mannschaft. Er w\u00fcnsche sich eine Top-Einstellung seiner Spieler auf dem Platz. \u201eDie USA wollen ihren Heimvorteil nutzen. Wir wollen uns ins Spiel reinarbeiten. Nach dem Erarbeiten wollen wir in fu\u00dfballerische Glanzmomente kommen\u201c, so der Bundestrainer.<\/p>\n<p>Florian Wirtz sa\u00df w\u00e4hrend der Pressekonferenz neben Nagelsmann auf dem Podium. Der Offensivstar des FC Liverpool sagte, er sei bereit, seine Rolle anzunehmen \u201eund voranzugehen.\u201c Die WM-Teilnahme sei ein Traum. Er und die Mannschaft \u201ewollen den Menschen einen tollen Sommer bereiten.\u201c<\/p>\n<p>Wie alle Spieler dr\u00fcckt er die Daumen, dass die Verletzungen seines Kollegen Lennart Karl nicht schwer ist.<\/p>\n<p><b>Julien Wolff und <\/b><a class=\"is-link c-block-items__link c-link--rich-text-renderer\" href=\"https:\/\/www.welt.de\/autor\/lars-gartenschlaeger\/\" data-internal-tracking-enabled=\"true\" data-internal-tracking=\"{&quot;action&quot;:&quot;click&quot;,&quot;label&quot;:&quot;link&quot;,&quot;name&quot;:&quot;Inline Element&quot;,&quot;data&quot;:{&quot;source&quot;:&quot;&quot;,&quot;target&quot;:&quot;https:\/\/www.welt.de\/autor\/lars-gartenschlaeger\/&quot;,&quot;trackingName&quot;:&quot;&quot;,&quot;trackingLabel&quot;:&quot;&quot;}}\" rel=\"nofollow noopener\" target=\"_blank\"><b>Lars Gartenschl\u00e4ger<\/b><\/a><b> sind Redakteure im Sportkompetenzcenter. <\/b><a class=\"is-link c-block-items__link c-link--rich-text-renderer\" href=\"https:\/\/www.welt.de\/autor\/julien-wolff\/\" data-internal-tracking-enabled=\"true\" data-internal-tracking=\"{&quot;action&quot;:&quot;click&quot;,&quot;label&quot;:&quot;link&quot;,&quot;name&quot;:&quot;Inline Element&quot;,&quot;data&quot;:{&quot;source&quot;:&quot;&quot;,&quot;target&quot;:&quot;https:\/\/www.welt.de\/autor\/julien-wolff\/&quot;,&quot;trackingName&quot;:&quot;&quot;,&quot;trackingLabel&quot;:&quot;&quot;}}\" rel=\"nofollow noopener\" target=\"_blank\"><b>Sie berichten f\u00fcr WELT<\/b><\/a><b> seit vielen Jahren \u00fcber die Nationalmannschaft. Seit Dienstagabend sind sie f\u00fcr die Redaktion in Chicago und schreiben von dort aus \u00fcber die WM-Vorbereitung der deutschen Auswahl.<\/b><\/p>\n","protected":false},"excerpt":{"rendered":"Im letzten Test vor der WM spielt Deutschland gegen die USA. Im Abschlusstraining kommt es zu einem bitteren&hellip;\n","protected":false},"author":2,"featured_media":1072546,"comment_status":"","ping_status":"","sticky":false,"template":"","format":"standard","meta":{"footnotes":"","_share_on_mastodon":"0"},"categories":[5],"tags":[331,332,3364,29,481,38243,30,13,54233,21433,132900,14,54232,15,12,45,5843,64,38244,227052],"class_list":["post-1072545","post","type-post","status-publish","format-standard","has-post-thumbnail","category-nachrichten","tag-aktuelle-nachrichten","tag-aktuelle-news","tag-de","tag-deutschland","tag-dfb","tag-florian","tag-germany","tag-headlines","tag-julian-trainer","tag-karl","tag-lennart","tag-nachrichten","tag-nagelsmann","tag-news","tag-schlagzeilen","tag-texttospeech","tag-trainer","tag-usa","tag-wirtz","tag-wm-2026-ad"],"share_on_mastodon":{"url":"https:\/\/pubeurope.com\/@de\/116699258108802412","error":""},"_links":{"self":[{"href":"https:\/\/www.europesays.com\/de\/wp-json\/wp\/v2\/posts\/1072545","targetHints":{"allow":["GET"]}}],"collection":[{"href":"https:\/\/www.europesays.com\/de\/wp-json\/wp\/v2\/posts"}],"about":[{"href":"https:\/\/www.europesays.com\/de\/wp-json\/wp\/v2\/types\/post"}],"author":[{"embeddable":true,"href":"https:\/\/www.europesays.com\/de\/wp-json\/wp\/v2\/users\/2"}],"replies":[{"embeddable":true,"href":"https:\/\/www.europesays.com\/de\/wp-json\/wp\/v2\/comments?post=1072545"}],"version-history":[{"count":0,"href":"https:\/\/www.europesays.com\/de\/wp-json\/wp\/v2\/posts\/1072545\/revisions"}],"wp:featuredmedia":[{"embeddable":true,"href":"https:\/\/www.europesays.com\/de\/wp-json\/wp\/v2\/media\/1072546"}],"wp:attachment":[{"href":"https:\/\/www.europesays.com\/de\/wp-json\/wp\/v2\/media?parent=1072545"}],"wp:term":[{"taxonomy":"category","embeddable":true,"href":"https:\/\/www.europesays.com\/de\/wp-json\/wp\/v2\/categories?post=1072545"},{"taxonomy":"post_tag","embeddable":true,"href":"https:\/\/www.europesays.com\/de\/wp-json\/wp\/v2\/tags?post=1072545"}],"curies":[{"name":"wp","href":"https:\/\/api.w.org\/{rel}","templated":true}]}}