{"id":1072553,"date":"2026-06-05T19:58:32","date_gmt":"2026-06-05T19:58:32","guid":{"rendered":"https:\/\/www.europesays.com\/de\/1072553\/"},"modified":"2026-06-05T19:58:32","modified_gmt":"2026-06-05T19:58:32","slug":"duisburg-sternenschule-soll-schliessen-wegen-rechtsstreit","status":"publish","type":"post","link":"https:\/\/www.europesays.com\/de\/1072553\/","title":{"rendered":"Duisburg: Sternenschule soll schlie\u00dfen wegen Rechtsstreit"},"content":{"rendered":"<p class=\"text_ohne_einzug richtext text-em-55 !leading-serif mx-6 desktop:mx-0\">Die Sternenschule im Duisburger Stadtteil H\u00fcttenheim, direkt am idyllischen Angerbach, ist eine ganz besondere Schule, so erz\u00e4hlt es eine Gruppe von Eltern an einem Morgen im Juni. Die Kinder lernen hier bilingual, in Deutsch und Englisch, 27 P\u00e4dagogen betreuen knapp 150 Kinder, die Toiletten sind sauber, der Unterricht f\u00e4llt praktisch nie aus. W\u00fcrde man eine Schule in ein Bilderbuch malen, sie w\u00fcrde vermutlich so \u00e4hnlich aussehen wie die Sternenschule an der Schulz-Knaudt-Stra\u00dfe in <a href=\"https:\/\/rp-online.de\/thema\/duisburg\/\" rel=\"nofollow noopener\" target=\"_blank\">Duisburg<\/a>.<\/p>\n","protected":false},"excerpt":{"rendered":"Die Sternenschule im Duisburger Stadtteil H\u00fcttenheim, direkt am idyllischen Angerbach, ist eine ganz besondere Schule, so erz\u00e4hlt es&hellip;\n","protected":false},"author":2,"featured_media":1064799,"comment_status":"","ping_status":"","sticky":false,"template":"","format":"standard","meta":{"footnotes":"","_share_on_mastodon":"0"},"categories":[1838],"tags":[5871,226994,226995,12724,226993,11860,3364,29,3715,1459,226996,225648,73352,30,4484,226992,226991,1209,116527,966,225647,83563],"class_list":["post-1072553","post","type-post","status-publish","format-standard","has-post-thumbnail","category-duisburg","tag-grundschule","tag-20ersatzschule","tag-20grundschule","tag-2fduisburg","tag-2fsternenschule","tag-bezirksregierung","tag-de","tag-deutschland","tag-duisburg","tag-eltern","tag-elternvertretung","tag-ersatzschulen","tag-erzaehlt","tag-germany","tag-grundschulen","tag-hilgers","tag-merfeld","tag-nordrhein-westfalen","tag-privatschulen","tag-schule","tag-sternenschule","tag-zerstoert"],"share_on_mastodon":{"url":"https:\/\/pubeurope.com\/@de\/116699274370211654","error":""},"_links":{"self":[{"href":"https:\/\/www.europesays.com\/de\/wp-json\/wp\/v2\/posts\/1072553","targetHints":{"allow":["GET"]}}],"collection":[{"href":"https:\/\/www.europesays.com\/de\/wp-json\/wp\/v2\/posts"}],"about":[{"href":"https:\/\/www.europesays.com\/de\/wp-json\/wp\/v2\/types\/post"}],"author":[{"embeddable":true,"href":"https:\/\/www.europesays.com\/de\/wp-json\/wp\/v2\/users\/2"}],"replies":[{"embeddable":true,"href":"https:\/\/www.europesays.com\/de\/wp-json\/wp\/v2\/comments?post=1072553"}],"version-history":[{"count":0,"href":"https:\/\/www.europesays.com\/de\/wp-json\/wp\/v2\/posts\/1072553\/revisions"}],"wp:featuredmedia":[{"embeddable":true,"href":"https:\/\/www.europesays.com\/de\/wp-json\/wp\/v2\/media\/1064799"}],"wp:attachment":[{"href":"https:\/\/www.europesays.com\/de\/wp-json\/wp\/v2\/media?parent=1072553"}],"wp:term":[{"taxonomy":"category","embeddable":true,"href":"https:\/\/www.europesays.com\/de\/wp-json\/wp\/v2\/categories?post=1072553"},{"taxonomy":"post_tag","embeddable":true,"href":"https:\/\/www.europesays.com\/de\/wp-json\/wp\/v2\/tags?post=1072553"}],"curies":[{"name":"wp","href":"https:\/\/api.w.org\/{rel}","templated":true}]}}