{"id":1072666,"date":"2026-06-05T21:03:29","date_gmt":"2026-06-05T21:03:29","guid":{"rendered":"https:\/\/www.europesays.com\/de\/1072666\/"},"modified":"2026-06-05T21:03:29","modified_gmt":"2026-06-05T21:03:29","slug":"beliebter-bischof-heiner-wilmer-aus-hildesheim-geht-nach-muenster","status":"publish","type":"post","link":"https:\/\/www.europesays.com\/de\/1072666\/","title":{"rendered":"Beliebter Bischof Heiner Wilmer aus Hildesheim geht nach M\u00fcnster"},"content":{"rendered":"<p>        <img decoding=\"async\" src=\"https:\/\/www.europesays.com\/de\/wp-content\/uploads\/2026\/06\/wilmer-134.webp\" alt=\"Heiner Wilmer nach seiner Amtseinf\u00fchrung in einer Menschenmenge in Hildesheim. \" title=\"Heiner Wilmer nach seiner Amtseinf\u00fchrung in einer Menschenmenge in Hildesheim.  | picture alliance\/dpa | Peter Steffen\" class=\"responsive\"\/><\/p>\n<p>AUDIO: Hildesheim: Abschied des Bischofs Heiner Wilmer (2 Min)<\/p>\n<p>\n                Stand: 05.06.2026 15:07 Uhr<\/p>\n<p class=\"preface\">Bischof Heiner Wilmer war ein beliebter Bischof im Bistum Hildesheim. Am 21. Juni wird der Vorsitzende der Deutschen Bischofskonferenz der neue Oberhirte im Bistum M\u00fcnster. Am Samstag, 6. Juni um 10 Uhr, verabschiedet er sich in einem Gottesdienst in Hildesheim. Eine Analyse.<\/p>\n<p class=\"textauthor\">von <a href=\"https:\/\/www.ndr.de\/kultur\/florian-breitmeier,breitmeier118.html\" rel=\"nofollow noopener\" target=\"_blank\">Florian Breitmeier<\/a><\/p>\n<p class=\"\">Den Stuhl hat Heiner Wilmer im Blick. Gemeint ist der Bischofsstuhl in M\u00fcnster, aber nicht nur der. Wenn sich der Hildesheimer Bischof am 21. Juni auf die so genannten Kathedra, den Bischofsstuhl im Hochchor des St.-Paulus-Doms von M\u00fcnster setzt, dann nimmt der neue Bischof sein Bistum symbolisch und f\u00fcr alle Augen sichtbar in Be-Sitz.<\/p>\n<p class=\"\">Heiner Wilmers rund achtj\u00e4hrige Amtszeit als 71. Bischof von Hildesheim ist in diesem Moment beendet. Die Kathedra im Hildesheimer Mariendom ist dann unbesetzt. Ein Nachfolger f\u00fcr Wilmer wird wohl binnen eines Jahres vom Papst ernannt werden. Das l\u00e4sst sich zun\u00e4chst zu den Bischofsst\u00fchlen von M\u00fcnster und Hildesheim sagen. Es geht dieser Tage aber noch um eine weitere Sitzgelegenheit.<\/p>\n<p class=\"\"><strong>Bischofsstuhl im Dom und Holzstuhl im B\u00fcro<\/strong><\/p>\n<p class=\"\">Einen Stuhl n\u00e4mlich nimmt Heiner Wilmer mutma\u00dflich aus Hildesheim mit nach M\u00fcnster. Es ist alter Holzstuhl, den er schon zu seiner Zeit als Ordens-Provinzial in Bonn und sp\u00e4ter als Generaloberer des Herz-Jesu-Ordens in Rom nutzte. &#8222;Der Stuhl ist sehr bequem&#8220;, sagte Heiner Wilmer einst dem NDR-Reporter. &#8222;Man f\u00fchlt sich darauf ein bisschen wie ein Cowboy&#8220;.<\/p>\n<p class=\"\">Das Bild sitzt. Geb\u00fcrtig kommt Heiner Wilmer vom Bauernhof: Schapen im s\u00fcdlichen Emsland, der Ort liegt praktisch auf der Bistumsgrenze zu M\u00fcnster, wo es Wilmer nun mit 65 Jahren hinzieht. Schapen &#8211; auf Plattdeutsch sind das die Schafe. Heiner Wilmer, der Junge vom emsl\u00e4ndischen Bauernhof, der sich nun um die Herde von 1,6 Millionen Gl\u00e4ubigen im Bistum M\u00fcnster k\u00fcmmert, zuvor in Hildesheim war und dort in seinem Arbeitszimmer gelegentlich auf einem Stuhl sa\u00df, der ihm das Gef\u00fchl eines Cowboys gab.<\/p>\n<p class=\"\"><strong>R\u00fcckenwind aus Rom f\u00fcr den neuen Vorsitzenden der Bischofskonferenz<\/strong><\/p>\n<p class=\"\">Kurz vor seinem Wechsel nach M\u00fcnster machte Wilmer deutlich, dass ihm der Abschied aus Hildesheim nicht leichtfalle. Aber hinter der Entscheidung stehe letztlich auch der Papst. Der kannte h\u00f6chstwahrscheinlich die so genannte Dreierliste mit Wilmers Namen darauf, die von Rom nach M\u00fcnster geschickt wurde. Das Domkapitel dort entschied sich f\u00fcr den Hildesheimer Bischof. Der war erst drei Wochen zuvor zum neuen Vorsitzenden der Deutschen Bischofskonferenz gew\u00e4hlt worden.<\/p>\n<p class=\"\">R\u00fcckenwind auch aus Rom f\u00fcr den neuen Vorsitzenden, anders l\u00e4sst sich das nicht deuten. Theoretisch h\u00e4tte Wilmer die Wahl des Domkapitels von M\u00fcnster auch ablehnen und Bischof in Hildesheim bleiben k\u00f6nnen. Wilmer sprach in diesem Zusammenhang j\u00fcngst offenherzig von einem &#8222;heiligen Ernst&#8220;, dem er sich nicht entziehen k\u00f6nne. Zwar h\u00e4tte er ablehnen k\u00f6nnen, aber er &#8222;h\u00e4tte dann auch innerlich aufh\u00f6ren m\u00fcssen als Bischof von Hildesheim.&#8220;<\/p>\n<p class=\"\">Die Aussage ist in mehrfacher Hinsicht spannend. Heiner Wilmer deutet damit theoretisch an, dass er vielleicht zur\u00fcck in den Orden gegangen w\u00e4re, wenn er dem Domkapitel in M\u00fcnster von sich aus abgesagt h\u00e4tte. Denn danach einfach in Hildesheim weitermachen, das w\u00e4re f\u00fcr ihn pers\u00f6nlich schwierig geworden, wie er bekennt. Wenn er als Bischof einen Priester, Seelsorger oder andere Mitarbeiter bitte, eine neue Aufgabe zu \u00fcbernehmen, m\u00fcsse er auch selbst dazu bereit sein, erkl\u00e4rte er. &#8222;Ich will morgens auch noch vern\u00fcnftig in den Spiegel gucken k\u00f6nnen.&#8220;<\/p>\n<p>        <img decoding=\"async\" src=\"https:\/\/www.europesays.com\/de\/wp-content\/uploads\/2026\/06\/wilmer-118.webp\" alt=\"Der neue Vorsitzende der Deutschen Bischofskonferenz, Heiner Wilmer, bei einer Pressekonferenz.\" title=\"Der neue Vorsitzende der Deutschen Bischofskonferenz, Heiner Wilmer, bei einer Pressekonferenz. | picture alliance \/ HMB Media | Julien Becker\" class=\"responsive\" loading=\"lazy\"\/><\/p>\n<p>Im Gegensatz zu Hildesheim bietet sich Heiner Wilmer in M\u00fcnster eine bis dato ungekannte Gestaltungsmacht. Eine Analyse.<\/p>\n<p class=\"\"><strong>Gewissen und Gehorsam als katholische Spannungspole<\/strong><\/p>\n<p class=\"\">Heiner Wilmer entschied sich letztendlich f\u00fcr die neue und gr\u00f6\u00dfere Herausforderung in M\u00fcnster. Zweifellos ein Karriereschritt, auch wenn Kirchenm\u00e4nner das nicht gern h\u00f6ren. Heiner Wilmer ist gerne Bischof, mag die damit verbundene \u00d6ffentlichkeit und Gestaltungsmacht. Zudem folgte Wilmer gehorsam dem Willen des Papstes, als er M\u00fcnster zusagte.<\/p>\n<p class=\"\">Ist das wom\u00f6glich ein Fingerzeig, dass Wilmer vielleicht auch in anderen Situationen im Zweifelsfall keinen Konflikt mit Leo XIV. sucht, diesen zumindest nicht entt\u00e4uschen m\u00f6chte und sich als Bischof den Machtlogiken der Kirche f\u00fcgt? Angesichts der enormen Doppelbelastung, die auf ihn wartet, Bischof von M\u00fcnster und Bischofskonferenzvorsitzender, macht er es sich mit den neuen Aufgaben auf jeden Fall alles andere als leicht.<\/p>\n<p class=\"\"><strong>Bischof Wilmers Einfluss in Rom wird wachsen<\/strong><\/p>\n<p class=\"\">Es f\u00e4llt auf, dass der frisch gew\u00e4hlte Bischofskonferenzvorsitzende sich stets positiv zum Prinzip der Synodalit\u00e4t \u00e4u\u00dfert, konkrete inhaltliche Positionierungen zu strittigen katholischen Reformfragen bislang aber vermeidet. Es wird spannend zu beobachten sein, wie sich Heiner Wilmer verh\u00e4lt, wenn er als Bischofskonferenzvorsitzender vielleicht auch kirchenpolitische Entt\u00e4uschungen den Gl\u00e4ubigen vermitteln muss. Klar ist: Wilmers Einfluss d\u00fcrfte auch in Rom in den n\u00e4chsten Jahren zunehmen.<\/p>\n<p class=\"\">Er ist mehrsprachig, vermittelnd, klug, &#8211; die Mitarbeit in einem vatikanischen Dikasterium (Zentralbeh\u00f6rde) ist dabei ebenso so denkbar wie die Kardinalsw\u00fcrde. Heiner Wilmer gilt im Bistum Hildesheim als nahbarer Bischof, der viele Facetten hat. Er ist ein aufmerksamer Zuh\u00f6rer und eloquenter Gespr\u00e4chspartner Mal offenbart er dabei eine herzliche Volksfr\u00f6mmigkeit gepaart mit Bibelzitaten und praktischen Beispielen vom Bauernhof. Dem einen gef\u00e4llt&#8217;s, dem anderen weniger. Wilmer kann auch zu spannenden intellektuellen H\u00f6henfl\u00fcgen ansetzen, die komplexe Lagen erhellen und durchaus faszinieren.<\/p>\n<p class=\"\"><strong>Intellektuelle H\u00f6henfl\u00fcge gl\u00fccken nicht immer<\/strong><\/p>\n<p class=\"\">Manchmal l\u00e4uft er dabei jedoch Gefahr, etwas die Bodenhaftung zu verlieren. Wenn er zum Beispiel in wenigen S\u00e4tzen von den unterschiedlichen Weltbildern Platons und Aristoteles ausgehend, sich an einer mentalit\u00e4tsgeschichtlichen Deutung S\u00fcd- und Nordeuropas versucht, die kommunikative Kraft eines italienischen caff\u00e8 erw\u00e4hnt, um schlie\u00dflich in der Gegenwart der r\u00f6mischen Kurie und ihrem Verh\u00e4ltnis zum Synodalen Weg in Deutschland anzukommen.<\/p>\n<p class=\"\"><strong>Gro\u00dfes Bistum mit schrumpfende Gemeinden <\/strong><\/p>\n<p class=\"\">Heiner Wilmer sieht das Bistum Hildesheim kurz vor seinem Abschied solide aufgestellt. Angesichts knapper Kassen und einer angespannten Personallage hat er durchaus beachtenswerte Akzente gesetzt &#8211; so bei neuen Leitungsmodellen f\u00fcr Laien in einzelnen Gemeinden zum Beispiel in Clausthal-Zellerfeld. M\u00e4nner und Frauen erhalten faktisch Handlungsvollmacht und bestimmen die strategische, finanzielle und inhaltliche Ausrichtung einer Pfarrgemeinde, auch wenn ihnen formal ein Priester zur Seite gestellt wird, der aber eher eine moderierende Rolle bei Entscheidungen einnimmt und in erster Linie f\u00fcr die geistliche Begleitung sowie f\u00fcr sakramentale Aufgaben zust\u00e4ndig ist. Gro\u00dfe geistliche Aufbr\u00fcche blieben im Bistum gleichwohl aus, die Mitgliedersanken sanken auch hier.<\/p>\n<p>        <img decoding=\"async\" src=\"https:\/\/www.europesays.com\/de\/wp-content\/uploads\/2026\/06\/kirche-408.webp\" alt=\"Ein Kirchenkreuz h\u00e4ngt an einer br\u00fcchigen Wand.\" title=\"Ein Kirchenkreuz h\u00e4ngt an einer br\u00fcchigen Wand. | NDR\" class=\"responsive\" loading=\"lazy\"\/><\/p>\n<p>Noch nie gab es so wenige Kirchenmitglieder in Deutschland wie heute. Was der Schwund f\u00fcr uns alle bedeutet.<\/p>\n<p class=\"\"><strong>Sexualisierte Gewalt und Aufarbeitung bleiben Dauerthema <\/strong><\/p>\n<p class=\"\">In der Frage der Aufarbeitung sexualisierter Gewalt im Bistum Hildesheim hat er durchaus neue Wege beschritten, und in der bisch\u00f6flichen Verwaltung strukturell und personell deutlich nachgebessert. Die innere Haltung dem Thema gegen\u00fcber ist heute im Bistum Hildesheim eine andere als vor Wilmers Amtsantritt. Konfliktfrei verlief das Thema Aufarbeitung aber in Hildesheim nicht. Daran hat auch Heiner Wilmer seinen Anteil. In einem Prozess vor dem Landgericht Hildesheim verzichtete das Bistum n\u00e4mlich nicht auf die so genannte Einrede der Verj\u00e4hrung, die es Betroffenen sexualisierter Gewalt erheblich erschwert, in zivilrechtlichen Verfahren, ihre Forderungen durchzusetzen, wenn strittig ist, ob die Taten strafrechtlich verj\u00e4hrt sind.<\/p>\n<p class=\"\">Das Bistum Hildesheim hatte das erlittene Leid des Betroffenen finanziell anerkannt, sch\u00e4tzte ihn offiziell als Gespr\u00e4chspartner in Aufarbeitungsprozessen. Im Gerichtsprozess machte das Bistum deutlich, dass die Kirche das Recht habe, sich in einem Verfahren mit allen zur Verf\u00fcgung stehenden juristischen Mitteln zu wehren. Das Gericht machte in dem Verfahren vor einem Urteilsspruch sehr deutlich, dass es die Position des Bistums wohl teilt, dass die vorgeworfenen Taten verj\u00e4hrt seien, beim Bistum juristisch gesehen also keine Amtshaftung bestehe. Der Vorsitzende Richter regte gleichwohl eine Meditation an zur gerichtlichen Streitbeilegung, die auch zu einem Abschluss kam.<\/p>\n<p>        <img decoding=\"async\" src=\"https:\/\/www.europesays.com\/de\/wp-content\/uploads\/2026\/06\/ndrkulturteam125.webp\" alt=\"Florian Breitmeier\" title=\"Florian Breitmeier | NDR, Christian Spielmann\" class=\"responsive\" loading=\"lazy\"\/><\/p>\n<p>Statt schonungslose Aufarbeitung zu erleben, werden Betroffene im Kampf gegen die Institution zerm\u00fcrbt, meint Florian Breitmeier.<\/p>\n<p class=\"\"><strong>Spannungen in Wolfenb\u00fcttel und ein gemeinsamer Gottesdienst<\/strong><\/p>\n<p class=\"\">Zu erheblichen Spannungen kam es zeitweise auch zwischen dem Wolfenb\u00fctteler Pfarrer Matthias Eggers und Heiner Wilmer, weil Eggers vor zwei Jahren die Missbrauchsaufarbeitung im Bistum \u00f6ffentlich scharf kritisiert hatte. Bischof Wilmer zeigte sich in dem Konflikt anfangs unerwartet hart, um schlie\u00dflich doch pers\u00f6nlich einzulenken und zu einem bewegenden Gottesdienst nach Wolfenb\u00fcttel zu kommen, in welchem die Gemeinde ihre Haltung zum Thema Missbrauch und Aufarbeitung selbstbewusst artikulierte.<\/p>\n<p class=\"\">Wilmer ist das Thema zweifellos wichtig, innerkirchliche Konflikte darum mag er aber weniger. Eine dritte Aufarbeitungsstudie zu sexualisierter Gewalt l\u00e4uft derzeit und soll im n\u00e4chsten Jahr ver\u00f6ffentlicht werden. Auch die Amtszeit von Bischof Wilmer wird unter die Lupe genommen und dessen Umgang mit Meldungen von Betroffenen und Hinweisen aus den Gemeinden. Wenn die Studie ver\u00f6ffentlicht wird, ist Wilmer bereits ein Jahr in M\u00fcnster. Eine umfassende Bewertung seiner Hildesheimer Amtszeit steht in diesem Punkt also noch aus.<\/p>\n<p>        <img decoding=\"async\" src=\"https:\/\/www.europesays.com\/de\/wp-content\/uploads\/2026\/06\/missbrauch2214.webp\" alt=\"Kreuz auf einem W\u00f6rterbuch mit dem Wort Missbrauch.\" title=\"Kreuz auf einem W\u00f6rterbuch mit dem Wort Missbrauch. | picture alliance \/ Bildagentur-online\/Ohde, Bildagentur-online\/Ohde\" class=\"responsive\" loading=\"lazy\"\/><\/p>\n<p>Betroffene sexualisierter Gewalt k\u00f6nnen heute vor dem Kirchenparlament sprechen. Die \u00d6ffentlichkeit bleibt ausgeschlossen.<\/p>\n<p class=\"\"><strong>Christlicher Religionsunterricht macht in Niedersachsen Schule <\/strong><\/p>\n<p class=\"\">Ein gro\u00dfer Erfolg war zweifellos Heiner Wilmers Mitwirken an dem \u00f6kumenischen Projekt des Christlichen Religionsunterrichts an allgemeinbildenden Schulen in Niedersachsen. Nach den Sommerferien geht es schrittweise los. Zwei Punkte waren ausschlaggebend: Heiner Wilmers ehrliches Interesse an \u00f6kumenischer Zusammenarbeit und zweitens Wilmers exzellente Verbindungen nach Rom. Das half, gemeinsam mit den ebenfalls sehr engagierten evangelischen Mitstreiterinnen und Mitstreitern, ein innovatives Projekt aus der Taufe zu heben, das auch in anderen Bundesl\u00e4ndern Schule machen k\u00f6nnte.<\/p>\n<p>        <img decoding=\"async\" src=\"https:\/\/www.europesays.com\/de\/wp-content\/uploads\/2026\/03\/bischofwilmer108.webp.webp\" alt=\"Der Bischof des Bistums Hildesheim Heiner Wilmer\" title=\"Der Bischof des Bistums Hildesheim Heiner Wilmer | NDR, Kevin Poweska\" class=\"responsive\" loading=\"lazy\"\/><\/p>\n<p>Der Hildesheimer, neuer Vorsitzender der Bischofskonferenz, gilt in der katholischen Kirche als progressiv. Ein Kommentar zu seiner Wahl.<\/p>\n<p class=\"\"><strong>Ein beliebter Bischof, dessen Versetzung nie gef\u00e4hrdet<\/strong> <strong>war<\/strong><\/p>\n<p class=\"\">Nahbar, freundlich, gebildet, weiter Horizont, &#8211; diese Zuschreibungen fallen h\u00e4ufig, wenn man Menschen nach dem Oberhirten vom Domhof fragt, der als Junge auf einem Bauernhof gro\u00df geworden ist, Lehrer und Schulleiter war. Schulnoten am Ende einer Amtszeit zu geben, f\u00e4llt schwer. Zahlen dr\u00fccken auch nur unzureichend das Wesen eines Menschen aus. Heiner Wilmer ist im Bistum ein beliebter Bischof gewesen.<\/p>\n<p class=\"\">Sein Wirken in Hildesheim war unter dem Strich f\u00fcr entscheidende und m\u00e4chtige M\u00e4nner in der r\u00f6misch-katholischen Kirche so ansprechend, dass seine Versetzung nie gef\u00e4hrdet war. In der Bischofskonferenz ist er als Vorsitzender ein Moderator, man k\u00f6nnte auch sagen Klassensprecher. Und bald schon nimmt Wilmer als Bischof Platz in M\u00fcnster &#8211; einem Bistum tief im Westen. Stellt sich nur die Frage, ob der alte Holzstuhl, auf dem sich Heiner Wilmer manchmal wie ein Cowboy f\u00fchlt, nun dauerhaft in Westfalen verweilt oder aber in Zukunft vielleicht noch mal woanders aufgestellt wird.<\/p>\n<p>        <img decoding=\"async\" src=\"https:\/\/www.europesays.com\/de\/wp-content\/uploads\/2026\/06\/etty-108.webp\" alt=\"Julia Windischbauer als Etty Hillesum in der arte-Serie &quot;Etty&quot;\" title=\"Julia Windischbauer als Etty Hillesum in der arte-Serie &quot;Etty&quot; | Reiner Bajo\" class=\"responsive\" loading=\"lazy\"\/><\/p>\n<p>In der neuen Serie auf Arte geht es um die junge j\u00fcdische Autorin Etty Hillesum, die 1943 in Auschwitz ermordet wurde.<\/p>\n<p>        <img decoding=\"async\" src=\"https:\/\/www.europesays.com\/de\/wp-content\/uploads\/2026\/03\/wilmer-124.webp.webp\" alt=\"Heiner Wilmer (l), Bischof von Hildesheim und Vorsitzender der Deutschen Bischofskonferenz, wird von Hans-Bernd K\u00f6ppen, Dompropst, im St.-Paulus-Dom als designierter Bischof von M\u00fcnster vorgestellt.\" title=\"Heiner Wilmer (l), Bischof von Hildesheim und Vorsitzender der Deutschen Bischofskonferenz, wird von Hans-Bernd K\u00f6ppen, Dompropst, im St.-Paulus-Dom als designierter Bischof von M\u00fcnster vorgestellt. | picture alliance\/dpa, Rolf Vennenbernd\" class=\"responsive\" loading=\"lazy\"\/><\/p>\n<p>Das gab das Bistum M\u00fcnster am Donnerstagmittag bekannt. Bisher steht Wilmer dem Bistum Hildesheim vor.<\/p>\n","protected":false},"excerpt":{"rendered":"AUDIO: Hildesheim: Abschied des Bischofs Heiner Wilmer (2 Min) Stand: 05.06.2026 15:07 Uhr Bischof Heiner Wilmer war ein&hellip;\n","protected":false},"author":2,"featured_media":1072667,"comment_status":"","ping_status":"","sticky":false,"template":"","format":"standard","meta":{"footnotes":"","_share_on_mastodon":"0"},"categories":[1843],"tags":[7576,7103,6588,3364,29,30,15054,53358,8285,8970,1411,1209,186231],"class_list":["post-1072666","post","type-post","status-publish","format-standard","has-post-thumbnail","category-muenster","tag-abschied","tag-bischof","tag-bistum","tag-de","tag-deutschland","tag-germany","tag-glaube","tag-heiner","tag-hildesheim","tag-muenster","tag-niedersachsen","tag-nordrhein-westfalen","tag-wilmer"],"share_on_mastodon":{"url":"https:\/\/pubeurope.com\/@de\/116699531867492487","error":""},"_links":{"self":[{"href":"https:\/\/www.europesays.com\/de\/wp-json\/wp\/v2\/posts\/1072666","targetHints":{"allow":["GET"]}}],"collection":[{"href":"https:\/\/www.europesays.com\/de\/wp-json\/wp\/v2\/posts"}],"about":[{"href":"https:\/\/www.europesays.com\/de\/wp-json\/wp\/v2\/types\/post"}],"author":[{"embeddable":true,"href":"https:\/\/www.europesays.com\/de\/wp-json\/wp\/v2\/users\/2"}],"replies":[{"embeddable":true,"href":"https:\/\/www.europesays.com\/de\/wp-json\/wp\/v2\/comments?post=1072666"}],"version-history":[{"count":0,"href":"https:\/\/www.europesays.com\/de\/wp-json\/wp\/v2\/posts\/1072666\/revisions"}],"wp:featuredmedia":[{"embeddable":true,"href":"https:\/\/www.europesays.com\/de\/wp-json\/wp\/v2\/media\/1072667"}],"wp:attachment":[{"href":"https:\/\/www.europesays.com\/de\/wp-json\/wp\/v2\/media?parent=1072666"}],"wp:term":[{"taxonomy":"category","embeddable":true,"href":"https:\/\/www.europesays.com\/de\/wp-json\/wp\/v2\/categories?post=1072666"},{"taxonomy":"post_tag","embeddable":true,"href":"https:\/\/www.europesays.com\/de\/wp-json\/wp\/v2\/tags?post=1072666"}],"curies":[{"name":"wp","href":"https:\/\/api.w.org\/{rel}","templated":true}]}}