{"id":1072731,"date":"2026-06-05T21:41:24","date_gmt":"2026-06-05T21:41:24","guid":{"rendered":"https:\/\/www.europesays.com\/de\/1072731\/"},"modified":"2026-06-05T21:41:24","modified_gmt":"2026-06-05T21:41:24","slug":"region-stuttgart-an-diesem-tag-sind-die-b10-und-die-b14-zeitweise-fuer-autofahrer-gesperrt","status":"publish","type":"post","link":"https:\/\/www.europesays.com\/de\/1072731\/","title":{"rendered":"Region Stuttgart: An diesem Tag sind die B10 und die B14 zeitweise f\u00fcr Autofahrer gesperrt"},"content":{"rendered":"<p> An diesem Tag ist es andersrum: W\u00e4hrend sonst die <a href=\"https:\/\/www.stuttgarter-zeitung.de\/thema\/B10\" title=\"B10\" class=\"art_thema\" rel=\"nofollow noopener\" target=\"_blank\">B10<\/a> f\u00fcr Radfahrer tabu ist, gilt w\u00e4hrend der <a href=\"https:\/\/www.stuttgarter-zeitung.de\/thema\/Sternfahrt\" title=\"Sternfahrt\" class=\"art_thema\" rel=\"nofollow noopener\" target=\"_blank\">Sternfahrt<\/a> des Allgemeinen Deutschen <a href=\"https:\/\/www.stuttgarter-zeitung.de\/thema\/Fahrrad\" title=\"Fahrrad\" class=\"art_thema\" rel=\"nofollow noopener\" target=\"_blank\">Fahrrad<\/a>-Clubs <a href=\"https:\/\/www.stuttgarter-zeitung.de\/thema\/Baden-W%C3%BCrttemberg\" title=\"Baden-W\u00fcrttemberg\" class=\"art_thema\" rel=\"nofollow noopener\" target=\"_blank\">Baden-W\u00fcrttemberg<\/a> (ADFC): Autos verboten.<\/p>\n<p>Aus allen Himmelsrichtungen machen sich am Sonntag, 21. Juni, Radler auf den Weg in Richtung <a href=\"https:\/\/www.stuttgarter-zeitung.de\/thema\/Stuttgart\" title=\"Stuttgart\" class=\"art_thema\" rel=\"nofollow noopener\" target=\"_blank\">Stuttgart<\/a>. Laut Veranstalter nahmen im vergangenen Jahr etwa 5400 Menschen teil und fuhren gemeinsam \u00fcber die B10 und die <a href=\"https:\/\/www.stuttgarter-zeitung.de\/thema\/B14\" title=\"B14\" class=\"art_thema\" rel=\"nofollow noopener\" target=\"_blank\">B14<\/a> zum <a href=\"https:\/\/www.stuttgarter-zeitung.de\/thema\/Schlossplatz\" title=\"Schlossplatz\" class=\"art_thema\" rel=\"nofollow noopener\" target=\"_blank\">Schlossplatz<\/a>. Die Botschaft der Demonstration ist laut dem ADFC: \u201eRadfahren muss f\u00fcr alle m\u00f6glich, sicher, komfortabel und selbstverst\u00e4ndlich sein!\u201c <\/p>\n<p>Trotz der politischen Bestrebungen, das Radwegenetz in Baden-W\u00fcrttemberg auszubauen, sei man noch weit von einer Mobilit\u00e4t entfernt, die sich an den Menschen orientiere und nicht am <a href=\"https:\/\/www.stuttgarter-zeitung.de\/thema\/Auto\" title=\"Auto\" class=\"art_thema\" rel=\"nofollow noopener\" target=\"_blank\">Auto<\/a>: \u201eTag f\u00fcr Tag m\u00fcssen wir uns die wenigen Fahrradstra\u00dfen mit Autofahrenden teilen. Gro\u00dfe Stra\u00dfen sind dagegen dem Autoverkehr vorbehalten. Aber einmal im Jahr demonstrieren wir genau dort f\u00fcr mehr Platz f\u00fcr uns Radfahrende\u201c, teilt der ADFC mit.<\/p>\n<p> Hier treffen sich die Demonstranten zur Sternfahrt <\/p>\n<p>Nach sechsj\u00e4hriger Pause fand die Fahrt <a href=\"https:\/\/www.stuttgarter-zeitung.de\/inhalt.kundgebung-in-stuttgart-tausende-fahrradfahrer-demonstrieren-bei-sternfahrt.a5513f1c-5f5a-4257-a54c-e9a518cd7381.html\" target=\"_blank\" rel=\"nofollow noopener\">im vergangenen Jahr erstmals wieder statt<\/a>. An fr\u00fcheren Ausfahrten h\u00e4tten bis zu 7000 Menschen teilgenommen. Gr\u00f6\u00dftenteils verlief die Veranstaltung im Vorjahr reibungslos. Lediglich ein Radfahrer st\u00fcrzte laut <a href=\"https:\/\/www.stuttgarter-zeitung.de\/thema\/Polizei\" title=\"Polizei\" class=\"art_thema\" rel=\"nofollow noopener\" target=\"_blank\">Polizei<\/a> im Kappelbergtunnel aufgrund eines Fahrfehlers und zog sich leichte Kopfverletzungen zu. <\/p>\n<p>F\u00fcr den ADFC war schon im Vorjahr klar, dass es eine Fortsetzung geben soll: \u201eDie Radsternfahrt im vergangenen Jahr war gro\u00dfartig\u201c, meint der ADFC. Und: \u201eWegen des Erfolges will der ADFC auch in Zukunft wieder eine Radsternfahrt nach Stuttgart planen.\u201c Diese Pl\u00e4ne werden nun wohl Wirklichkeit.<\/p>\n<p>  <img decoding=\"async\" loading=\"lazy\" src=\"https:\/\/www.europesays.com\/de\/wp-content\/uploads\/2026\/06\/media.media.87cb9ed8-a42f-4e58-a579-fda8e46dfb58.original1024.media.jpeg\"\/>     Die Polizei wird auch in diesem Jahr die Demonstrationsz\u00fcge begleiten    Foto: Lichtgut    <\/p>\n<p>Die geplanten Hauptstrecken verlaufen in diesem Jahr von <a href=\"https:\/\/www.stuttgarter-zeitung.de\/thema\/Esslingen\" title=\"Esslingen\" class=\"art_thema\" rel=\"nofollow noopener\" target=\"_blank\">Esslingen<\/a> \u00fcber die B10 in Richtung Stuttgart und von Norden herkommend von Stuttgart-Pragsattel aus. Treffpunkt in Esslingen ist (Stand 3. Juni) der Rathausplatz um 14 Uhr. In Pragsattel ist der Treffpunkt: Pragsattel\/Stresemannstra\u00dfe um 15 Uhr. \u00dcber die B14 verl\u00e4uft die Strecke von Stuttgart-Vaihingen in Richtung Schlossplatz und von Osten aus Richtung Waiblingen.<\/p>\n<p> In Vaihingen trifft man sich am Vaihinger Markt um 14.30 Uhr und in Waiblingen um 13.45 Uhr am Bahnhof. Wie im Vorjahr k\u00f6nne man laut ADFC auch unterwegs zur <a href=\"https:\/\/www.stuttgarter-zeitung.de\/thema\/Demo\" title=\"Demo\" class=\"art_thema\" rel=\"nofollow noopener\" target=\"_blank\">Demo<\/a> dazusto\u00dfen. Dies sei aber jeweils nur bis zum letzten Zustiegspunkt vor den Bundesstra\u00dfen m\u00f6glich. F\u00fcr Sicherheit sorge die Polizei, die den Demonstrationszug begleite.<\/p>\n<p> Sternfahrt: Kinder bekommen eine eigene Route, E-Scooter sind verboten <\/p>\n<p>Auch f\u00fcr Kinder gibt es eine Route: Diese f\u00fchrt vom Kronprinzplatz in Richtung Stuttgarter Zentrum. Man sammelt sich um 15 Uhr. Jugendliche k\u00f6nnen laut ADFC auch in Begleitung von Erwachsenen auf den Hauptrouten mitfahren. E-Scooter oder \u00e4hnliche Fahrzeuge seien auf allen Routen verboten. \u201eDas Befahren der Kraftfahrtstra\u00dfenabschnitte ist nur mit muskelbetriebenen Fahrzeugen m\u00f6glich, damit du sie auch bei Ausfall des elektrischen Antriebs im Rahmen der Demonstration verlassen kannst\u201c, teilt der ADFC mit.<\/p>\n<p>Genaue Details zum Streckenverlauf und den geplanten Treffpunkten gibt es auf einer interaktiven Karte, die auf der Internetseite des ADFC zu finden ist: bw.adfc.de.<\/p>\n","protected":false},"excerpt":{"rendered":"An diesem Tag ist es andersrum: W\u00e4hrend sonst die B10 f\u00fcr Radfahrer tabu ist, gilt w\u00e4hrend der Sternfahrt&hellip;\n","protected":false},"author":2,"featured_media":1072732,"comment_status":"","ping_status":"","sticky":false,"template":"","format":"standard","meta":{"footnotes":"","_share_on_mastodon":"0"},"categories":[1830],"tags":[7380,513,1634,3364,29,3439,228325,30,3438,121,14655,33641,1441],"class_list":["post-1072731","post","type-post","status-publish","format-standard","has-post-thumbnail","category-stuttgart","tag-adfc","tag-auto","tag-baden-wuerttemberg","tag-de","tag-deutschland","tag-esslingen","tag-frederic-feicht","tag-germany","tag-landkreis-esslingen","tag-polizei","tag-schlossplatz","tag-sternfahrt","tag-stuttgart"],"share_on_mastodon":{"url":"https:\/\/pubeurope.com\/@de\/116699680517305659","error":""},"_links":{"self":[{"href":"https:\/\/www.europesays.com\/de\/wp-json\/wp\/v2\/posts\/1072731","targetHints":{"allow":["GET"]}}],"collection":[{"href":"https:\/\/www.europesays.com\/de\/wp-json\/wp\/v2\/posts"}],"about":[{"href":"https:\/\/www.europesays.com\/de\/wp-json\/wp\/v2\/types\/post"}],"author":[{"embeddable":true,"href":"https:\/\/www.europesays.com\/de\/wp-json\/wp\/v2\/users\/2"}],"replies":[{"embeddable":true,"href":"https:\/\/www.europesays.com\/de\/wp-json\/wp\/v2\/comments?post=1072731"}],"version-history":[{"count":0,"href":"https:\/\/www.europesays.com\/de\/wp-json\/wp\/v2\/posts\/1072731\/revisions"}],"wp:featuredmedia":[{"embeddable":true,"href":"https:\/\/www.europesays.com\/de\/wp-json\/wp\/v2\/media\/1072732"}],"wp:attachment":[{"href":"https:\/\/www.europesays.com\/de\/wp-json\/wp\/v2\/media?parent=1072731"}],"wp:term":[{"taxonomy":"category","embeddable":true,"href":"https:\/\/www.europesays.com\/de\/wp-json\/wp\/v2\/categories?post=1072731"},{"taxonomy":"post_tag","embeddable":true,"href":"https:\/\/www.europesays.com\/de\/wp-json\/wp\/v2\/tags?post=1072731"}],"curies":[{"name":"wp","href":"https:\/\/api.w.org\/{rel}","templated":true}]}}