{"id":1072733,"date":"2026-06-05T21:42:17","date_gmt":"2026-06-05T21:42:17","guid":{"rendered":"https:\/\/www.europesays.com\/de\/1072733\/"},"modified":"2026-06-05T21:42:17","modified_gmt":"2026-06-05T21:42:17","slug":"wittwer-bau-stuttgart-wie-eine-architekten-initiative-das-herz-der-stuttgarter-city-retten-will-2","status":"publish","type":"post","link":"https:\/\/www.europesays.com\/de\/1072733\/","title":{"rendered":"Wittwer-Bau Stuttgart: Wie eine Architekten-Initiative das Herz der Stuttgarter City retten will"},"content":{"rendered":"<p>\t\t\t\t\t\t\t\t\t\t\t\t\t\t\t\t\t\t\t\t\t\t\t\t\t\t\t\t      \t\t            \t\t             \t\t\t\t   \t\t\t\t\t   <img decoding=\"async\" id=\"article-image\" fetchpriority=\"high\" alt=\"Wittwer-Bau Stuttgart: Wie eine Architekten-Initiative das Herz der Stuttgarter City retten will\" title=\"Wittwer-Bau Stuttgart: Wie eine Architekten-Initiative das Herz der Stuttgarter City retten will\" src=\"https:\/\/www.europesays.com\/de\/wp-content\/uploads\/2026\/06\/media.media.48079762-48f3-4c2e-8704-8b18729bffb2.16x9_700.jpg\" data-linkto=\"https:\/\/www.stuttgarter-nachrichten.de\/javascript:void(0);\"\/>\t\t\t\t\t\t\t\t\t\t\t\t\t\t\t\t\t\t\t\t\t\t\t\tWittwer-Bau Stuttgart\u00a0Foto: StZN\/Golombek\t\t\t<\/p>\n<p>In Stuttgarts Architektenschaft formiert sich massiver \u00f6ffentlicher Widerstand gegen den geplanten Wittwer-Abriss. Was hinter dem Projekt \u201eWITTWER IST NICHT FERTIG\u201c steckt.<\/p>\n<p> In der Stuttgarter Architektenschaft formiert sich nun auch \u00f6ffentlicher Widerstand gegen den<a href=\"https:\/\/www.stuttgarter-nachrichten.de\/inhalt.koenigstrasse-in-stuttgart-wittwerhaus-wird-abgerissen-und-was-kommt-dann.2c2f4622-1a90-4cb4-aba4-922afba092aa.html\" target=\"_blank\" rel=\"nofollow noopener\"> geplanten Abriss<\/a> des <a href=\"https:\/\/www.stuttgarter-nachrichten.de\/inhalt.abriss-wittwer-haus-stuttgart-warum-das-denkmalamt-den-stuttgarter-wittwer-nicht-schuetzen-will.74f368cb-6e1c-4e25-a305-d9826a779831.html\" target=\"_blank\" rel=\"nofollow noopener\">Wittwer-Hauses<\/a> in der Stuttgarter <a href=\"https:\/\/www.stuttgarter-nachrichten.de\/thema\/K%C3%B6nigstra%C3%9Fe\" title=\"K\u00f6nigstra\u00dfe\" class=\"art_thema\" rel=\"nofollow noopener\" target=\"_blank\">K\u00f6nigstra\u00dfe<\/a>. Der Bund Deutscher Architektinnen und Architekten (BDA) <a href=\"https:\/\/www.stuttgarter-nachrichten.de\/thema\/Baden-W%C3%BCrttemberg\" title=\"Baden-W\u00fcrttemberg\" class=\"art_thema\" rel=\"nofollow noopener\" target=\"_blank\">Baden-W\u00fcrttemberg<\/a> und der Wechselraum <a href=\"https:\/\/www.stuttgarter-nachrichten.de\/thema\/Stuttgart\" title=\"Stuttgart\" class=\"art_thema\" rel=\"nofollow noopener\" target=\"_blank\">Stuttgart<\/a> wollen zugleich eine konstruktive Debatte zur Stadtkultur in Gang setzen.<\/p>\n<p>\u201eWITTWER IST NICHT FERTIG\u201c hei\u00dft eine \u00f6ffentliche Plattform zum <a href=\"https:\/\/www.stuttgarter-zeitung.de\/inhalt.wittwer-bau-stuttgart-machtkampf-um-wittwer-bau-fraktion-will-abriss-mit-erhaltungssatzung-stoppen.414e7508-011c-4ec1-adbf-93de9aac5490.html\" target=\"_blank\" rel=\"nofollow noopener\">geplanten Abriss<\/a>. Ziel der Initiative sei es, so der BDA, \u201edie aktuelle Debatte um das Geb\u00e4ude aufzugreifen, <a href=\"https:\/\/www.stuttgarter-zeitung.de\/inhalt.abrissplaene-in-stuttgart-stuttgart-lernt-einfach-nichts-dazu-deutliche-kritik-an-wittwer-abriss.bff52095-c877-4fd7-93bd-997e0ba58217.html\" target=\"_blank\" rel=\"nofollow noopener\">unterschiedliche Stimmen<\/a> sichtbar zu machen und Fragen von Architektur, Ressourcenverantwortung und Stadt\u00f6ffentlichkeit in einen breiteren Zusammenhang zu stellen.\u201c Auf der Homepage <a href=\"https:\/\/wittweristnichtfertig.de\/\" target=\"_blank\" rel=\"nofollow noopener\">www.wittweristnichtfertig.de<\/a> sollen Stimmen aus Architektur, Stadtplanung, Lehre, Gestaltung, Initiativen und Stadtgesellschaft geb\u00fcndelt werden.<\/p>\n<p>Protest auf der K\u00f6nigstra\u00dfe: Eine \u201eLange Tafel\u201c f\u00fcr die Baukultur <\/p>\n<p>Geplant sind in den kommenden Wochen verschiedene Formate in der digitalen und analogen Welt. Mitten auf der K\u00f6nigstra\u00dfe zum Beispiel findet am 19. Juni vom 16 bis 20 Uhr eine \u201eLange Tafel der Baukultur\u201c am bundesweiten Aktionstag der Bundesstiftung Baukultur statt. Die Tafel soll m\u00f6glichst am Kleinen <a href=\"https:\/\/www.stuttgarter-nachrichten.de\/thema\/Schlossplatz\" title=\"Schlossplatz\" class=\"art_thema\" rel=\"nofollow noopener\" target=\"_blank\">Schlossplatz<\/a> stattfinden, hei\u00dft es von Seiten des BDA. Im Juli wird es im Ausstellungsraum Wechselraum Stuttgart in der Friedrichstra\u00dfe zudem um die Debatte gehen.<\/p>\n<p>Das Wittwer-Haus stehe \u201enicht nur f\u00fcr ein einzelnes Geb\u00e4ude, sondern f\u00fcr einen architektonischen und st\u00e4dtebaulichen Zusammenhang, der eng mit der Nachkriegsmoderne in Stuttgart verbunden ist\u201c. Gemeint ist sowohl die Architektur von Kammerer + Belz als auch das Ensemble des Kleinen Schlossplatzes, welches 1969 mit dem ersten<a href=\"https:\/\/www.stuttgarter-zeitung.de\/inhalt.architekturpreis-der-grosse-hugo-2024-stuttgarter-bueros-erfolgreich-beim-wichtigsten-architekturpreis-im-land.1ea799c2-6984-4102-9501-7f95867a1a32.html\" target=\"_blank\" rel=\"nofollow noopener\"> Hugo-H\u00e4ring-Preis<\/a> des BDA Baden-W\u00fcrttemberg ausgezeichnet wurde.<\/p>\n<p>  <img decoding=\"async\" loading=\"lazy\" src=\"https:\/\/www.europesays.com\/de\/wp-content\/uploads\/2026\/06\/1780695737_980_media.media.e331f055-16cc-4012-afc2-44bbb7f85ba8.original1024.media.jpeg\"\/>     Der Stuttgarter Wittwer-Bau ist von vielen Seiten aus begehbar \u2013 im Bild mit Caf\u00e9 auf dem Oberen Schlossplatz. Auf dem    Foto: Brutalist Wednesdays    Wie die Stadt Stuttgart mit ihren gebauten Ressourcen umgeht <\/p>\n<p>Der drohende Abriss, so Bernita Le Gerrette, Architektin und Gesch\u00e4ftsf\u00fchrerin des BDA Baden-W\u00fcrttemberg, ber\u00fchre \u201eweit mehr als eine isolierte bauliche Entscheidung: Er verweist auf die grunds\u00e4tzliche Frage, wie eine Stadt mit ihrer gebauten Substanz, ihrer Geschichte und Identit\u00e4t sowie ihren r\u00e4umlichen Ressourcen umgeht.\u201c<\/p>\n<p>Mit dem Fall Wittwer stehe nicht nur ein Geb\u00e4ude zur Debatte, \u201esondern auch die Frage, welchen Wert Bestand, Geschichte und lebendige Stadtkultur in unseren St\u00e4dten k\u00fcnftig noch haben. Die Kampagne versteht sich als \u00f6ffentliche Einladung, diese Debatte nicht vorschnell auf technische oder \u00f6konomische Argumente zu verk\u00fcrzen.\u201c<\/p>\n","protected":false},"excerpt":{"rendered":"Wittwer-Bau Stuttgart\u00a0Foto: StZN\/Golombek In Stuttgarts Architektenschaft formiert sich massiver \u00f6ffentlicher Widerstand gegen den geplanten Wittwer-Abriss. Was hinter dem&hellip;\n","protected":false},"author":2,"featured_media":1072476,"comment_status":"","ping_status":"","sticky":false,"template":"","format":"standard","meta":{"footnotes":"","_share_on_mastodon":"0"},"categories":[1830],"tags":[228303,1634,34536,44375,3364,29,30,224819,6139,216365,14655,1441,3762],"class_list":["post-1072733","post","type-post","status-publish","format-standard","has-post-thumbnail","category-stuttgart","tag-abrisswut","tag-baden-wuerttemberg","tag-baukultur","tag-bda","tag-de","tag-deutschland","tag-germany","tag-hans-kammerer","tag-koenigstrasse","tag-nicole-golombek","tag-schlossplatz","tag-stuttgart","tag-thalia"],"share_on_mastodon":{"url":"https:\/\/pubeurope.com\/@de\/116699683527250424","error":""},"_links":{"self":[{"href":"https:\/\/www.europesays.com\/de\/wp-json\/wp\/v2\/posts\/1072733","targetHints":{"allow":["GET"]}}],"collection":[{"href":"https:\/\/www.europesays.com\/de\/wp-json\/wp\/v2\/posts"}],"about":[{"href":"https:\/\/www.europesays.com\/de\/wp-json\/wp\/v2\/types\/post"}],"author":[{"embeddable":true,"href":"https:\/\/www.europesays.com\/de\/wp-json\/wp\/v2\/users\/2"}],"replies":[{"embeddable":true,"href":"https:\/\/www.europesays.com\/de\/wp-json\/wp\/v2\/comments?post=1072733"}],"version-history":[{"count":0,"href":"https:\/\/www.europesays.com\/de\/wp-json\/wp\/v2\/posts\/1072733\/revisions"}],"wp:featuredmedia":[{"embeddable":true,"href":"https:\/\/www.europesays.com\/de\/wp-json\/wp\/v2\/media\/1072476"}],"wp:attachment":[{"href":"https:\/\/www.europesays.com\/de\/wp-json\/wp\/v2\/media?parent=1072733"}],"wp:term":[{"taxonomy":"category","embeddable":true,"href":"https:\/\/www.europesays.com\/de\/wp-json\/wp\/v2\/categories?post=1072733"},{"taxonomy":"post_tag","embeddable":true,"href":"https:\/\/www.europesays.com\/de\/wp-json\/wp\/v2\/tags?post=1072733"}],"curies":[{"name":"wp","href":"https:\/\/api.w.org\/{rel}","templated":true}]}}