{"id":1072757,"date":"2026-06-05T21:56:18","date_gmt":"2026-06-05T21:56:18","guid":{"rendered":"https:\/\/www.europesays.com\/de\/1072757\/"},"modified":"2026-06-05T21:56:18","modified_gmt":"2026-06-05T21:56:18","slug":"45-jahre-schwulenberatung-berlin-rund-700-gaeste-feiern-vielfalt-solidaritaet-und","status":"publish","type":"post","link":"https:\/\/www.europesays.com\/de\/1072757\/","title":{"rendered":"45 Jahre Schwulenberatung Berlin: Rund 700 G\u00e4ste feiern Vielfalt, Solidarit\u00e4t und &#8230;"},"content":{"rendered":"<p class=\"date\">05.06.2026 \u2013 20:00<\/p>\n<p class=\"customer\">\n                        <a class=\"story-customer\" title=\"weiter zum newsroom von Schwulenberatung Berlin gGmbH\" href=\"https:\/\/www.presseportal.de\/nr\/80130\" rel=\"nofollow noopener\" target=\"_blank\">Schwulenberatung Berlin gGmbH<\/a>\n                    <\/p>\n<p><a data-category=\"citylink-story-view\" data-action=\"click\" data-label=\"Citylink in Meldungsansicht\" class=\"story-city event-trigger\" href=\"https:\/\/www.presseportal.de\/regional\/Berlin\" title=\"News aus Berlin \" rel=\"nofollow noopener\" target=\"_blank\">Berlin<\/a> (ots)<\/p>\n<p> Mit einem festlichen Empfang im Berliner Metropol am Nollendorfplatz feierte die Schwulenberatung Berlin am Freitagabend ihr 45-j\u00e4hriges Bestehen. Rund 700 G\u00e4ste aus Politik, Wirtschaft, Kultur, Aktivismus und Community kamen zusammen, um die Geschichte, die Gegenwart und die Zukunft einer Organisation zu w\u00fcrdigen, die heute als gr\u00f6\u00dfte Hilfseinrichtung Europas f\u00fcr LSBTI*-Menschen gilt. <\/p>\n<p> Zu den Redner*innen des Abends geh\u00f6rten der Regierende B\u00fcrgermeister von Berlin, Kai Wegner, sowie die Publizistin und Autorin Carolin Emcke. Beide w\u00fcrdigten in ihren Beitr\u00e4gen die gesellschaftliche Bedeutung der Schwulenberatung Berlin und erinnerten an die Herausforderungen, mit denen queere Menschen auch heute noch konfrontiert sind. <\/p>\n<p> Was einst als kleine Selbsthilfeinitiative begann, entwickelte sich \u00fcber Jahrzehnte zu einer der wichtigsten sozialen Organisationen f\u00fcr LSBTI*-Menschen in Europa. Heute arbeiten \u00fcber 290 Mitarbeiter*innen aus mehr als 36 Nationen an f\u00fcnf Standorten in Berlin. J\u00e4hrlich begleitet und ber\u00e4t die Organisation tausende Menschen in unterschiedlichsten Lebenssituationen &#8211; von Jugendhilfe \u00fcber Beratung, Pflege, Wohnen bis hin zu Angeboten f\u00fcr \u00e4ltere LSBTI*-Menschen, queere Gefl\u00fcchtete und eine Grab- und Gedenkst\u00e4tte f\u00fcr LSBTI*. <\/p>\n<p> In den Redebeitr\u00e4gen wurde deutlich, wie eng die Geschichte der Schwulenberatung Berlin mit der demokratischen Gesellschaft und den Wandel Berlins verbunden ist. Themen wie Sichtbarkeit, Akzeptanz, Selbstbestimmung und der Kampf gegen Diskriminierung ziehen sich seit 45 Jahren durch die Arbeit der Organisation. Gleichzeitig wurde betont, dass queerpolitische Errungenschaften keine Selbstverst\u00e4ndlichkeit sind und weiterhin Schutzr\u00e4ume, und gesellschaftliches Engagement ben\u00f6tigt werden. <\/p>\n<p> &#8222;45 Jahre Schwulenberatung Berlin bedeuten 45 Jahre Haltung, Solidarit\u00e4t und Unterst\u00fctzung f\u00fcr Menschen, die oft Ausgrenzung erfahren haben&#8220;, betonte Gesch\u00e4ftsf\u00fchrer Marcel de Groot in seiner Ansprache. &#8222;Unsere Arbeit war immer politisch &#8211; weil queeres Leben auch in der Regenbogenhauptstadt Berlin sichtbar und gesch\u00fctzt sein muss.&#8220; <\/p>\n<p> Der Empfang brachte zahlreiche Vertreter*innen aus Berliner Institutionen, sozialen Organisationen, Unternehmen, Kultur und Politik zusammen und wurde zugleich zu einem sichtbaren Zeichen f\u00fcr Vielfalt und queeres Leben in Berlin. <\/p>\n<p> Im Anschluss an den offiziellen Empfang wurde gemeinsam gefeiert. Die \u00f6ffentliche Jubil\u00e4umsparty im Metropol kn\u00fcpfte an die lange Geschichte queerer Kultur und Community in Berlin an und machte deutlich: Die Schwulenberatung Berlin ist nicht nur eine soziale Einrichtung, sondern seit 45 Jahren ein wichtiger Teil der Regenbogenhauptstadt Berlin. <\/p>\n<p class=\"contact-headline\">Pressekontakt:<\/p>\n<p class=\"contact-text\">Pascal Ferro<br \/><a href=\"https:\/\/www.presseportal.de\/pm\/80130\/mailto:p.ferro@schwulenberatungberlin.de\" class=\"uri-mailto\" rel=\"nofollow noopener\" target=\"_blank\">p.ferro@schwulenberatungberlin.de<\/a><br \/>Tel. 030 &#8211; 44 66 88 111<\/p>\n<p class=\"originator\">Original-Content von: Schwulenberatung Berlin gGmbH, \u00fcbermittelt durch news aktuell<\/p>\n","protected":false},"excerpt":{"rendered":"05.06.2026 \u2013 20:00 Schwulenberatung Berlin gGmbH Berlin (ots) Mit einem festlichen Empfang im Berliner Metropol am Nollendorfplatz feierte&hellip;\n","protected":false},"author":2,"featured_media":386213,"comment_status":"","ping_status":"","sticky":false,"template":"","format":"standard","meta":{"footnotes":"","_share_on_mastodon":"0"},"categories":[1825],"tags":[296,29,35206,30,1724,27,17762,228327,178,180,179,181,1458],"class_list":["post-1072757","post","type-post","status-publish","format-standard","has-post-thumbnail","category-berlin","tag-berlin","tag-deutschland","tag-empfang","tag-germany","tag-gesellschaft","tag-hilfsorganisation","tag-jubilum","tag-lsbti-menschen","tag-presse","tag-pressemeldung","tag-pressemitteilung","tag-pressemitteilungen","tag-soziales"],"share_on_mastodon":{"url":"","error":""},"_links":{"self":[{"href":"https:\/\/www.europesays.com\/de\/wp-json\/wp\/v2\/posts\/1072757","targetHints":{"allow":["GET"]}}],"collection":[{"href":"https:\/\/www.europesays.com\/de\/wp-json\/wp\/v2\/posts"}],"about":[{"href":"https:\/\/www.europesays.com\/de\/wp-json\/wp\/v2\/types\/post"}],"author":[{"embeddable":true,"href":"https:\/\/www.europesays.com\/de\/wp-json\/wp\/v2\/users\/2"}],"replies":[{"embeddable":true,"href":"https:\/\/www.europesays.com\/de\/wp-json\/wp\/v2\/comments?post=1072757"}],"version-history":[{"count":0,"href":"https:\/\/www.europesays.com\/de\/wp-json\/wp\/v2\/posts\/1072757\/revisions"}],"wp:featuredmedia":[{"embeddable":true,"href":"https:\/\/www.europesays.com\/de\/wp-json\/wp\/v2\/media\/386213"}],"wp:attachment":[{"href":"https:\/\/www.europesays.com\/de\/wp-json\/wp\/v2\/media?parent=1072757"}],"wp:term":[{"taxonomy":"category","embeddable":true,"href":"https:\/\/www.europesays.com\/de\/wp-json\/wp\/v2\/categories?post=1072757"},{"taxonomy":"post_tag","embeddable":true,"href":"https:\/\/www.europesays.com\/de\/wp-json\/wp\/v2\/tags?post=1072757"}],"curies":[{"name":"wp","href":"https:\/\/api.w.org\/{rel}","templated":true}]}}