{"id":1073038,"date":"2026-06-06T00:40:15","date_gmt":"2026-06-06T00:40:15","guid":{"rendered":"https:\/\/www.europesays.com\/de\/1073038\/"},"modified":"2026-06-06T00:40:15","modified_gmt":"2026-06-06T00:40:15","slug":"ihk-und-eberswalder-wurst-verstaendigen-sich-bei-nutzung-der-marke-eberswalder","status":"publish","type":"post","link":"https:\/\/www.europesays.com\/de\/1073038\/","title":{"rendered":"IHK und Eberswalder Wurst verst\u00e4ndigen sich bei Nutzung der Marke &#8222;Eberswalder&#8220;"},"content":{"rendered":"<p>Die Eberswalder Wurst GmbH &#8211; die zum T\u00f6nnis-Konzern geh\u00f6rt &#8211; hatte im Januar angek\u00fcndigt, die <a data-doctype=\"beitrag\" href=\"https:\/\/www.rbb24.de\/wirtschaft\/beitrag\/2026\/01\/barnim-eberswalde-wurstwerke-werden-geschlossen-500-Beschftigte-verlieren-job.html\" rel=\"nofollow noopener\" target=\"_blank\">Produktion am Standort Britz nach \u00fcber 50 Jahren einzustellen<\/a>. Mehr als 500 Mitarbeiter des traditionsreichen Werks verloren damit ihren Job.<\/p>\n<p>Im Nachgang entbrannte ein Streit um die Namensgebung. <a data-doctype=\"sendeplatz\" href=\"https:\/\/www.rbb24.de\/wirtschaft\/beitrag\/2026\/05\/eberswalder-wurst-verbraucher-zentrale-taueschung-abmahnung.html\" rel=\"nofollow noopener\" target=\"_blank\">Erst in der vergangenen Woche<\/a> warf die Verbraucherzentrale Brandenburg dem Hersteller der Eberswalder Wurst und der Supermarkt-Kette Kaufland Verbrauchert\u00e4uschung vor und hat beide abgemahnt.<\/p>\n<p>Hintergrund ist, dass die Marke Eberswalder Wurst seit der Werksschlie\u00dfung nicht mehr bei Eberswalde produziert wird, jedoch der Markenname und auch die Bewerbung der Produkte mit &#8222;Hergestellt in Brandenburg&#8220; dies implizieren w\u00fcrden. Eine \u00e4hnliche Argumentation hatte bereits die Industrie- und Handelskammer (IHK) Ostbrandenburg ge\u00e4u\u00dfert, die <a href=\"https:\/\/www.rbb24.de\/wirtschaft\/beitrag\/2026\/01\/wurst-eberswalde-ihk-marke-schutz-wuerstchen-toennies-schliessung.html\" rel=\"nofollow noopener\" target=\"_blank\">die Namensrechte der &#8222;Eberswalder W\u00fcrstchen&#8220; nach rbb-Information besitzt<\/a>.<\/p>\n<p>Von der Eberswalder Wurst GmbH hie\u00df es daraufhin, dass man im Austausch mit der Verbraucherzentrale stehe und die Kennzeichnung aktuell so sch\u00e4rfen w\u00fcrde, dass Verbraucher die jeweiligen Produktionsstandorte auf der Verpackung &#8222;noch leichter erkennen k\u00f6nnen&#8220;, hie\u00df es weiter. Eine Reihe von Produkten sei bereits mit entsprechenden Angaben umgestellt worden.<\/p>\n","protected":false},"excerpt":{"rendered":"Die Eberswalder Wurst GmbH &#8211; die zum T\u00f6nnis-Konzern geh\u00f6rt &#8211; hatte im Januar angek\u00fcndigt, die Produktion am Standort&hellip;\n","protected":false},"author":2,"featured_media":1073039,"comment_status":"","ping_status":"","sticky":false,"template":"","format":"standard","meta":{"footnotes":"","_share_on_mastodon":"0"},"categories":[1816],"tags":[1960,1958,1959,1957,138267,1956,1890,29,30],"class_list":["post-1073038","post","type-post","status-publish","format-standard","has-post-thumbnail","category-brandenburg","tag-aktuelle-nachrichten-aus-berlin-und-brandenburg","tag-aktuelle-nachrichten-aus-brandenburg","tag-aktuelle-news-aus-berlin-und-brandenburg","tag-aktuelle-news-aus-brandenburg","tag-barnim","tag-berlin-und-brandenburg","tag-brandenburg","tag-deutschland","tag-germany"],"share_on_mastodon":{"url":"https:\/\/pubeurope.com\/@de\/116700383005015258","error":""},"_links":{"self":[{"href":"https:\/\/www.europesays.com\/de\/wp-json\/wp\/v2\/posts\/1073038","targetHints":{"allow":["GET"]}}],"collection":[{"href":"https:\/\/www.europesays.com\/de\/wp-json\/wp\/v2\/posts"}],"about":[{"href":"https:\/\/www.europesays.com\/de\/wp-json\/wp\/v2\/types\/post"}],"author":[{"embeddable":true,"href":"https:\/\/www.europesays.com\/de\/wp-json\/wp\/v2\/users\/2"}],"replies":[{"embeddable":true,"href":"https:\/\/www.europesays.com\/de\/wp-json\/wp\/v2\/comments?post=1073038"}],"version-history":[{"count":0,"href":"https:\/\/www.europesays.com\/de\/wp-json\/wp\/v2\/posts\/1073038\/revisions"}],"wp:featuredmedia":[{"embeddable":true,"href":"https:\/\/www.europesays.com\/de\/wp-json\/wp\/v2\/media\/1073039"}],"wp:attachment":[{"href":"https:\/\/www.europesays.com\/de\/wp-json\/wp\/v2\/media?parent=1073038"}],"wp:term":[{"taxonomy":"category","embeddable":true,"href":"https:\/\/www.europesays.com\/de\/wp-json\/wp\/v2\/categories?post=1073038"},{"taxonomy":"post_tag","embeddable":true,"href":"https:\/\/www.europesays.com\/de\/wp-json\/wp\/v2\/tags?post=1073038"}],"curies":[{"name":"wp","href":"https:\/\/api.w.org\/{rel}","templated":true}]}}