{"id":1073086,"date":"2026-06-06T01:08:17","date_gmt":"2026-06-06T01:08:17","guid":{"rendered":"https:\/\/www.europesays.com\/de\/1073086\/"},"modified":"2026-06-06T01:08:17","modified_gmt":"2026-06-06T01:08:17","slug":"gelegenheiten-fuer-gespraeche-die-weiterwirken","status":"publish","type":"post","link":"https:\/\/www.europesays.com\/de\/1073086\/","title":{"rendered":"Gelegenheiten f\u00fcr Gespr\u00e4che, die weiterwirken"},"content":{"rendered":"<p class=\"paragraph --regular --color\" data-v-ad2bcb75=\"\" data-v-5c4b7507=\"\">(nwz). Nach Vortr\u00e4gen und Fragerunde bot die begleitende Mini-Messe im Foyer des Mainzer Verlagshauses einen gelungenen Abschluss des VRM-Expertenforums \u201eErben &amp; Vererben\u201c. Bei Snacks und Erfrischungen gab es Gelegenheit, weitere Informationen mitzunehmen, Kontakte zu kn\u00fcpfen und direkt mit den Expertinnen und Experten ins Gespr\u00e4ch zu kommen. In angenehmer Atmosph\u00e4re nutzten viele Besucherinnen und Besucher die M\u00f6glichkeit, pers\u00f6nliche Nachfragen zu stellen, Beratungsm\u00f6glichkeiten kennenzulernen und sich untereinander auszutauschen. Die Ansprechpersonen waren sich einig: Das neue Veranstaltungsformat bot nicht nur wertvolle Informationen, sondern auch Impulse zum Nachdenken und Handeln \u2013 weit \u00fcber den Abend hinaus. Ein Blickfang im Foyer war ein gro\u00dfer Glaszylinder voller Goldm\u00fcnzen. Die G\u00e4ste konnten sch\u00e4tzen, wie viele M\u00fcnzen sich darin befinden und welches Gewicht sie haben. Das Gewinnspiel symbolisierte das Thema des Abends: Kompetenz rund um Vorsorge, Verm\u00f6gen und Nachlass ist im wahrsten Sinne des Wortes Gold wert. Am Stand der \u201e4w\u00e4ndekanzlei\u201c stellten sich Markus Weis und sein Team allen Fragen rund um Immobilien. Passend zum Leitspruch \u201eleben, wohnen, finanzieren\u201c ber\u00e4t das Unternehmen Eigent\u00fcmerinnen und Eigent\u00fcmer an den Standorten in Alzey, Frankenthal und Darmstadt. Wer sich f\u00fcr den Wert eigener Immobilien interessierte, konnte Gutscheine f\u00fcr eine kostenlose und marktgerechte Bewertung mitnehmen. <\/p>\n","protected":false},"excerpt":{"rendered":"(nwz). Nach Vortr\u00e4gen und Fragerunde bot die begleitende Mini-Messe im Foyer des Mainzer Verlagshauses einen gelungenen Abschluss des&hellip;\n","protected":false},"author":2,"featured_media":1073087,"comment_status":"","ping_status":"","sticky":false,"template":"","format":"standard","meta":{"footnotes":"","_share_on_mastodon":"0"},"categories":[1847],"tags":[5650,5651,5652,5654,5655,3364,29,548,663,3934,30,5660,13,2052,5656,5653,5657,1427,14,15,5659,5658,5661,12,4544,5662],"class_list":["post-1073086","post","type-post","status-publish","format-standard","has-post-thumbnail","category-wiesbaden","tag-alzey","tag-bad-kreuznach","tag-bad-sobernheim","tag-bingen","tag-buerstadt","tag-de","tag-deutschland","tag-eu","tag-europa","tag-europe","tag-germany","tag-guntersblum","tag-headlines","tag-hessen","tag-ingelheim","tag-kirn","tag-lampertheim","tag-mainz","tag-nachrichten","tag-news","tag-nierstein","tag-oppenheim","tag-ruesselsheim","tag-schlagzeilen","tag-wiesbaden","tag-worms"],"share_on_mastodon":{"url":"https:\/\/pubeurope.com\/@de\/116700493246773823","error":""},"_links":{"self":[{"href":"https:\/\/www.europesays.com\/de\/wp-json\/wp\/v2\/posts\/1073086","targetHints":{"allow":["GET"]}}],"collection":[{"href":"https:\/\/www.europesays.com\/de\/wp-json\/wp\/v2\/posts"}],"about":[{"href":"https:\/\/www.europesays.com\/de\/wp-json\/wp\/v2\/types\/post"}],"author":[{"embeddable":true,"href":"https:\/\/www.europesays.com\/de\/wp-json\/wp\/v2\/users\/2"}],"replies":[{"embeddable":true,"href":"https:\/\/www.europesays.com\/de\/wp-json\/wp\/v2\/comments?post=1073086"}],"version-history":[{"count":0,"href":"https:\/\/www.europesays.com\/de\/wp-json\/wp\/v2\/posts\/1073086\/revisions"}],"wp:featuredmedia":[{"embeddable":true,"href":"https:\/\/www.europesays.com\/de\/wp-json\/wp\/v2\/media\/1073087"}],"wp:attachment":[{"href":"https:\/\/www.europesays.com\/de\/wp-json\/wp\/v2\/media?parent=1073086"}],"wp:term":[{"taxonomy":"category","embeddable":true,"href":"https:\/\/www.europesays.com\/de\/wp-json\/wp\/v2\/categories?post=1073086"},{"taxonomy":"post_tag","embeddable":true,"href":"https:\/\/www.europesays.com\/de\/wp-json\/wp\/v2\/tags?post=1073086"}],"curies":[{"name":"wp","href":"https:\/\/api.w.org\/{rel}","templated":true}]}}