{"id":1073355,"date":"2026-06-06T03:46:21","date_gmt":"2026-06-06T03:46:21","guid":{"rendered":"https:\/\/www.europesays.com\/de\/1073355\/"},"modified":"2026-06-06T03:46:21","modified_gmt":"2026-06-06T03:46:21","slug":"nathaniel-brown-bayerns-poker-um-frankfurts-wm-fahrer-sport","status":"publish","type":"post","link":"https:\/\/www.europesays.com\/de\/1073355\/","title":{"rendered":"Nathaniel Brown: Bayerns Poker um Frankfurts WM-Fahrer | Sport"},"content":{"rendered":"<p><b>Nathaniel Brown konzentriert sich bei der WM auf den Fu\u00dfball, hinter den Kulissen l\u00e4uft jedoch der Poker um seinen Mega-Wechsel zu Bayern bereits auf Hochtouren. Mit dem Spieler ist alles klar, jetzt muss Bayern-Boss Max Eberl Eintracht-Manager Markus Kr\u00f6sche \u00fcberzeugen.<\/b><\/p>\n<p><b>Alle Hintergr\u00fcnde, wie genau der Poker jetzt abl\u00e4uft, welche Voraussetzungen Eintracht aufstellt, auf was Bayern aufpassen muss, was ein Brown-Transfer f\u00fcr Alphonso Davies bedeuten w\u00fcrde und weitere spannende Details lesen Sie mit BILDplus!<\/b><\/p>\n","protected":false},"excerpt":{"rendered":"Nathaniel Brown konzentriert sich bei der WM auf den Fu\u00dfball, hinter den Kulissen l\u00e4uft jedoch der Poker um&hellip;\n","protected":false},"author":2,"featured_media":1073356,"comment_status":"","ping_status":"","sticky":false,"template":"","format":"standard","meta":{"footnotes":"","_share_on_mastodon":"0"},"categories":[136],"tags":[1263,29,34919,460,538,458,30,16656,7164,265,1470,469,1576],"class_list":["post-1073355","post","type-post","status-publish","format-standard","has-post-thumbnail","category-sport","tag-aufmacher-bereich","tag-deutschland","tag-dreesen-jan-christian","tag-eintracht-frankfurt","tag-erste-bundesliga","tag-fc-bayern-muenchen","tag-germany","tag-hellmann-axel","tag-kroesche-markus","tag-sport","tag-sport-leuchtturm-muenchen","tag-sport-leuchtturm-zentral","tag-super-a-teaser"],"share_on_mastodon":{"url":"https:\/\/pubeurope.com\/@de\/116701114470043621","error":""},"_links":{"self":[{"href":"https:\/\/www.europesays.com\/de\/wp-json\/wp\/v2\/posts\/1073355","targetHints":{"allow":["GET"]}}],"collection":[{"href":"https:\/\/www.europesays.com\/de\/wp-json\/wp\/v2\/posts"}],"about":[{"href":"https:\/\/www.europesays.com\/de\/wp-json\/wp\/v2\/types\/post"}],"author":[{"embeddable":true,"href":"https:\/\/www.europesays.com\/de\/wp-json\/wp\/v2\/users\/2"}],"replies":[{"embeddable":true,"href":"https:\/\/www.europesays.com\/de\/wp-json\/wp\/v2\/comments?post=1073355"}],"version-history":[{"count":0,"href":"https:\/\/www.europesays.com\/de\/wp-json\/wp\/v2\/posts\/1073355\/revisions"}],"wp:featuredmedia":[{"embeddable":true,"href":"https:\/\/www.europesays.com\/de\/wp-json\/wp\/v2\/media\/1073356"}],"wp:attachment":[{"href":"https:\/\/www.europesays.com\/de\/wp-json\/wp\/v2\/media?parent=1073355"}],"wp:term":[{"taxonomy":"category","embeddable":true,"href":"https:\/\/www.europesays.com\/de\/wp-json\/wp\/v2\/categories?post=1073355"},{"taxonomy":"post_tag","embeddable":true,"href":"https:\/\/www.europesays.com\/de\/wp-json\/wp\/v2\/tags?post=1073355"}],"curies":[{"name":"wp","href":"https:\/\/api.w.org\/{rel}","templated":true}]}}