{"id":1073428,"date":"2026-06-06T04:30:24","date_gmt":"2026-06-06T04:30:24","guid":{"rendered":"https:\/\/www.europesays.com\/de\/1073428\/"},"modified":"2026-06-06T04:30:24","modified_gmt":"2026-06-06T04:30:24","slug":"inklusion-im-museum-hannover-bietet-kunst-fuer-sehbehinderte","status":"publish","type":"post","link":"https:\/\/www.europesays.com\/de\/1073428\/","title":{"rendered":"Inklusion im Museum: Hannover bietet Kunst f\u00fcr Sehbehinderte"},"content":{"rendered":"<p>        <img decoding=\"async\" src=\"https:\/\/www.europesays.com\/de\/wp-content\/uploads\/2026\/06\/taststationen-100.webp\" alt=\"Eine Tafel im Museum, auf der ein Kunstwerk ertastet werden kann\" title=\"Eine Tafel im Museum, auf der ein Kunstwerk ertastet werden kann | Sprengel Museum Hannover\" class=\"responsive\"\/><\/p>\n<p>AUDIO: Tag der Sehbehinderten &#8211; Kunst f\u00fchlen oder h\u00f6ren in Hannover (3 Min)<\/p>\n<p>\n                Stand: 06.06.2026 06:00 Uhr<\/p>\n<p class=\"preface\">Am 6. Juni ist bundesweiter Sehbehindertentag. Verschiedene Museen wie der Kunstverein Hannover und das Sprengel Museum wollen Sehbehinderten Teilhabe erm\u00f6glichen &#8211; zum Beispiel, indem sie Kunst tastbar und h\u00f6rbar machen.<\/p>\n<p class=\"textauthor\">von <a href=\"https:\/\/www.ndr.de\/kultur\/agnes-buehrig,buehrig106.html\" rel=\"nofollow noopener\" target=\"_blank\">Agnes B\u00fchrig<\/a><\/p>\n<p class=\"\">Das Sprengel Museum Hannover stellt sich unter anderem mit sensorischen F\u00fchrungen auf Sehbehinderte ein und bietet auch Taststationen. D\u00f6rte Wiegand aus dem Team Bildung und Vermittlung f\u00e4hrt mit den Fingern entlang einer dieser Tasttafeln. Die Struktur eines Maschendrahts ist zu sp\u00fcren, Ausw\u00f6lbungen mit L\u00f6chern, oben rechts Jute-F\u00e4den.<\/p>\n<p>    Repliken von Kunstwerken zum Tasten<\/p>\n<p class=\"\">&#8222;Wenn man ganz am Rand links herunterf\u00e4hrt und dann auch an die Ecke links unten f\u00e4hrt und dann nach rechts, sp\u00fcrt man, dass es sich um einen historisch dekorierten, ornamentbehafteten Bilderrahmen handelt, der mit kleinen Rankenmustern besetzt ist&#8220;. sagt Wiegand. &#8222;Petit Tir&#8220; hei\u00dft das Werk der franz\u00f6sischen K\u00fcnstlerin Niki de Saint Phalle von 1961, kleiner Schuss. Wie es geschaffen wurde, kann sich das Publikum von einem Audioguide erkl\u00e4ren lassen.<\/p>\n<blockquote><p>\n        Mit einem Gewehr schie\u00dft die K\u00fcnstlerin auf in Gips eingelassene Farbbeutel, die beim Aufplatzen die Bildoberfl\u00e4che ver\u00e4ndern.<\/p>\n<p>                Zitat aus Audioguide<\/p>\n<\/blockquote>\n<p>        <img decoding=\"async\" src=\"https:\/\/www.europesays.com\/de\/wp-content\/uploads\/2026\/06\/imdunkeln-102.webp\" alt=\"Ein Mann steht auf einer nahezu komplett dunklen B\u00fchne an einem B\u00fcgelbrett\" title=\"Ein Mann steht auf einer nahezu komplett dunklen B\u00fchne an einem B\u00fcgelbrett | Genoveva Allan\" class=\"responsive\" loading=\"lazy\"\/><\/p>\n<p>Ins Theater trotz Sehbeeintr\u00e4chtigung? In Oldenburg wurde ein St\u00fcck erprobt, das Menschen mit dieser Einschr\u00e4nkung ansprechen soll.<\/p>\n<p>    Sehbehinderte beraten Museen<\/p>\n<p class=\"\">Um zu ergr\u00fcnden, was sehbehinderte und blinde Besucherinnen und Besucher brauchen, ber\u00e4t sich das Sprengel Museum mit Menschen, die selbst betroffen sind. Sie sollen eigenst\u00e4ndig den Weg zur Kunst finden k\u00f6nnen. Das beginnt damit, dass man erst einmal verstehen muss, wo etwas zu finden ist. Im Eingangsbereich gibt es daf\u00fcr eine Tasttafel. Das Personal wurde geschult, Menschen mit Seheinschr\u00e4nkung dorthin zu geleiten, sollten sie allein kommen. Dann k\u00f6nnen sie dort den Grundriss des Hauses erf\u00fchlen &#8211; den Entwurf der Architekten Ursula Trint und Peter Quast.<\/p>\n<p>                    <a href=\"https:\/\/www.europesays.com\/de\/wp-content\/uploads\/2026\/06\/taststationen-102.webp\" class=\"zoomimage\" title=\"Bild vergr\u00f6\u00dfern\"><\/p>\n<p>        <img decoding=\"async\" src=\"https:\/\/www.europesays.com\/de\/wp-content\/uploads\/2026\/06\/taststationen-102.webp\" alt=\"Ein Wegweiser im Museum, auf dem die R\u00e4ume ertastet werden k\u00f6nnen\" title=\"Diesen Wegweiser hat das Sprengel Museum Hannover aufgestellt, damit Menschen mit Sehbehinderung ihre Wege ertasten k\u00f6nnen.  | NDR, Agnes B\u00fchrig\" class=\"responsive\" loading=\"lazy\"\/><\/p>\n<p>                    <\/a><\/p>\n<p>                    Diesen Wegweiser hat das Sprengel Museum Hannover aufgestellt, damit Menschen mit Sehbehinderung ihre Wege ertasten k\u00f6nnen. <\/p>\n<p class=\"\">&#8222;Wir haben nat\u00fcrlich eine gewachsene Struktur, ein Haus mit vielen, im wahrsten Sinne des Wortes H\u00f6hen und Tiefen, also architektonischen Unterschieden&#8220;, sagt Wiegand. Es gebe ganz unterschiedliche Bodenbel\u00e4ge. &#8222;Wir stehen hier im Eingangsbereich auf einem Pflasterfu\u00dfboden, der uns vom Au\u00dfenbereich in den Innenk\u00f6rper, in den Eingang leitet. Trint und Quast haben damals die Idee gehabt, eine kleine Stadt in der Stadt zu bauen: Br\u00fccken, Pl\u00e4tze, Stra\u00dfen.&#8220;<\/p>\n<p>    Mit Taststock und Audioguide durch den Kunstverein<\/p>\n<p class=\"\">Ein Thema, mit dem sich der Kunstverein Hannover nicht besch\u00e4ftigen muss. Die Ausstellungsr\u00e4ume befinden sich auf einer durchgehenden Ebene. Aufgeklebte Leitstreifen auf dem Boden weisen Menschen mit Taststock den Weg durch die Ausstellung. Kleine Rippen, die von den Streifen abzweigen, f\u00fchren zu den Kunstwerken. Auch hier gibt es dazu Audioguides, die sie beschreiben und erkl\u00e4ren.<\/p>\n<p class=\"\">Zugleich erm\u00f6glichten diese einen neuen Zugang zur Kunst, die heute auch oft T\u00f6ne enth\u00e4lt, sagt Christoph Platz-Gallus, Direktor des Kunstvereins Hannover. &#8222;Wir sollten nicht untersch\u00e4tzen, dass Menschen, die das Sehen gewohnt sind, vieles einfach gar nicht wahrnehmen. Andere Menschen mit anderem Fokus schon. Da ist man zum Beispiel in der Lage, vielleicht auch mehr ein Gesp\u00fcr daf\u00fcr zu bekommen&#8220;, beispielsweise f\u00fcr Soundinstallationen, sagt der Direktor.<\/p>\n<p>        <img decoding=\"async\" src=\"https:\/\/www.europesays.com\/de\/wp-content\/uploads\/2026\/06\/ohrensehen108.webp\" alt=\"Ein sehbehinderter Mitarbeiter mit Headset auf dem Kopf sitzt in seinem B\u00fcro am Bildschirmarbeitsplatz.\" title=\"Ein sehbehinderter Mitarbeiter mit Headset auf dem Kopf sitzt in seinem B\u00fcro am Bildschirmarbeitsplatz. | picture alliance\/dpa | Oliver Berg\" class=\"responsive\" loading=\"lazy\"\/><\/p>\n<p>Das Zuh\u00f6ren hat f\u00fcr blinde Menschen eine viel st\u00e4rkere Bedeutung als f\u00fcr Sehende. Zwei Blinde berichten aus ihrem Alltag.<\/p>\n<p>    Duftende Kunst im Sprengel Museum<\/p>\n<p class=\"\">Wer die Augen schlie\u00dft, konzentriert sich st\u00e4rker auf seine anderen Sinne. In der Arbeit &#8222;Nirgendwo&#8220; von Wolfgang Laib im Sprengel Museum ist das der Geruchssinn. Das Werk besteht unter anderem aus Bienenwachs. Am Ende gehe es auch um Impulse f\u00fcr die Auseinandersetzung mit einem Kunstwerk, sagt D\u00f6rte Wiegand. Vielleicht sogar in ein eigenes Nirgendwo.<\/p>\n<p>        <img decoding=\"async\" src=\"https:\/\/www.europesays.com\/de\/wp-content\/uploads\/2026\/06\/alswaereesleicht-108.webp\" alt=\"Zwei M\u00e4nner und eine Frau posieren f\u00fcr ein Foto\" title=\"David Knors, Philipp Schmid und Cindy Klink im NDR Kultur Studio | NDR\" class=\"responsive\" loading=\"lazy\"\/><\/p>\n<p>Die geh\u00f6rlose Cindy Klink und der blinde David Knors sind die Hauptdarsteller im Film &#8222;Als w\u00e4re es leicht&#8220; &#8211; NDR Kultur hat mit ihnen gesprochen.<\/p>\n<p>        <img decoding=\"async\" src=\"https:\/\/www.europesays.com\/de\/wp-content\/uploads\/2026\/06\/als-waere-es-leicht-102.webp\" alt=\"Filmszene aus &quot;Als w\u00e4re es leicht&quot;: Eine junge Frau sitzt einem jungen Mann  gegen\u00fcber.\" title=\"Filmszene aus &quot;Als w\u00e4re es leicht&quot;: Eine junge Frau sitzt einem jungen Mann  gegen\u00fcber. | Port au Prince Pictures, Curly Pictures\" class=\"responsive\" loading=\"lazy\"\/><\/p>\n<p>Der aktuelle Kinofilm spielt in Hamburg: Er sieht nichts, sie h\u00f6rt nichts. Und doch entsteht eine Liebe, die zeigt, wie N\u00e4he jenseits von Worten funktioniert.<\/p>\n<p>        <img decoding=\"async\" src=\"https:\/\/www.europesays.com\/de\/wp-content\/uploads\/2026\/06\/inklusive-nachrichten-100.webp\" alt=\"Zwei Frauen sitzen an einem Tisch und schauen in eine Zeitung\" title=\"Zwei Frauen sitzen an einem Tisch und schauen in eine Zeitung | NDR \/ Agnes B\u00fchrig\" class=\"responsive\" loading=\"lazy\"\/><\/p>\n<p>Beim Deutschen Taubblindenwerk Hannover k\u00f6nnen Menschen mit Seheinschr\u00e4nkungen Zeitung in Schwarzschrift und in Blindenschrift lesen.<\/p>\n<p>        <img decoding=\"async\" src=\"https:\/\/www.europesays.com\/de\/wp-content\/uploads\/2026\/05\/sprengelmuseum706.webp\" alt=\"Au\u00dfenaufnahme des Sprengel Museums Hannover im Morgengrauen\" title=\"Au\u00dfenaufnahme des Sprengel Museums Hannover im Morgengrauen | picture alliance\/dpa, Julian Stratenschulte\" class=\"responsive\" loading=\"lazy\"\/><\/p>\n<p>Das Museum z\u00e4hlt zu den wichtigsten H\u00e4usern f\u00fcr moderne Kunst weltweit. Es zeigt Sammlungen von Max Ernst und Kurt Schwitters.<\/p>\n<p>        <img decoding=\"async\" src=\"https:\/\/www.europesays.com\/de\/wp-content\/uploads\/2026\/06\/stadtfuehrung166.webp\" alt=\"Eine sehbehinderte Frau erstastet mit ihren Finger eine Schrift auf einer Glocke\" title=\"Eine sehbehinderte Frau erstastet mit ihren Finger eine Schrift auf einer Glocke | NDR\" class=\"responsive\" loading=\"lazy\"\/><\/p>\n<p>Tourismus f\u00fcr alle zug\u00e4nglich machen: Stefan Kopper f\u00fchrt blinde und sehbehinderte Menschen durch Hannover.<\/p>\n","protected":false},"excerpt":{"rendered":"AUDIO: Tag der Sehbehinderten &#8211; Kunst f\u00fchlen oder h\u00f6ren in Hannover (3 Min) Stand: 06.06.2026 06:00 Uhr Am&hellip;\n","protected":false},"author":2,"featured_media":1073429,"comment_status":"","ping_status":"","sticky":false,"template":"","format":"standard","meta":{"footnotes":"","_share_on_mastodon":"0"},"categories":[1836],"tags":[2704,11225,3364,29,30,46,1648,2075,9742,2147,1411,22087,106784],"class_list":["post-1073428","post","type-post","status-publish","format-standard","has-post-thumbnail","category-hannover","tag-ausstellungen","tag-barrierefrei","tag-de","tag-deutschland","tag-germany","tag-hannover","tag-inklusion","tag-kunst","tag-kunstverein","tag-museen","tag-niedersachsen","tag-sehbehinderte","tag-sprengel-museum"],"share_on_mastodon":{"url":"https:\/\/pubeurope.com\/@de\/116701288026674680","error":""},"_links":{"self":[{"href":"https:\/\/www.europesays.com\/de\/wp-json\/wp\/v2\/posts\/1073428","targetHints":{"allow":["GET"]}}],"collection":[{"href":"https:\/\/www.europesays.com\/de\/wp-json\/wp\/v2\/posts"}],"about":[{"href":"https:\/\/www.europesays.com\/de\/wp-json\/wp\/v2\/types\/post"}],"author":[{"embeddable":true,"href":"https:\/\/www.europesays.com\/de\/wp-json\/wp\/v2\/users\/2"}],"replies":[{"embeddable":true,"href":"https:\/\/www.europesays.com\/de\/wp-json\/wp\/v2\/comments?post=1073428"}],"version-history":[{"count":0,"href":"https:\/\/www.europesays.com\/de\/wp-json\/wp\/v2\/posts\/1073428\/revisions"}],"wp:featuredmedia":[{"embeddable":true,"href":"https:\/\/www.europesays.com\/de\/wp-json\/wp\/v2\/media\/1073429"}],"wp:attachment":[{"href":"https:\/\/www.europesays.com\/de\/wp-json\/wp\/v2\/media?parent=1073428"}],"wp:term":[{"taxonomy":"category","embeddable":true,"href":"https:\/\/www.europesays.com\/de\/wp-json\/wp\/v2\/categories?post=1073428"},{"taxonomy":"post_tag","embeddable":true,"href":"https:\/\/www.europesays.com\/de\/wp-json\/wp\/v2\/tags?post=1073428"}],"curies":[{"name":"wp","href":"https:\/\/api.w.org\/{rel}","templated":true}]}}