{"id":1073446,"date":"2026-06-06T04:40:38","date_gmt":"2026-06-06T04:40:38","guid":{"rendered":"https:\/\/www.europesays.com\/de\/1073446\/"},"modified":"2026-06-06T04:40:38","modified_gmt":"2026-06-06T04:40:38","slug":"leipziger-markt-musik-2026-konzerte-in-leipzig-im-juli-und-august","status":"publish","type":"post","link":"https:\/\/www.europesays.com\/de\/1073446\/","title":{"rendered":"Leipziger Markt Musik 2026 \u2013 Konzerte in Leipzig im Juli und August"},"content":{"rendered":"<p>Vom 31. Juli bis 9. August 2026 wird der Leipziger Markt zur Open-Air-B\u00fchne. T\u00e4glich stehen zwei Konzerte auf dem Programm. Lokale Bands, Tribute-Shows und gro\u00dfe Formationen pr\u00e4gen die Abende vor historischer Kulisse.<\/p>\n<p class=\"h3\">Leipziger Markt Musik 2026 \u2013 Das Programm im \u00dcberblick<\/p>\n<p>Zehn Tage, zwanzig Konzerte, ein fester Ort: Vor dem Alten Rathaus entsteht eine B\u00fchne, auf der sich Leipziger Musikszene, Tribute-Projekte und genre\u00fcbergreifende Ensembles begegnen. Der Eintritt ist frei.<\/p>\n<p><strong>31. Juli \u2013 Festivalauftakt<\/strong><br \/>17 Uhr: Ingo Paul &amp; das Geheimnis &#8211; Blues, Reggae, Balladen und liedhafter Rock treffen auf alltagsnahe Texte. Der Leipziger Singer-Songwriter er\u00f6ffnet das Festival mit eigener Handschrift.<br \/>20 Uhr: MSL Bigband.\u00a0Seit drei Jahrzehnten steht die Formation f\u00fcr klassischen Bigband-Sound mit vollem Bl\u00e4sersatz und rhythmischer Pr\u00e4zision.<\/p>\n<p><strong>1. August \u2013 Von Funk bis Filmmusik<\/strong><br \/>17 Uhr: Ton-Kollektiv &#8211; Funk- und Pop-Elemente aus Leipzigs Szene.<br \/>20 Uhr: Symphonisches Blasorchester Leipzig &#8211; Filmmusik, Klassik-Arrangements sowie Rock- und Pop-Adaptionen stehen im Mittelpunkt des Abends.<\/p>\n<p><strong>2. August \u2013 80er und Rockklassiker<\/strong><br \/>17 Uhr: Maik &amp; Friends &#8211;\u00a0Songs von Elvis bis Smokie pr\u00e4gen das Repertoire.<br \/>20 Uhr: 80s Express &#8211;\u00a0Pop- und New-Wave-Titel der 1980er-Jahre. Auf dem Programm stehen St\u00fccke von Depeche Mode, New Order oder Tears for Fears.<\/p>\n<p><strong>3. August \u2013 Groove und Deutschrock<\/strong><br \/>17 Uhr: DomBand &#8211;\u00a0Rhythmusbetonter Sound zwischen Jazz und Soul.<br \/>20 Uhr: Andreas Marius-Weitersagen &#8211; Interpretationen bekannter Westernhagen-Titel in Konzertformat.<\/p>\n<p><strong>4. August \u2013 Country und Gitarrenlegenden<\/strong><br \/>17 Uhr: Andys Music Group &#8211; Country- und Rocktitel in Bandbesetzung.<br \/>20 Uhr: Guitar Legends &#8211;\u00a0Ein Streifzug durch die Geschichte der E-Gitarre \u2013 von Hendrix bis Slash.<\/p>\n<p><strong>5. August \u2013 Leipziger Bands und Rod Stewart-Tribute<\/strong><br \/>17 Uhr: REITLER &#8211;\u00a0Deutschsprachige Songs zwischen Indie und Rock.<br \/>20 Uhr: Mr. Rod &#8211;\u00a0Interpretationen von Rod-Stewart-Titeln wie \u201eSailing\u201c oder \u201eBaby Jane\u201c.<\/p>\n<p><strong>6. August \u2013 Rock-Formate<\/strong><br \/>17 Uhr: The Scuttles &#8211;\u00a0Songs der Dire Straits.<br \/>20 Uhr: Four Roses &#8211;\u00a0Titel von Pink Floyd, U2, Coldplay oder Red Hot Chili Peppers.<\/p>\n<p><strong>7. August \u2013 Jazz und Pop-Stimmen<\/strong><br \/>17 Uhr: JETberry &#8211;\u00a0Jazz-, Pop- und Fusion-Elemente aus Chemnitz.<br \/>20 Uhr: Jasmin Graf &amp; Band \u2013 \u201eThe Queens of Pop\u201c &#8211;\u00a0Songs von Chaka Khan, Whitney Houston oder Adele.<\/p>\n<p><strong>8. August \u2013 Chor und New Classic<\/strong><br \/>17 Uhr: Chorifeen &#8211;\u00a040 Frauenstimmen im Chorformat.<br \/>20 Uhr: Stilbruch &#8211;\u00a0Klassische Instrumente treffen auf Rock- und Pop-Strukturen.<\/p>\n<p><strong>9. August \u2013 Festivalabschluss<\/strong><br \/>17 Uhr: Lose Skiffle Gemeinschaft Leipzig-Mitte &#8211;\u00a0Genre\u00fcbergreifendes Repertoire zwischen Folk und Skiffle.<br \/>20 Uhr: SAITLINGE &amp; SINGERS &#8211;\u00a0Lieder von Gerhard Gundermann in Band- und Chorbesetzung.<\/p>\n<p class=\"h3\">Kulinarisches Angebot<\/p>\n<p>Auerbachs Keller, fairgourmet und Ratskeller Leipzig \u00f6ffnen t\u00e4glich ab 16 Uhr ihre Freisitze. Speisen und Getr\u00e4nke begleiten die Konzerte bis in die Abendstunden.<\/p>\n<p class=\"h3\">Veranstaltungsort<\/p>\n<p>Marktplatz Leipzig<br \/>Vor dem Alten Rathaus<br \/>31. Juli bis 9. August 2026<br \/>T\u00e4glich ab 17 Uhr<br \/>Eintritt frei<br \/>Mehr Infos unter: <a href=\"https:\/\/www.leipziger-markt-musik.de\/\" target=\"_blank\" rel=\"noreferrer nofollow noopener\">www.leipziger-markt-musik.de<\/a><\/p>\n","protected":false},"excerpt":{"rendered":"Vom 31. Juli bis 9. August 2026 wird der Leipziger Markt zur Open-Air-B\u00fchne. T\u00e4glich stehen zwei Konzerte auf&hellip;\n","protected":false},"author":2,"featured_media":1073447,"comment_status":"","ping_status":"","sticky":false,"template":"","format":"standard","meta":{"footnotes":"","_share_on_mastodon":"0"},"categories":[1832],"tags":[53190,39050,3364,29,17445,30,2065,44032,71,69861,9588,810,23596,859,2715],"class_list":["post-1073446","post","type-post","status-publish","format-standard","has-post-thumbnail","category-leipzig","tag-august","tag-bands","tag-de","tag-deutschland","tag-fest","tag-germany","tag-innenstadt","tag-juli","tag-leipzig","tag-leipziger-markt-musik","tag-markt","tag-musik","tag-open-air","tag-sachsen","tag-sommer"],"share_on_mastodon":{"url":"https:\/\/pubeurope.com\/@de\/116701326863189750","error":""},"_links":{"self":[{"href":"https:\/\/www.europesays.com\/de\/wp-json\/wp\/v2\/posts\/1073446","targetHints":{"allow":["GET"]}}],"collection":[{"href":"https:\/\/www.europesays.com\/de\/wp-json\/wp\/v2\/posts"}],"about":[{"href":"https:\/\/www.europesays.com\/de\/wp-json\/wp\/v2\/types\/post"}],"author":[{"embeddable":true,"href":"https:\/\/www.europesays.com\/de\/wp-json\/wp\/v2\/users\/2"}],"replies":[{"embeddable":true,"href":"https:\/\/www.europesays.com\/de\/wp-json\/wp\/v2\/comments?post=1073446"}],"version-history":[{"count":0,"href":"https:\/\/www.europesays.com\/de\/wp-json\/wp\/v2\/posts\/1073446\/revisions"}],"wp:featuredmedia":[{"embeddable":true,"href":"https:\/\/www.europesays.com\/de\/wp-json\/wp\/v2\/media\/1073447"}],"wp:attachment":[{"href":"https:\/\/www.europesays.com\/de\/wp-json\/wp\/v2\/media?parent=1073446"}],"wp:term":[{"taxonomy":"category","embeddable":true,"href":"https:\/\/www.europesays.com\/de\/wp-json\/wp\/v2\/categories?post=1073446"},{"taxonomy":"post_tag","embeddable":true,"href":"https:\/\/www.europesays.com\/de\/wp-json\/wp\/v2\/tags?post=1073446"}],"curies":[{"name":"wp","href":"https:\/\/api.w.org\/{rel}","templated":true}]}}