{"id":1073525,"date":"2026-06-06T05:25:21","date_gmt":"2026-06-06T05:25:21","guid":{"rendered":"https:\/\/www.europesays.com\/de\/1073525\/"},"modified":"2026-06-06T05:25:21","modified_gmt":"2026-06-06T05:25:21","slug":"erdbeeren-pfluecken-in-der-region-augsburg-felder-oeffnungszeiten-2026-2","status":"publish","type":"post","link":"https:\/\/www.europesays.com\/de\/1073525\/","title":{"rendered":"Erdbeeren pfl\u00fccken in der Region Augsburg: Felder &#038; \u00d6ffnungszeiten 2026"},"content":{"rendered":"<p class=\"mb-6 text-xs md:text-m lg:text-l font-serif group-[.font-sans]:font-sans \">\n    F\u00fcr <a href=\"https:\/\/www.augsburger-allgemeine.de\/geld-leben\/erdbeeren-infos-einkaufs-tipps-und-rezepte-102026490\" target=\"_self\" class=\"underline \" rel=\"nofollow noopener\">Erdbeer-Liebhaber<\/a> hat das Warten ein Ende: Nach und nach \u00f6ffnen die Felder zum Selbstpfl\u00fccken in der Region <a href=\"https:\/\/www.augsburger-allgemeine.de\/augsburg\/\" target=\"_self\" class=\"underline \" rel=\"nofollow noopener\">Augsburg<\/a>. Ein Besuch lohnt sich \u2013 <a href=\"https:\/\/www.augsburger-allgemeine.de\/geld-leben\/warum-sind-erdbeeren-so-gesund-kalorien-und-naehrwerte-23-6-25-102069634\" target=\"_self\" class=\"underline \" rel=\"nofollow noopener\">Erdbeeren sind gesund<\/a> und <a href=\"https:\/\/www.augsburger-allgemeine.de\/gesundheit\/wie-viele-vitamine-haben-erdbeere-3-102156154\" target=\"_self\" class=\"underline \" rel=\"nofollow noopener\">beinhalten viele Vitamine<\/a>. \u00dcber 30 Felder stehen dazu in der Stadt Augsburg und den Landkreisen Augsburg und Aichach-Friedberg bereit. Wir geben einen \u00dcberblick. Da noch nicht alle Felder bereit sind, lohnt sich auch ein Blick auf die Websites oder Social-Media-Auftritte der Betriebe.\n  <\/p>\n<p class=\"mb-6 text-xs md:text-m lg:text-l font-serif group-[.font-sans]:font-sans \">\n    Hinweis: Unsere Karte der Erdbeerfelder erhebt keinen Anspruch auf Vollst\u00e4ndigkeit. Auf der Karte fehlt ein Betrieb? Melden Sie sich gerne unter <a href=\"https:\/\/www.augsburger-allgemeine.de\/augsburg\/mailto:online-redaktion@augsburger-allgemeine.de\" rel=\"nofollow noopener\" target=\"_blank\" class=\"underline \">online-redaktion@augsburger-allgemeine.de<\/a>\n  <\/p>\n<p>            Die Erdbeerfelder in Augsburg zum selbst pfl\u00fccken<\/p>\n<p class=\"mb-6 text-xs md:text-m lg:text-l font-serif group-[.font-sans]:font-sans \">\n    <strong class=\"font-bold\">Erdbeerfeld Hammerschmiede (Familie Lunz)<\/strong>\n  <\/p>\n<ul rel=\"\" class=\"[&amp;&gt;li]:relative list-none  [&amp;&gt;li]:pl-[1.2em] [&amp;&gt;li]:marker:text-[0] [&amp;&gt;li]:relative [&amp;&gt;li]:before:absolute [&amp;&gt;li]:before:w-3 [&amp;&gt;li]:before:h-3 [&amp;&gt;li]:before:bg-brand [&amp;&gt;li]:before:left-0 [&amp;&gt;li]:before:top-[8px] [&amp;&gt;li]:before:rounded-full  my-5\">\n<li class=\" mb-3 text-xs md:text-m lg:text-l\">Adresse: Marienbader Stra\u00dfe, 86169 Augsburg (Hinter dem Edeka Center Augsburg Hammerschmiede)<\/li>\n<li class=\" mb-3 text-xs md:text-m lg:text-l\">\u00d6ffnungszeiten: t\u00e4glich, 9 bis 18 Uhr<\/li>\n<li class=\" mb-3 text-xs md:text-m lg:text-l\">Link: <a href=\"https:\/\/www.facebook.com\/p\/LUNZ-Spargel-Erdbeeren-100083548143244\/\" rel=\"nofollow noopener\" target=\"_blank\" class=\"underline \">Facebook Familie Lunz<\/a><\/li>\n<\/ul>\n<p class=\"mb-6 text-xs md:text-m lg:text-l font-serif group-[.font-sans]:font-sans \">\n    <strong class=\"font-bold\">Erdbeerfeld Hammerschmiede (Familie Lunz)<\/strong>\n  <\/p>\n<ul rel=\"\" class=\"[&amp;&gt;li]:relative list-none  [&amp;&gt;li]:pl-[1.2em] [&amp;&gt;li]:marker:text-[0] [&amp;&gt;li]:relative [&amp;&gt;li]:before:absolute [&amp;&gt;li]:before:w-3 [&amp;&gt;li]:before:h-3 [&amp;&gt;li]:before:bg-brand [&amp;&gt;li]:before:left-0 [&amp;&gt;li]:before:top-[8px] [&amp;&gt;li]:before:rounded-full  my-5\">\n<li class=\" mb-3 text-xs md:text-m lg:text-l\">Adresse: M\u00fchlhauser Stra\u00dfe, 86169 Augsburg (Richtung Autobahnsee auf der rechten Seite)<\/li>\n<li class=\" mb-3 text-xs md:text-m lg:text-l\">\u00d6ffnungszeiten: t\u00e4glich, 9 bis 18 Uhr<\/li>\n<li class=\" mb-3 text-xs md:text-m lg:text-l\">Link: <a href=\"https:\/\/www.facebook.com\/p\/LUNZ-Spargel-Erdbeeren-100083548143244\/\" rel=\"nofollow noopener\" target=\"_blank\" class=\"underline \">Facebook Familie Lunz<\/a><\/li>\n<\/ul>\n<p class=\"mb-6 text-xs md:text-m lg:text-l font-serif group-[.font-sans]:font-sans \">\n    <strong class=\"font-bold\">Erdbeerfeld Lechhausen (Obstbauer Kraus)<\/strong>\n  <\/p>\n<ul rel=\"\" class=\"[&amp;&gt;li]:relative list-none  [&amp;&gt;li]:pl-[1.2em] [&amp;&gt;li]:marker:text-[0] [&amp;&gt;li]:relative [&amp;&gt;li]:before:absolute [&amp;&gt;li]:before:w-3 [&amp;&gt;li]:before:h-3 [&amp;&gt;li]:before:bg-brand [&amp;&gt;li]:before:left-0 [&amp;&gt;li]:before:top-[8px] [&amp;&gt;li]:before:rounded-full  my-5\">\n<li class=\" mb-3 text-xs md:text-m lg:text-l\">Adresse: Bl\u00fccherstra\u00dfe 200, 86165 Augsburg (neben Steinmetz Kramer)<\/li>\n<li class=\" mb-3 text-xs md:text-m lg:text-l\">\u00d6ffnungszeiten: t\u00e4glich, 8.30 bis 19 Uhr<\/li>\n<li class=\" mb-3 text-xs md:text-m lg:text-l\">Link: <a href=\"http:\/\/www.obstbauer-kraus.de\/\" target=\"_self\" class=\"underline \" rel=\"nofollow noopener\">www.obstbauer-kraus.de<\/a><\/li>\n<\/ul>\n<p class=\"mb-6 text-xs md:text-m lg:text-l font-serif group-[.font-sans]:font-sans \">\n    <strong class=\"font-bold\">Erdbeerfeld <a href=\"https:\/\/www.augsburger-allgemeine.de\/augsburg\/ort\/goeggingen\" target=\"_self\" class=\"underline \" rel=\"nofollow noopener\">G\u00f6ggingen<\/a> &#8222;Friedrich-Ebert-Stra\u00dfe&#8220; (Hofladen Schweiger)<\/strong>\n  <\/p>\n<ul rel=\"\" class=\"[&amp;&gt;li]:relative list-none  [&amp;&gt;li]:pl-[1.2em] [&amp;&gt;li]:marker:text-[0] [&amp;&gt;li]:relative [&amp;&gt;li]:before:absolute [&amp;&gt;li]:before:w-3 [&amp;&gt;li]:before:h-3 [&amp;&gt;li]:before:bg-brand [&amp;&gt;li]:before:left-0 [&amp;&gt;li]:before:top-[8px] [&amp;&gt;li]:before:rounded-full  my-5\">\n<li class=\" mb-3 text-xs md:text-m lg:text-l\">Adresse: Friedrich-Ebert-Stra\u00dfe (nach der Haltestelle &#8222;Augsburg Messe&#8220; in Richtung Univiertel auf der rechte Seite, etwa 300 Meter den Feldweg entlang)<\/li>\n<li class=\" mb-3 text-xs md:text-m lg:text-l\">\u00d6ffnungszeiten: t\u00e4glich, 8 bis 19 Uhr<\/li>\n<li class=\" mb-3 text-xs md:text-m lg:text-l\">Link: <a href=\"https:\/\/www.hofladenschweiger.de\/\" target=\"_self\" class=\"underline \" rel=\"nofollow noopener\">www.hofladenschweiger.de<\/a><\/li>\n<\/ul>\n<p class=\"mb-6 text-xs md:text-m lg:text-l font-serif group-[.font-sans]:font-sans \">\n    <strong class=\"font-bold\">Erdbeerfeld G\u00f6ggingen &#8222;B\u00fcrgermeister-Ulrich-Stra\u00dfe&#8220; (Hofladen Schweiger)<\/strong>\n  <\/p>\n<ul rel=\"\" class=\"[&amp;&gt;li]:relative list-none  [&amp;&gt;li]:pl-[1.2em] [&amp;&gt;li]:marker:text-[0] [&amp;&gt;li]:relative [&amp;&gt;li]:before:absolute [&amp;&gt;li]:before:w-3 [&amp;&gt;li]:before:h-3 [&amp;&gt;li]:before:bg-brand [&amp;&gt;li]:before:left-0 [&amp;&gt;li]:before:top-[8px] [&amp;&gt;li]:before:rounded-full  my-5\">\n<li class=\" mb-3 text-xs md:text-m lg:text-l\">Adresse: B\u00fcrgermeister-Ulrich-Stra\u00dfe<\/li>\n<li class=\" mb-3 text-xs md:text-m lg:text-l\">\u00d6ffnungszeiten: t\u00e4glich, 8 bis 19 Uhr<\/li>\n<li class=\" mb-3 text-xs md:text-m lg:text-l\">Link: <a href=\"https:\/\/www.hofladenschweiger.de\/\" target=\"_self\" class=\"underline \" rel=\"nofollow noopener\">www.hofladenschweiger.de<\/a><\/li>\n<\/ul>\n<p class=\"mb-6 text-xs md:text-m lg:text-l font-serif group-[.font-sans]:font-sans \">\n    <strong class=\"font-bold\">Erdbeerfeld G\u00f6ggingen &#8222;Uni Forschungsallee&#8220; (Hofladen Schweiger)<\/strong>\n  <\/p>\n<ul rel=\"\" class=\"[&amp;&gt;li]:relative list-none  [&amp;&gt;li]:pl-[1.2em] [&amp;&gt;li]:marker:text-[0] [&amp;&gt;li]:relative [&amp;&gt;li]:before:absolute [&amp;&gt;li]:before:w-3 [&amp;&gt;li]:before:h-3 [&amp;&gt;li]:before:bg-brand [&amp;&gt;li]:before:left-0 [&amp;&gt;li]:before:top-[8px] [&amp;&gt;li]:before:rounded-full  my-5\">\n<li class=\" mb-3 text-xs md:text-m lg:text-l\">Adresse: Forschungsallee<\/li>\n<li class=\" mb-3 text-xs md:text-m lg:text-l\">\u00d6ffnungszeiten: t\u00e4glich, 8 bis 19 Uhr<\/li>\n<li class=\" mb-3 text-xs md:text-m lg:text-l\">Link: <a href=\"https:\/\/www.hofladenschweiger.de\/\" target=\"_self\" class=\"underline \" rel=\"nofollow noopener\">www.hofladenschweiger.de<\/a><\/li>\n<\/ul>\n<p class=\"mb-6 text-xs md:text-m lg:text-l font-serif group-[.font-sans]:font-sans \">\n    <strong class=\"font-bold\">Erdbeerfeld G\u00f6ggingen &#8222;Wellenburger Stra\u00dfe&#8220; (Hofladen Schweiger)<\/strong>\n  <\/p>\n<ul rel=\"\" class=\"[&amp;&gt;li]:relative list-none  [&amp;&gt;li]:pl-[1.2em] [&amp;&gt;li]:marker:text-[0] [&amp;&gt;li]:relative [&amp;&gt;li]:before:absolute [&amp;&gt;li]:before:w-3 [&amp;&gt;li]:before:h-3 [&amp;&gt;li]:before:bg-brand [&amp;&gt;li]:before:left-0 [&amp;&gt;li]:before:top-[8px] [&amp;&gt;li]:before:rounded-full  my-5\">\n<li class=\" mb-3 text-xs md:text-m lg:text-l\">Adresse: Wellenburger Stra\u00dfe<\/li>\n<li class=\" mb-3 text-xs md:text-m lg:text-l\">\u00d6ffnungszeiten: t\u00e4glich, 8 bis 19 Uhr<\/li>\n<li class=\" mb-3 text-xs md:text-m lg:text-l\">Link: <a href=\"https:\/\/www.hofladenschweiger.de\/\" target=\"_self\" class=\"underline \" rel=\"nofollow noopener\">www.hofladenschweiger.de<\/a><\/li>\n<\/ul>\n<p class=\"mb-6 text-xs md:text-m lg:text-l font-serif group-[.font-sans]:font-sans \">\n    <strong class=\"font-bold\">Erdbeerfeld L\u00fctzelburg (Bioland Pohl + Roth)<\/strong>\n  <\/p>\n<ul rel=\"\" class=\"[&amp;&gt;li]:relative list-none  [&amp;&gt;li]:pl-[1.2em] [&amp;&gt;li]:marker:text-[0] [&amp;&gt;li]:relative [&amp;&gt;li]:before:absolute [&amp;&gt;li]:before:w-3 [&amp;&gt;li]:before:h-3 [&amp;&gt;li]:before:bg-brand [&amp;&gt;li]:before:left-0 [&amp;&gt;li]:before:top-[8px] [&amp;&gt;li]:before:rounded-full  my-5\">\n<li class=\" mb-3 text-xs md:text-m lg:text-l\">Adresse: Waldstra\u00dfe 13 b, 86456\u00a0L\u00fctzelburg<\/li>\n<li class=\" mb-3 text-xs md:text-m lg:text-l\">\u00d6ffnungszeiten: Dienstag und Freitag, 16 bis 18 Uhr, Samstag, 9 bis 12 Uhr<\/li>\n<li class=\" mb-3 text-xs md:text-m lg:text-l\">Link: <a href=\"https:\/\/bio-regional-augsburg.de\/de\/orte\/pohl-roth-bio-beeren-und-gemuese-gablingen\" rel=\"nofollow noopener\" target=\"_blank\" class=\"underline \">www.bio-regional-augsbrug.de<\/a><\/li>\n<\/ul>\n<p class=\"mb-6 text-xs md:text-m lg:text-l font-serif group-[.font-sans]:font-sans \">\n    <strong class=\"font-bold\">Erdbeerfeld Univiertel (Hofladen Schweiger)<\/strong>\n  <\/p>\n<ul rel=\"\" class=\"[&amp;&gt;li]:relative list-none  [&amp;&gt;li]:pl-[1.2em] [&amp;&gt;li]:marker:text-[0] [&amp;&gt;li]:relative [&amp;&gt;li]:before:absolute [&amp;&gt;li]:before:w-3 [&amp;&gt;li]:before:h-3 [&amp;&gt;li]:before:bg-brand [&amp;&gt;li]:before:left-0 [&amp;&gt;li]:before:top-[8px] [&amp;&gt;li]:before:rounded-full  my-5\">\n<li class=\" mb-3 text-xs md:text-m lg:text-l\">Adresse: Forschungsallee (Hinter der Universit\u00e4t)<\/li>\n<li class=\" mb-3 text-xs md:text-m lg:text-l\">\u00d6ffnungszeiten: t\u00e4glich, 8 bis 19 Uhr<\/li>\n<li class=\" mb-3 text-xs md:text-m lg:text-l\">Link: <a href=\"https:\/\/www.hofladenschweiger.de\/\" target=\"_self\" class=\"underline \" rel=\"nofollow noopener\">www.hofladenschweiger.de<\/a><\/li>\n<\/ul>\n<p class=\"mb-6 text-xs md:text-m lg:text-l font-serif group-[.font-sans]:font-sans \">\n    <strong class=\"font-bold\">Erdbeerfeld G\u00f6ggingen\/<a href=\"https:\/\/augsburger-allgemeine.de\/augsburg\/ort\/Haunstetten\" target=\"_self\" class=\"underline \" rel=\"nofollow noopener\">Haunstetten<\/a> (Hofladen Schweiger)<\/strong>\n  <\/p>\n<ul rel=\"\" class=\"[&amp;&gt;li]:relative list-none  [&amp;&gt;li]:pl-[1.2em] [&amp;&gt;li]:marker:text-[0] [&amp;&gt;li]:relative [&amp;&gt;li]:before:absolute [&amp;&gt;li]:before:w-3 [&amp;&gt;li]:before:h-3 [&amp;&gt;li]:before:bg-brand [&amp;&gt;li]:before:left-0 [&amp;&gt;li]:before:top-[8px] [&amp;&gt;li]:before:rounded-full  my-5\">\n<li class=\" mb-3 text-xs md:text-m lg:text-l\">Adresse: B\u00fcrgermeister-Ulrich-Stra\u00dfe<\/li>\n<li class=\" mb-3 text-xs md:text-m lg:text-l\">\u00d6ffnungszeiten: t\u00e4glich, 8 bis 19 Uhr<\/li>\n<li class=\" mb-3 text-xs md:text-m lg:text-l\">Link: <a href=\"https:\/\/www.hofladenschweiger.de\/\" target=\"_self\" class=\"underline \" rel=\"nofollow noopener\">www.hofladenschweiger.de<\/a><\/li>\n<\/ul>\n<p class=\"mb-6 text-xs md:text-m lg:text-l font-serif group-[.font-sans]:font-sans \">\n    <strong class=\"font-bold\">Seibold Erdbeeren Haunstetten<\/strong>\n  <\/p>\n<ul rel=\"\" class=\"[&amp;&gt;li]:relative list-none  [&amp;&gt;li]:pl-[1.2em] [&amp;&gt;li]:marker:text-[0] [&amp;&gt;li]:relative [&amp;&gt;li]:before:absolute [&amp;&gt;li]:before:w-3 [&amp;&gt;li]:before:h-3 [&amp;&gt;li]:before:bg-brand [&amp;&gt;li]:before:left-0 [&amp;&gt;li]:before:top-[8px] [&amp;&gt;li]:before:rounded-full  my-5\">\n<li class=\" mb-3 text-xs md:text-m lg:text-l\">Adresse: Inninger Stra\u00dfe gegen\u00fcber ATU<\/li>\n<li class=\" mb-3 text-xs md:text-m lg:text-l\">\u00d6ffnungszeiten: t\u00e4glich, 8.30 bis 18 Uhr<\/li>\n<li class=\" mb-3 text-xs md:text-m lg:text-l\">Link: <a href=\"https:\/\/www.obstbauer-kraus.de\/\" target=\"_self\" class=\"underline \" rel=\"nofollow noopener\">http:\/\/www.seibold-erdbeeren.de\/<\/a><\/li>\n<\/ul>\n<p>            Erdbeerfelder im Landkreis Augsburg: \u00dcbersicht mit \u00d6ffnungszeiten<\/p>\n<p class=\"mb-6 text-xs md:text-m lg:text-l font-serif group-[.font-sans]:font-sans \">\n    <strong class=\"font-bold\">Erdbeerfeld Adelsried (Obstbauer Kraus)<\/strong>\n  <\/p>\n<ul rel=\"\" class=\"[&amp;&gt;li]:relative list-none  [&amp;&gt;li]:pl-[1.2em] [&amp;&gt;li]:marker:text-[0] [&amp;&gt;li]:relative [&amp;&gt;li]:before:absolute [&amp;&gt;li]:before:w-3 [&amp;&gt;li]:before:h-3 [&amp;&gt;li]:before:bg-brand [&amp;&gt;li]:before:left-0 [&amp;&gt;li]:before:top-[8px] [&amp;&gt;li]:before:rounded-full  my-5\">\n<li class=\" mb-3 text-xs md:text-m lg:text-l\">Staatsstra\u00dfe gegen\u00fcber Wanderparkplatz<\/li>\n<li class=\" mb-3 text-xs md:text-m lg:text-l\">\u00d6ffnungszeiten: t\u00e4glich, 8.30 bis 19 Uhr<\/li>\n<li class=\" mb-3 text-xs md:text-m lg:text-l\">Link: <a href=\"https:\/\/www.obstbauer-kraus.de\/\" target=\"_self\" class=\"underline \" rel=\"nofollow noopener\">https:\/\/www.obstbauer-kraus.de\/<\/a><\/li>\n<\/ul>\n<p class=\"mb-6 text-xs md:text-m lg:text-l font-serif group-[.font-sans]:font-sans \">\n    <strong class=\"font-bold\">Seibold Erdbeeren <a href=\"https:\/\/augsburger-allgemeine.de\/schwabmuenchen\/ort\/Bobingen\" target=\"_self\" class=\"underline \" rel=\"nofollow noopener\">Bobingen<\/a><\/strong>\n  <\/p>\n<ul rel=\"\" class=\"[&amp;&gt;li]:relative list-none  [&amp;&gt;li]:pl-[1.2em] [&amp;&gt;li]:marker:text-[0] [&amp;&gt;li]:relative [&amp;&gt;li]:before:absolute [&amp;&gt;li]:before:w-3 [&amp;&gt;li]:before:h-3 [&amp;&gt;li]:before:bg-brand [&amp;&gt;li]:before:left-0 [&amp;&gt;li]:before:top-[8px] [&amp;&gt;li]:before:rounded-full  my-5\">\n<li class=\" mb-3 text-xs md:text-m lg:text-l\">Adresse: Oberottmarshauser Strasse, Bobingen<\/li>\n<li class=\" mb-3 text-xs md:text-m lg:text-l\">\u00d6ffnungszeiten: t\u00e4glich, 8.30 bis 18 Uhr<\/li>\n<li class=\" mb-3 text-xs md:text-m lg:text-l\">Link: <a href=\"https:\/\/www.obstbauer-kraus.de\/\" target=\"_self\" class=\"underline \" rel=\"nofollow noopener\">http:\/\/www.seibold-erdbeeren.de\/<\/a><\/li>\n<\/ul>\n<p class=\"mb-6 text-xs md:text-m lg:text-l font-serif group-[.font-sans]:font-sans \">\n    <strong class=\"font-bold\">Kistler Erdbeeren Bobingen<\/strong>\n  <\/p>\n<ul rel=\"\" class=\"[&amp;&gt;li]:relative list-none  [&amp;&gt;li]:pl-[1.2em] [&amp;&gt;li]:marker:text-[0] [&amp;&gt;li]:relative [&amp;&gt;li]:before:absolute [&amp;&gt;li]:before:w-3 [&amp;&gt;li]:before:h-3 [&amp;&gt;li]:before:bg-brand [&amp;&gt;li]:before:left-0 [&amp;&gt;li]:before:top-[8px] [&amp;&gt;li]:before:rounded-full  my-5\">\n<li class=\" mb-3 text-xs md:text-m lg:text-l\">Adresse: Schwettinger Weg \/ Krumbacher Stra\u00dfe N\u00e4he Wertachklinik<\/li>\n<li class=\" mb-3 text-xs md:text-m lg:text-l\">\u00d6ffnungszeiten: t\u00e4glich, 8 bis 19 Uhr<\/li>\n<li class=\" mb-3 text-xs md:text-m lg:text-l\">Link:\u00a0<a href=\"https:\/\/www.kistlererdbeeren.de\/\" rel=\"nofollow noopener\" target=\"_blank\" class=\"underline \">www.kistlererdbeeren.de<\/a><\/li>\n<\/ul>\n<p class=\"mb-6 text-xs md:text-m lg:text-l font-serif group-[.font-sans]:font-sans \">\n    <strong class=\"font-bold\">Erdbeerfeld Gersthofen (Obstbauer Kraus)<\/strong>\n  <\/p>\n<ul rel=\"\" class=\"[&amp;&gt;li]:relative list-none  [&amp;&gt;li]:pl-[1.2em] [&amp;&gt;li]:marker:text-[0] [&amp;&gt;li]:relative [&amp;&gt;li]:before:absolute [&amp;&gt;li]:before:w-3 [&amp;&gt;li]:before:h-3 [&amp;&gt;li]:before:bg-brand [&amp;&gt;li]:before:left-0 [&amp;&gt;li]:before:top-[8px] [&amp;&gt;li]:before:rounded-full  my-5\">\n<li class=\" mb-3 text-xs md:text-m lg:text-l\">Adresse: Thyssenstra\u00dfe<\/li>\n<li class=\" mb-3 text-xs md:text-m lg:text-l\">\u00d6ffnungszeiten: t\u00e4glich, 8.30 bis 19 Uhr<\/li>\n<li class=\" mb-3 text-xs md:text-m lg:text-l\">Link: <a href=\"https:\/\/www.obstbauer-kraus.de\/\" target=\"_self\" class=\"underline \" rel=\"nofollow noopener\">https:\/\/www.obstbauer-kraus.de\/<\/a><\/li>\n<\/ul>\n<p class=\"mb-6 text-xs md:text-m lg:text-l font-serif group-[.font-sans]:font-sans \">\n    <strong class=\"font-bold\">Erdbeerfeld Gessertshausen (Obstbauer Kraus)<\/strong>\n  <\/p>\n<ul rel=\"\" class=\"[&amp;&gt;li]:relative list-none  [&amp;&gt;li]:pl-[1.2em] [&amp;&gt;li]:marker:text-[0] [&amp;&gt;li]:relative [&amp;&gt;li]:before:absolute [&amp;&gt;li]:before:w-3 [&amp;&gt;li]:before:h-3 [&amp;&gt;li]:before:bg-brand [&amp;&gt;li]:before:left-0 [&amp;&gt;li]:before:top-[8px] [&amp;&gt;li]:before:rounded-full  my-5\">\n<li class=\" mb-3 text-xs md:text-m lg:text-l\">Adresse: hinter der Feuerwehr<\/li>\n<li class=\" mb-3 text-xs md:text-m lg:text-l\">\u00d6ffnungszeiten: t\u00e4glich, 8.30 bis 19 Uhr<\/li>\n<li class=\" mb-3 text-xs md:text-m lg:text-l\">Link: <a href=\"https:\/\/www.obstbauer-kraus.de\/\" target=\"_self\" class=\"underline \" rel=\"nofollow noopener\">https:\/\/www.obstbauer-kraus.de\/<\/a><\/li>\n<\/ul>\n<p class=\"mb-6 text-xs md:text-m lg:text-l font-serif group-[.font-sans]:font-sans \">\n    <strong class=\"font-bold\">Kistler Erdbeeren Gro\u00dfaitingen<\/strong>\n  <\/p>\n<ul rel=\"\" class=\"[&amp;&gt;li]:relative list-none  [&amp;&gt;li]:pl-[1.2em] [&amp;&gt;li]:marker:text-[0] [&amp;&gt;li]:relative [&amp;&gt;li]:before:absolute [&amp;&gt;li]:before:w-3 [&amp;&gt;li]:before:h-3 [&amp;&gt;li]:before:bg-brand [&amp;&gt;li]:before:left-0 [&amp;&gt;li]:before:top-[8px] [&amp;&gt;li]:before:rounded-full  my-5\">\n<li class=\" mb-3 text-xs md:text-m lg:text-l\">Adresse: Verbindungsstra\u00dfe zwischen Gro\u00dfaitingen und Kleinaitingen<\/li>\n<li class=\" mb-3 text-xs md:text-m lg:text-l\">\u00d6ffnungszeiten: t\u00e4glich, 8 bis 19 Uhr<\/li>\n<li class=\" mb-3 text-xs md:text-m lg:text-l\">Link:\u00a0<a href=\"https:\/\/www.obstbauer-kraus.de\/\" target=\"_self\" class=\"underline \" rel=\"nofollow noopener\">https:\/\/www.obstbauer-kraus.de\/<\/a><\/li>\n<\/ul>\n<p class=\"mb-6 text-xs md:text-m lg:text-l font-serif group-[.font-sans]:font-sans \">\n    <strong class=\"font-bold\">Seibold Erdbeeren <a href=\"https:\/\/www.augsburger-allgemeine.de\/schwabmuenchen\/ort\/koenigsbrunn\" target=\"_self\" class=\"underline \" rel=\"nofollow noopener\">K\u00f6nigsbrunn<\/a><\/strong>\n  <\/p>\n<ul rel=\"\" class=\"[&amp;&gt;li]:relative list-none  [&amp;&gt;li]:pl-[1.2em] [&amp;&gt;li]:marker:text-[0] [&amp;&gt;li]:relative [&amp;&gt;li]:before:absolute [&amp;&gt;li]:before:w-3 [&amp;&gt;li]:before:h-3 [&amp;&gt;li]:before:bg-brand [&amp;&gt;li]:before:left-0 [&amp;&gt;li]:before:top-[8px] [&amp;&gt;li]:before:rounded-full  my-5\">\n<li class=\" mb-3 text-xs md:text-m lg:text-l\">Adresse: Wertachstra\u00dfe<\/li>\n<li class=\" mb-3 text-xs md:text-m lg:text-l\">\u00d6ffnungszeiten: t\u00e4glich, 8.30 bis 18 Uhr<\/li>\n<li class=\" mb-3 text-xs md:text-m lg:text-l\">Link:\u00a0<a href=\"https:\/\/www.seibold-erdbeeren.de\/\" rel=\"nofollow noopener\" target=\"_blank\" class=\"underline \">www.seibold-erdbeeren.de<\/a><\/li>\n<\/ul>\n<p class=\"mb-6 text-xs md:text-m lg:text-l font-serif group-[.font-sans]:font-sans \">\n    <strong class=\"font-bold\">Erdbeerfeld K\u00f6nigsbrunn (Obsthof Wolf)<\/strong>\n  <\/p>\n<ul rel=\"\" class=\"[&amp;&gt;li]:relative list-none  [&amp;&gt;li]:pl-[1.2em] [&amp;&gt;li]:marker:text-[0] [&amp;&gt;li]:relative [&amp;&gt;li]:before:absolute [&amp;&gt;li]:before:w-3 [&amp;&gt;li]:before:h-3 [&amp;&gt;li]:before:bg-brand [&amp;&gt;li]:before:left-0 [&amp;&gt;li]:before:top-[8px] [&amp;&gt;li]:before:rounded-full  my-5\">\n<li class=\" mb-3 text-xs md:text-m lg:text-l\">Adresse: Wertachstra\u00dfe Ecke Augustusstra\u00dfe<\/li>\n<li class=\" mb-3 text-xs md:text-m lg:text-l\">\u00d6ffnungszeiten: 8 bis 19 Uhr<\/li>\n<\/ul>\n<p class=\"mb-6 text-xs md:text-m lg:text-l font-serif group-[.font-sans]:font-sans \">\n    <strong class=\"font-bold\">Erdbeerfeld K\u00f6nigsbrunn (Obsthof Wolf)<\/strong>\n  <\/p>\n<ul rel=\"\" class=\"[&amp;&gt;li]:relative list-none  [&amp;&gt;li]:pl-[1.2em] [&amp;&gt;li]:marker:text-[0] [&amp;&gt;li]:relative [&amp;&gt;li]:before:absolute [&amp;&gt;li]:before:w-3 [&amp;&gt;li]:before:h-3 [&amp;&gt;li]:before:bg-brand [&amp;&gt;li]:before:left-0 [&amp;&gt;li]:before:top-[8px] [&amp;&gt;li]:before:rounded-full  my-5\">\n<li class=\" mb-3 text-xs md:text-m lg:text-l\">Adresse: Hunnenstra\u00dfe<\/li>\n<li class=\" mb-3 text-xs md:text-m lg:text-l\">\u00d6ffnungszeiten 8 bis 19 Uhr<\/li>\n<\/ul>\n<p class=\"mb-6 text-xs md:text-m lg:text-l font-serif group-[.font-sans]:font-sans \">\n    <strong class=\"font-bold\">Erdbeerfeld Meitingen (Obstbauer Kraus)<\/strong>\n  <\/p>\n<ul rel=\"\" class=\"[&amp;&gt;li]:relative list-none  [&amp;&gt;li]:pl-[1.2em] [&amp;&gt;li]:marker:text-[0] [&amp;&gt;li]:relative [&amp;&gt;li]:before:absolute [&amp;&gt;li]:before:w-3 [&amp;&gt;li]:before:h-3 [&amp;&gt;li]:before:bg-brand [&amp;&gt;li]:before:left-0 [&amp;&gt;li]:before:top-[8px] [&amp;&gt;li]:before:rounded-full  my-5\">\n<li class=\" mb-3 text-xs md:text-m lg:text-l\">Adresse: Richtung Langenreichen, Aussiedlerh\u00f6fe<\/li>\n<li class=\" mb-3 text-xs md:text-m lg:text-l\">\u00d6ffnungszeiten: t\u00e4glich, 8.30 bis 19 Uhr<\/li>\n<li class=\" mb-3 text-xs md:text-m lg:text-l\">Link: <a href=\"https:\/\/www.obstbauer-kraus.de\/\" target=\"_self\" class=\"underline \" rel=\"nofollow noopener\">https:\/\/www.obstbauer-kraus.de\/<\/a><\/li>\n<\/ul>\n<p class=\"mb-6 text-xs md:text-m lg:text-l font-serif group-[.font-sans]:font-sans \">\n    <strong class=\"font-bold\">Erdbeerfeld Neus\u00e4\u00df\/B\u00e4renkeller (Obstbauer Kraus)<\/strong>\n  <\/p>\n<ul rel=\"\" class=\"[&amp;&gt;li]:relative list-none  [&amp;&gt;li]:pl-[1.2em] [&amp;&gt;li]:marker:text-[0] [&amp;&gt;li]:relative [&amp;&gt;li]:before:absolute [&amp;&gt;li]:before:w-3 [&amp;&gt;li]:before:h-3 [&amp;&gt;li]:before:bg-brand [&amp;&gt;li]:before:left-0 [&amp;&gt;li]:before:top-[8px] [&amp;&gt;li]:before:rounded-full  my-5\">\n<li class=\" mb-3 text-xs md:text-m lg:text-l\">Adresse: Hinter dem Schulzentrum, Alpenstra\u00dfe, 86356 Neus\u00e4\u00df<\/li>\n<li class=\" mb-3 text-xs md:text-m lg:text-l\">\u00d6ffnungszeiten: t\u00e4glich, 8.30 bis 19 Uhr<\/li>\n<li class=\" mb-3 text-xs md:text-m lg:text-l\">Link: <a href=\"https:\/\/www.obstbauer-kraus.de\/\" target=\"_self\" class=\"underline \" rel=\"nofollow noopener\">https:\/\/www.obstbauer-kraus.de\/<\/a><\/li>\n<\/ul>\n<p class=\"mb-6 text-xs md:text-m lg:text-l font-serif group-[.font-sans]:font-sans \">\n    <strong class=\"font-bold\">Schorer&#8217;s Erdbeeren Schwabm\u00fcnchen<\/strong>\n  <\/p>\n<ul rel=\"\" class=\"[&amp;&gt;li]:relative list-none  [&amp;&gt;li]:pl-[1.2em] [&amp;&gt;li]:marker:text-[0] [&amp;&gt;li]:relative [&amp;&gt;li]:before:absolute [&amp;&gt;li]:before:w-3 [&amp;&gt;li]:before:h-3 [&amp;&gt;li]:before:bg-brand [&amp;&gt;li]:before:left-0 [&amp;&gt;li]:before:top-[8px] [&amp;&gt;li]:before:rounded-full  my-5\">\n<li class=\" mb-3 text-xs md:text-m lg:text-l\">Adresse: Mausbergweg<\/li>\n<li class=\" mb-3 text-xs md:text-m lg:text-l\">\u00d6ffnungszeiten: Samstag bis Dienstag, 8 bis 19 Uhr<\/li>\n<\/ul>\n<p class=\"mb-6 text-xs md:text-m lg:text-l font-serif group-[.font-sans]:font-sans \">\n    <strong class=\"font-bold\">Erdbeerfeld Stadtbergen (Obstbauer Kraus)<\/strong>\n  <\/p>\n<ul rel=\"\" class=\"[&amp;&gt;li]:relative list-none  [&amp;&gt;li]:pl-[1.2em] [&amp;&gt;li]:marker:text-[0] [&amp;&gt;li]:relative [&amp;&gt;li]:before:absolute [&amp;&gt;li]:before:w-3 [&amp;&gt;li]:before:h-3 [&amp;&gt;li]:before:bg-brand [&amp;&gt;li]:before:left-0 [&amp;&gt;li]:before:top-[8px] [&amp;&gt;li]:before:rounded-full  my-5\">\n<li class=\" mb-3 text-xs md:text-m lg:text-l\">Adresse: Panzerstra\u00dfe hinter Sportplatz,<\/li>\n<li class=\" mb-3 text-xs md:text-m lg:text-l\">\u00d6ffnungszeiten: t\u00e4glich, 8.30 bis 19 Uhr<\/li>\n<li class=\" mb-3 text-xs md:text-m lg:text-l\">Link: <a href=\"https:\/\/www.obstbauer-kraus.de\/\" target=\"_self\" class=\"underline \" rel=\"nofollow noopener\">https:\/\/www.obstbauer-kraus.de\/<\/a><\/li>\n<\/ul>\n<p class=\"mb-6 text-xs md:text-m lg:text-l font-serif group-[.font-sans]:font-sans \">\n    <strong class=\"font-bold\">Erdbeerfeld Steppach (Obstbauer Kraus)<\/strong>\n  <\/p>\n<ul rel=\"\" class=\"[&amp;&gt;li]:relative list-none  [&amp;&gt;li]:pl-[1.2em] [&amp;&gt;li]:marker:text-[0] [&amp;&gt;li]:relative [&amp;&gt;li]:before:absolute [&amp;&gt;li]:before:w-3 [&amp;&gt;li]:before:h-3 [&amp;&gt;li]:before:bg-brand [&amp;&gt;li]:before:left-0 [&amp;&gt;li]:before:top-[8px] [&amp;&gt;li]:before:rounded-full  my-5\">\n<li class=\" mb-3 text-xs md:text-m lg:text-l\">Adresse: hinter Obi<\/li>\n<li class=\" mb-3 text-xs md:text-m lg:text-l\">\u00d6ffnungszeiten: t\u00e4glich, 8.30 bis 19 Uhr<\/li>\n<li class=\" mb-3 text-xs md:text-m lg:text-l\">Link: <a href=\"https:\/\/www.obstbauer-kraus.de\/\" target=\"_self\" class=\"underline \" rel=\"nofollow noopener\">https:\/\/www.obstbauer-kraus.de\/<\/a><\/li>\n<\/ul>\n<p class=\"mb-6 text-xs md:text-m lg:text-l font-serif group-[.font-sans]:font-sans \">\n    <strong class=\"font-bold\">Erdbeeren Lachenmayr Thierhaupten<\/strong>\n  <\/p>\n<ul rel=\"\" class=\"[&amp;&gt;li]:relative list-none  [&amp;&gt;li]:pl-[1.2em] [&amp;&gt;li]:marker:text-[0] [&amp;&gt;li]:relative [&amp;&gt;li]:before:absolute [&amp;&gt;li]:before:w-3 [&amp;&gt;li]:before:h-3 [&amp;&gt;li]:before:bg-brand [&amp;&gt;li]:before:left-0 [&amp;&gt;li]:before:top-[8px] [&amp;&gt;li]:before:rounded-full  my-5\">\n<li class=\" mb-3 text-xs md:text-m lg:text-l\">Am Sportplatz in Thierhaupten, Richtung Meitingen<\/li>\n<li class=\" mb-3 text-xs md:text-m lg:text-l\">\u00d6ffnungszeiten: t\u00e4glich, 8 bis 19 Uhr<\/li>\n<\/ul>\n<p class=\"mb-6 text-xs md:text-m lg:text-l font-serif group-[.font-sans]:font-sans \">\n    <strong class=\"font-bold\">Kistler Erdbeeren &#8211; Erdbeerfeld Untermeitingen<\/strong>\n  <\/p>\n<ul rel=\"\" class=\"[&amp;&gt;li]:relative list-none  [&amp;&gt;li]:pl-[1.2em] [&amp;&gt;li]:marker:text-[0] [&amp;&gt;li]:relative [&amp;&gt;li]:before:absolute [&amp;&gt;li]:before:w-3 [&amp;&gt;li]:before:h-3 [&amp;&gt;li]:before:bg-brand [&amp;&gt;li]:before:left-0 [&amp;&gt;li]:before:top-[8px] [&amp;&gt;li]:before:rounded-full  my-5\">\n<li class=\" mb-3 text-xs md:text-m lg:text-l\">Adresse: Am Schlossberg &#8211; Richtung Schwabm\u00fcnchen (Siebenerweg \/ Pfarrer-Bi\u00dfle Weg)<\/li>\n<li class=\" mb-3 text-xs md:text-m lg:text-l\">\u00d6ffnungszeiten: t\u00e4glich, 8 bis 19 Uhr<\/li>\n<li class=\" mb-3 text-xs md:text-m lg:text-l\">Link: <a href=\"http:\/\/www.kistlererdbeeren.de\/Unsere-Erdbeerfelde\" target=\"_self\" class=\"underline \" rel=\"nofollow noopener\">http:\/\/www.kistlererdbeeren.de<\/a><\/li>\n<\/ul>\n<p class=\"mb-6 text-xs md:text-m lg:text-l font-serif group-[.font-sans]:font-sans \">\n    <strong class=\"font-bold\">Erdbeerfeld Zusmarshausen (Obstbauer Kraus)<\/strong>\n  <\/p>\n<ul rel=\"\" class=\"[&amp;&gt;li]:relative list-none  [&amp;&gt;li]:pl-[1.2em] [&amp;&gt;li]:marker:text-[0] [&amp;&gt;li]:relative [&amp;&gt;li]:before:absolute [&amp;&gt;li]:before:w-3 [&amp;&gt;li]:before:h-3 [&amp;&gt;li]:before:bg-brand [&amp;&gt;li]:before:left-0 [&amp;&gt;li]:before:top-[8px] [&amp;&gt;li]:before:rounded-full  my-5\">\n<li class=\" mb-3 text-xs md:text-m lg:text-l\">Adresse: Aus Wollbach \u00fcber die Sechsbuchenstra\u00dfe kommend hinter der Staatsstra\u00dfe rechts.<\/li>\n<li class=\" mb-3 text-xs md:text-m lg:text-l\">\u00d6ffnungszeiten: t\u00e4glich, 8.30 bis 19 Uhr<\/li>\n<li class=\" mb-3 text-xs md:text-m lg:text-l\">Link: <a href=\"https:\/\/www.obstbauer-kraus.de\/\" target=\"_self\" class=\"underline \" rel=\"nofollow noopener\">https:\/\/www.obstbauer-kraus.de\/<\/a><\/li>\n<\/ul>\n<p>            Hier gibt es Erdbeerfelder im Landkreis Aichach-Friedberg<\/p>\n<p class=\"mb-6 text-xs md:text-m lg:text-l font-serif group-[.font-sans]:font-sans \">\n    <strong class=\"font-bold\">Bio-Erdbeeren Ludwig Asam<\/strong>\n  <\/p>\n<ul rel=\"\" class=\"[&amp;&gt;li]:relative list-none  [&amp;&gt;li]:pl-[1.2em] [&amp;&gt;li]:marker:text-[0] [&amp;&gt;li]:relative [&amp;&gt;li]:before:absolute [&amp;&gt;li]:before:w-3 [&amp;&gt;li]:before:h-3 [&amp;&gt;li]:before:bg-brand [&amp;&gt;li]:before:left-0 [&amp;&gt;li]:before:top-[8px] [&amp;&gt;li]:before:rounded-full  my-5\">\n<li class=\" mb-3 text-xs md:text-m lg:text-l\">Adresse: Kalkofenstr., am Baugebiet Oberland, 86438 Kissing<\/li>\n<li class=\" mb-3 text-xs md:text-m lg:text-l\">\u00d6ffnungszeiten: t\u00e4glich, 9 bis 18 Uhr (voraussichtlich ab Anfang Juni)<\/li>\n<li class=\" mb-3 text-xs md:text-m lg:text-l\">Link: <a href=\"http:\/\/www.asam-bio.de\/\" target=\"_self\" class=\"underline \" rel=\"nofollow noopener\">http:\/\/www.asam-bio.de\/<\/a><\/li>\n<\/ul>\n<p class=\"mb-6 text-xs md:text-m lg:text-l font-serif group-[.font-sans]:font-sans \">\n    <strong class=\"font-bold\">Erdbeerfeld Kissing (Obstbauer Kraus)<\/strong>\n  <\/p>\n<ul rel=\"\" class=\"[&amp;&gt;li]:relative list-none  [&amp;&gt;li]:pl-[1.2em] [&amp;&gt;li]:marker:text-[0] [&amp;&gt;li]:relative [&amp;&gt;li]:before:absolute [&amp;&gt;li]:before:w-3 [&amp;&gt;li]:before:h-3 [&amp;&gt;li]:before:bg-brand [&amp;&gt;li]:before:left-0 [&amp;&gt;li]:before:top-[8px] [&amp;&gt;li]:before:rounded-full  my-5\">\n<li class=\" mb-3 text-xs md:text-m lg:text-l\">Adresse: Bgm.-Wohlmuth-Stra\u00dfe, Kissing<\/li>\n<li class=\" mb-3 text-xs md:text-m lg:text-l\">\u00d6ffnungszeiten: t\u00e4glich, 8.30 bis 19 Uhr (ab 10. Mai)<\/li>\n<li class=\" mb-3 text-xs md:text-m lg:text-l\">Link: <a href=\"https:\/\/www.obstbauer-kraus.de\/\" target=\"_self\" class=\"underline \" rel=\"nofollow noopener\">https:\/\/www.obstbauer-kraus.de\/<\/a><\/li>\n<\/ul>\n<p class=\"mb-6 text-xs md:text-m lg:text-l font-serif group-[.font-sans]:font-sans \">\n    <strong class=\"font-bold\">Erdbeerfeld Obergriesbach (Fam. Lunz)<\/strong>\n  <\/p>\n<ul rel=\"\" class=\"[&amp;&gt;li]:relative list-none  [&amp;&gt;li]:pl-[1.2em] [&amp;&gt;li]:marker:text-[0] [&amp;&gt;li]:relative [&amp;&gt;li]:before:absolute [&amp;&gt;li]:before:w-3 [&amp;&gt;li]:before:h-3 [&amp;&gt;li]:before:bg-brand [&amp;&gt;li]:before:left-0 [&amp;&gt;li]:before:top-[8px] [&amp;&gt;li]:before:rounded-full  my-5\">\n<li class=\" mb-3 text-xs md:text-m lg:text-l\">Adresse: Annastra\u00dfe 18, 86573 Obergriesbach<\/li>\n<li class=\" mb-3 text-xs md:text-m lg:text-l\">\u00d6ffnungszeiten: t\u00e4glich, 9 bis 18 Uhr (ab 17. Mai)<\/li>\n<li class=\" mb-3 text-xs md:text-m lg:text-l\">Link: <a href=\"https:\/\/www.facebook.com\/p\/LUNZ-Spargel-Erdbeeren-100083548143244\/\" rel=\"nofollow noopener\" target=\"_blank\" class=\"underline \">Facebook Familie Lunz<\/a><\/li>\n<\/ul>\n<p class=\"mb-6 text-xs md:text-m lg:text-l font-serif group-[.font-sans]:font-sans \">\n    <strong class=\"font-bold\">Erdbeerfeld <a href=\"https:\/\/www.augsburger-allgemeine.de\/friedberg\" target=\"_self\" class=\"underline \" rel=\"nofollow noopener\">Friedberg<\/a> (Fam. Lunz)<\/strong>\n  <\/p>\n<ul rel=\"\" class=\"[&amp;&gt;li]:relative list-none  [&amp;&gt;li]:pl-[1.2em] [&amp;&gt;li]:marker:text-[0] [&amp;&gt;li]:relative [&amp;&gt;li]:before:absolute [&amp;&gt;li]:before:w-3 [&amp;&gt;li]:before:h-3 [&amp;&gt;li]:before:bg-brand [&amp;&gt;li]:before:left-0 [&amp;&gt;li]:before:top-[8px] [&amp;&gt;li]:before:rounded-full  my-5\">\n<li class=\" mb-3 text-xs md:text-m lg:text-l\">Adresse: Seestra\u00dfe, 86316 Friedberg<\/li>\n<li class=\" mb-3 text-xs md:text-m lg:text-l\">\u00d6ffnungszeiten: t\u00e4glich, 9 bis 18 Uhr (ab 17. Mai)<\/li>\n<li class=\" mb-3 text-xs md:text-m lg:text-l\">Link: <a href=\"https:\/\/www.facebook.com\/p\/LUNZ-Spargel-Erdbeeren-100083548143244\/\" rel=\"nofollow noopener\" target=\"_blank\" class=\"underline \">Facebook Familie Lunz<\/a><\/li>\n<\/ul>\n<p class=\"mb-6 text-xs md:text-m lg:text-l font-serif group-[.font-sans]:font-sans \">\n    <strong class=\"font-bold\">Erdbeerfeld Friedberg (Fam. Lunz)<\/strong>\n  <\/p>\n<ul rel=\"\" class=\"[&amp;&gt;li]:relative list-none  [&amp;&gt;li]:pl-[1.2em] [&amp;&gt;li]:marker:text-[0] [&amp;&gt;li]:relative [&amp;&gt;li]:before:absolute [&amp;&gt;li]:before:w-3 [&amp;&gt;li]:before:h-3 [&amp;&gt;li]:before:bg-brand [&amp;&gt;li]:before:left-0 [&amp;&gt;li]:before:top-[8px] [&amp;&gt;li]:before:rounded-full  my-5\">\n<li class=\" mb-3 text-xs md:text-m lg:text-l\">Adresse: Wiffertshausenerstra\u00dfe (H\u00f6he Herrgottsruh Kirche)<\/li>\n<li class=\" mb-3 text-xs md:text-m lg:text-l\">\u00d6ffnungszeiten: t\u00e4glich, 9 bis 18 Uhr (ab 17. Mai)<\/li>\n<li class=\" mb-3 text-xs md:text-m lg:text-l\">Link: <a href=\"https:\/\/www.facebook.com\/p\/LUNZ-Spargel-Erdbeeren-100083548143244\/\" rel=\"nofollow noopener\" target=\"_blank\" class=\"underline \">Facebook Familie Lunz<\/a><\/li>\n<\/ul>\n<p class=\"mb-6 text-xs md:text-m lg:text-l font-serif group-[.font-sans]:font-sans \">\n    <strong class=\"font-bold\">V\u00f6hringer-Erdbeeren Friedberg<\/strong>\n  <\/p>\n<ul rel=\"\" class=\"[&amp;&gt;li]:relative list-none  [&amp;&gt;li]:pl-[1.2em] [&amp;&gt;li]:marker:text-[0] [&amp;&gt;li]:relative [&amp;&gt;li]:before:absolute [&amp;&gt;li]:before:w-3 [&amp;&gt;li]:before:h-3 [&amp;&gt;li]:before:bg-brand [&amp;&gt;li]:before:left-0 [&amp;&gt;li]:before:top-[8px] [&amp;&gt;li]:before:rounded-full  my-5\">\n<li class=\" mb-3 text-xs md:text-m lg:text-l\">Adresse: Meringer Stra\u00dfeb 88b, Augsburg (B2 in Friedberg-West)<\/li>\n<li class=\" mb-3 text-xs md:text-m lg:text-l\">\u00d6ffnungszeiten: Montag bis Samstag, 8 bis 19 Uhr, Sonntag ab 9 Uhr<\/li>\n<\/ul>\n<p class=\"mb-6 text-xs md:text-m lg:text-l font-serif group-[.font-sans]:font-sans \">\n    <strong class=\"font-bold\">Erdbeerfeld <a href=\"https:\/\/augsburger-allgemeine.de\/aichach\/ort\/Aichach\" target=\"_self\" class=\"underline \" rel=\"nofollow noopener\">Aichach<\/a> (Fam. Lunz)<\/strong>\n  <\/p>\n<ul rel=\"\" class=\"[&amp;&gt;li]:relative list-none  [&amp;&gt;li]:pl-[1.2em] [&amp;&gt;li]:marker:text-[0] [&amp;&gt;li]:relative [&amp;&gt;li]:before:absolute [&amp;&gt;li]:before:w-3 [&amp;&gt;li]:before:h-3 [&amp;&gt;li]:before:bg-brand [&amp;&gt;li]:before:left-0 [&amp;&gt;li]:before:top-[8px] [&amp;&gt;li]:before:rounded-full  my-5\">\n<li class=\" mb-3 text-xs md:text-m lg:text-l\">Adresse: Schneitbacher Weg, 86551 Aichach<\/li>\n<li class=\" mb-3 text-xs md:text-m lg:text-l\">\u00d6ffnungszeiten: t\u00e4glich, 9 bis 18 Uhr (ab 17. Mai)<\/li>\n<li class=\" mb-3 text-xs md:text-m lg:text-l\">Link: <a href=\"https:\/\/www.facebook.com\/p\/LUNZ-Spargel-Erdbeeren-100083548143244\/\" rel=\"nofollow noopener\" target=\"_blank\" class=\"underline \">Facebook Familie Lunz<\/a><\/li>\n<\/ul>\n<p class=\"mb-6 text-xs md:text-m lg:text-l font-serif group-[.font-sans]:font-sans \">\n    <strong class=\"font-bold\">Erdbeeren Lachenmayr Rehling<\/strong>\n  <\/p>\n<ul rel=\"\" class=\"[&amp;&gt;li]:relative list-none  [&amp;&gt;li]:pl-[1.2em] [&amp;&gt;li]:marker:text-[0] [&amp;&gt;li]:relative [&amp;&gt;li]:before:absolute [&amp;&gt;li]:before:w-3 [&amp;&gt;li]:before:h-3 [&amp;&gt;li]:before:bg-brand [&amp;&gt;li]:before:left-0 [&amp;&gt;li]:before:top-[8px] [&amp;&gt;li]:before:rounded-full  my-5\">\n<li class=\" mb-3 text-xs md:text-m lg:text-l\">Adresse: An der Lechleite 25, Rehling-Unterach<\/li>\n<li class=\" mb-3 text-xs md:text-m lg:text-l\">\u00d6ffnungszeiten: t\u00e4glich, 8 bis 19 Uhr<\/li>\n<li class=\" mb-3 text-xs md:text-m lg:text-l\">Link: <a href=\"https:\/\/www.instagram.com\/lachenmayr_erdbeeren_kirschen\/\" rel=\"nofollow noopener\" target=\"_blank\" class=\"underline \">Erbeeren Lachenmayr Instagram<\/a><\/li>\n<\/ul>\n<p class=\"mb-6 text-xs md:text-m lg:text-l font-serif group-[.font-sans]:font-sans \">\n    <strong class=\"font-bold\">Erdbeerdfeld Merching (Fam. Grabmann)<\/strong>\n  <\/p>\n<ul rel=\"\" class=\"[&amp;&gt;li]:relative list-none  [&amp;&gt;li]:pl-[1.2em] [&amp;&gt;li]:marker:text-[0] [&amp;&gt;li]:relative [&amp;&gt;li]:before:absolute [&amp;&gt;li]:before:w-3 [&amp;&gt;li]:before:h-3 [&amp;&gt;li]:before:bg-brand [&amp;&gt;li]:before:left-0 [&amp;&gt;li]:before:top-[8px] [&amp;&gt;li]:before:rounded-full  my-5\">\n<li class=\" mb-3 text-xs md:text-m lg:text-l\">Adresse: Kirchfeldstra\u00dfe, 86504 Merching<\/li>\n<li class=\" mb-3 text-xs md:text-m lg:text-l\">\u00d6ffnungszeiten: Montag bis Samstag, 8 bis 19.30 Uhr; Sonntag und Feiertag, 9 bis 18 Uhr<\/li>\n<li class=\" mb-3 text-xs md:text-m lg:text-l\">Link: <a href=\"https:\/\/www.erdbeeren-grabmann.de\/\" target=\"_self\" class=\"underline \" rel=\"nofollow noopener\">www.erdbeeren-grabmann.de<\/a><\/li>\n<\/ul>\n<p class=\"mb-6 text-xs md:text-m lg:text-l font-serif group-[.font-sans]:font-sans \">\n    <strong class=\"font-bold\">Mahls Obsthof<\/strong>\n  <\/p>\n<ul rel=\"\" class=\"[&amp;&gt;li]:relative list-none  [&amp;&gt;li]:pl-[1.2em] [&amp;&gt;li]:marker:text-[0] [&amp;&gt;li]:relative [&amp;&gt;li]:before:absolute [&amp;&gt;li]:before:w-3 [&amp;&gt;li]:before:h-3 [&amp;&gt;li]:before:bg-brand [&amp;&gt;li]:before:left-0 [&amp;&gt;li]:before:top-[8px] [&amp;&gt;li]:before:rounded-full  my-5\">\n<li class=\" mb-3 text-xs md:text-m lg:text-l\">Adresse: Haunsried 1, 86559 Adelzhausen<\/li>\n<li class=\" mb-3 text-xs md:text-m lg:text-l\">\u00d6ffnungszeiten: t\u00e4glich von 8 bis 18 Uhr<\/li>\n<li class=\" mb-3 text-xs md:text-m lg:text-l\">Link: <a href=\"https:\/\/www.mahls-obsthof.de\/\" target=\"_self\" class=\"underline \" rel=\"nofollow noopener\">https:\/\/www.mahls-obsthof.de\/<\/a><\/li>\n<\/ul>\n<p class=\"mb-6 text-xs md:text-m lg:text-l font-serif group-[.font-sans]:font-sans \">\n    <strong class=\"font-bold\">Waglerhof Ainertshofen<\/strong>\n  <\/p>\n<ul rel=\"\" class=\"[&amp;&gt;li]:relative list-none  [&amp;&gt;li]:pl-[1.2em] [&amp;&gt;li]:marker:text-[0] [&amp;&gt;li]:relative [&amp;&gt;li]:before:absolute [&amp;&gt;li]:before:w-3 [&amp;&gt;li]:before:h-3 [&amp;&gt;li]:before:bg-brand [&amp;&gt;li]:before:left-0 [&amp;&gt;li]:before:top-[8px] [&amp;&gt;li]:before:rounded-full  my-5\">\n<li class=\" mb-3 text-xs md:text-m lg:text-l\">Adresse: Ainertshofen 3, 86570 Inchenhofen<\/li>\n<li class=\" mb-3 text-xs md:text-m lg:text-l\">\u00d6ffnungszeiten: t\u00e4glich 8 bis 18 Uhr (von April bis Ende Juli)<\/li>\n<li class=\" mb-3 text-xs md:text-m lg:text-l\">Link: <a href=\"https:\/\/www.waglerhof.de\/\" target=\"_self\" class=\"underline \" rel=\"nofollow noopener\">https:\/\/www.waglerhof.de\/<\/a><\/li>\n<\/ul>\n<p class=\"mb-6 text-xs md:text-m lg:text-l font-serif group-[.font-sans]:font-sans \">\n    <strong class=\"font-bold\">Rinauer Hof K\u00fchbach-Winden<\/strong>\n  <\/p>\n<ul rel=\"\" class=\"[&amp;&gt;li]:relative list-none  [&amp;&gt;li]:pl-[1.2em] [&amp;&gt;li]:marker:text-[0] [&amp;&gt;li]:relative [&amp;&gt;li]:before:absolute [&amp;&gt;li]:before:w-3 [&amp;&gt;li]:before:h-3 [&amp;&gt;li]:before:bg-brand [&amp;&gt;li]:before:left-0 [&amp;&gt;li]:before:top-[8px] [&amp;&gt;li]:before:rounded-full  my-5\">\n<li class=\" mb-3 text-xs md:text-m lg:text-l\">Adresse: Winden 4, 86556 K\u00fchbach<\/li>\n<li class=\" mb-3 text-xs md:text-m lg:text-l\">\u00d6ffnungszeiten: t\u00e4glich zwischen 8 und 19 Uhr<\/li>\n<li class=\" mb-3 text-xs md:text-m lg:text-l\">Link: <a href=\"http:\/\/www.rinauer-hof.de\/\" target=\"_self\" class=\"underline \" rel=\"nofollow noopener\">http:\/\/www.rinauer-hof.de\/<\/a><\/li>\n<\/ul>\n<p>  <script async src=\"\/\/www.instagram.com\/embed.js\"><\/script><\/p>\n","protected":false},"excerpt":{"rendered":"F\u00fcr Erdbeer-Liebhaber hat das Warten ein Ende: Nach und nach \u00f6ffnen die Felder zum Selbstpfl\u00fccken in der Region&hellip;\n","protected":false},"author":2,"featured_media":1070920,"comment_status":"","ping_status":"","sticky":false,"template":"","format":"standard","meta":{"footnotes":"","_share_on_mastodon":"0"},"categories":[1846],"tags":[159659,680,772,3364,29,4838,43825,36672,548,663,3934,68633,30,146678,144777,13,81871,14,15,12,23508],"class_list":["post-1073525","post","type-post","status-publish","format-standard","has-post-thumbnail","category-augsburg","tag-aichach-friedberg","tag-augsburg","tag-bayern","tag-de","tag-deutschland","tag-erdbeere","tag-erdbeerfeld","tag-erdbeersaison","tag-eu","tag-europa","tag-europe","tag-friedberg","tag-germany","tag-goeggingen","tag-haunstetten","tag-headlines","tag-koenigsbrunn","tag-nachrichten","tag-news","tag-schlagzeilen","tag-vitamine"],"share_on_mastodon":{"url":"https:\/\/pubeurope.com\/@de\/116701503589264276","error":""},"_links":{"self":[{"href":"https:\/\/www.europesays.com\/de\/wp-json\/wp\/v2\/posts\/1073525","targetHints":{"allow":["GET"]}}],"collection":[{"href":"https:\/\/www.europesays.com\/de\/wp-json\/wp\/v2\/posts"}],"about":[{"href":"https:\/\/www.europesays.com\/de\/wp-json\/wp\/v2\/types\/post"}],"author":[{"embeddable":true,"href":"https:\/\/www.europesays.com\/de\/wp-json\/wp\/v2\/users\/2"}],"replies":[{"embeddable":true,"href":"https:\/\/www.europesays.com\/de\/wp-json\/wp\/v2\/comments?post=1073525"}],"version-history":[{"count":0,"href":"https:\/\/www.europesays.com\/de\/wp-json\/wp\/v2\/posts\/1073525\/revisions"}],"wp:featuredmedia":[{"embeddable":true,"href":"https:\/\/www.europesays.com\/de\/wp-json\/wp\/v2\/media\/1070920"}],"wp:attachment":[{"href":"https:\/\/www.europesays.com\/de\/wp-json\/wp\/v2\/media?parent=1073525"}],"wp:term":[{"taxonomy":"category","embeddable":true,"href":"https:\/\/www.europesays.com\/de\/wp-json\/wp\/v2\/categories?post=1073525"},{"taxonomy":"post_tag","embeddable":true,"href":"https:\/\/www.europesays.com\/de\/wp-json\/wp\/v2\/tags?post=1073525"}],"curies":[{"name":"wp","href":"https:\/\/api.w.org\/{rel}","templated":true}]}}