{"id":1073595,"date":"2026-06-06T06:08:38","date_gmt":"2026-06-06T06:08:38","guid":{"rendered":"https:\/\/www.europesays.com\/de\/1073595\/"},"modified":"2026-06-06T06:08:38","modified_gmt":"2026-06-06T06:08:38","slug":"stadthafen-neuer-stadthafen-oeffnet-leipzig-das-tor-zum-neuseenland","status":"publish","type":"post","link":"https:\/\/www.europesays.com\/de\/1073595\/","title":{"rendered":"Stadthafen: Neuer Stadthafen \u00f6ffnet Leipzig das Tor zum Neuseenland"},"content":{"rendered":"<p class=\"paragraph article__item\"><a class=\"rtr-entity\" href=\"https:\/\/www.zeit.de\/thema\/leipzig\" rel=\"nofollow noopener\" target=\"_blank\">Leipzig<\/a> hat einen neuen zentralen Anlaufpunkt f\u00fcr den Wassertourismus: Oberb\u00fcrgermeister Burkhard Jung und Sachsens Ministerpr\u00e4sident Michael Kretschmer haben den Stadthafen Leipzig er\u00f6ffnet.\n<\/p>\n<p>Aktuelles<\/p>\n<p>                <a href=\"https:\/\/www.zeit.de\/gesellschaft\/zeitgeschehen\/2026-05\/holocaust-gedenken-yad-vashem-muenchen-gxe\" data-ct-label=\"Holocaustgedenkst\u00e4tte: Yad Vashem will Bildungszentrum in M\u00fcnchen \u00f6ffnen\" data-uuid=\"1e86fbbe-fa41-4c5f-bc82-c8947620db2d\" rel=\"nofollow noopener\" target=\"_blank\"><\/p>\n<p>                        Holocaustgedenkst\u00e4tte:<br \/>\n                        Yad Vashem will Bildungszentrum in M\u00fcnchen \u00f6ffnen<\/p>\n<p>                <\/a><\/p>\n<p>                <a href=\"https:\/\/www.zeit.de\/wirtschaft\/2026-05\/mieten-angebot-kreisfreie-grossstaedte-deutschland-gxe\" data-ct-label=\"Mietpreise: Angebotsmiete in der H\u00e4lfte der deutschen Gro\u00dfst\u00e4dte bei \u00fcber 10 Euro\" data-uuid=\"d90f1b16-8d79-4a59-ab81-cfcb2da8a3d8\" rel=\"nofollow noopener\" target=\"_blank\"><\/p>\n<p>                        Mietpreise:<br \/>\n                        Angebotsmiete in der H\u00e4lfte der deutschen Gro\u00dfst\u00e4dte bei \u00fcber 10 Euro<\/p>\n<p>                <\/a><\/p>\n<p>                <a href=\"https:\/\/www.zeit.de\/politik\/deutschland\/2026-05\/koalitionsausschuss-reformen-zeitrahmen-csu\" data-ct-label=\"Koalitionsausschuss: Schwarz-Rot kann sich laut CSU-Politiker f\u00fcr Reformen Zeit nehmen\" data-uuid=\"301b22b5-cf84-40de-a4a2-211b9044863e\" rel=\"nofollow noopener\" target=\"_blank\"><\/p>\n<p>                        Koalitionsausschuss:<br \/>\n                        Schwarz-Rot kann sich laut CSU-Politiker f\u00fcr Reformen Zeit nehmen<\/p>\n<p>                <\/a><\/p>\n<p class=\"paragraph article__item\">Entstanden sei nicht weniger als das \u00abneue Herzst\u00fcck des Touristischen Gew\u00e4sserverbundes im Leipziger Neuseenland mit einer enormen Strahlkraft f\u00fcr Leipzig und die Region\u00bb, betonte Jung (SPD).\n<\/p>\n<p class=\"paragraph article__item\">Der Stadthafen werde zum zentralen Eingangstor in diese besondere Wasserwelt, sagte Ministerpr\u00e4sident <a class=\"rtr-entity\" href=\"https:\/\/www.zeit.de\/thema\/michael-kretschmer\" rel=\"nofollow noopener\" target=\"_blank\">Kretschmer<\/a> (CDU). \u00abEr st\u00e4rkt die touristische Entwicklung, schafft Impulse f\u00fcr die Wirtschaft und macht Leipzig als lebenswerte und moderne Stadt am Wasser weiter bekannt.\u00bb\u00a0\n<\/p>\n<p class=\"paragraph article__item\">Das rund 13.800 Quadratmeter gro\u00dfe Areal nahe der Innenstadt umfasst ein knapp 4.000 Quadratmeter gro\u00dfes Hafenbecken mit 49 Liegepl\u00e4tzen f\u00fcr motorisierte Schiffe sowie Anleger f\u00fcr Paddelboote und 90 Fahrradabstellpl\u00e4tze. Eine Fu\u00dfg\u00e4ngerbr\u00fccke und eine barrierefreie Infrastruktur geh\u00f6ren ebenfalls dazu.\u00a0\n<\/p>\n<p class=\"paragraph article__item\">Die Baukosten betrugen nach Angaben der Stadt etwa 15,67 Millionen Euro. Rund 90 Prozent der Kosten wurden aus Bundes- und Landesmitteln finanziert. Die vorbereitenden Arbeiten hatten im November 2021 begonnen, die Hauptbauarbeiten im September 2023.\n<\/p>\n<p class=\"paragraph article__item\">\u00a9 dpa-infocom, dpa:260605-930-179580\/1<\/p>\n","protected":false},"excerpt":{"rendered":"Leipzig hat einen neuen zentralen Anlaufpunkt f\u00fcr den Wassertourismus: Oberb\u00fcrgermeister Burkhard Jung und Sachsens Ministerpr\u00e4sident Michael Kretschmer haben&hellip;\n","protected":false},"author":2,"featured_media":1073596,"comment_status":"","ping_status":"","sticky":false,"template":"","format":"standard","meta":{"footnotes":"","_share_on_mastodon":"0"},"categories":[1832],"tags":[43357,3364,29,30,71,1153,38095,15,859,25877,228496],"class_list":["post-1073595","post","type-post","status-publish","format-standard","has-post-thumbnail","category-leipzig","tag-burkhard-jung","tag-de","tag-deutschland","tag-germany","tag-leipzig","tag-michael-kretschmer","tag-neuseenland","tag-news","tag-sachsen","tag-stadthafen","tag-wassertourismus"],"share_on_mastodon":{"url":"https:\/\/pubeurope.com\/@de\/116701672894196589","error":""},"_links":{"self":[{"href":"https:\/\/www.europesays.com\/de\/wp-json\/wp\/v2\/posts\/1073595","targetHints":{"allow":["GET"]}}],"collection":[{"href":"https:\/\/www.europesays.com\/de\/wp-json\/wp\/v2\/posts"}],"about":[{"href":"https:\/\/www.europesays.com\/de\/wp-json\/wp\/v2\/types\/post"}],"author":[{"embeddable":true,"href":"https:\/\/www.europesays.com\/de\/wp-json\/wp\/v2\/users\/2"}],"replies":[{"embeddable":true,"href":"https:\/\/www.europesays.com\/de\/wp-json\/wp\/v2\/comments?post=1073595"}],"version-history":[{"count":0,"href":"https:\/\/www.europesays.com\/de\/wp-json\/wp\/v2\/posts\/1073595\/revisions"}],"wp:featuredmedia":[{"embeddable":true,"href":"https:\/\/www.europesays.com\/de\/wp-json\/wp\/v2\/media\/1073596"}],"wp:attachment":[{"href":"https:\/\/www.europesays.com\/de\/wp-json\/wp\/v2\/media?parent=1073595"}],"wp:term":[{"taxonomy":"category","embeddable":true,"href":"https:\/\/www.europesays.com\/de\/wp-json\/wp\/v2\/categories?post=1073595"},{"taxonomy":"post_tag","embeddable":true,"href":"https:\/\/www.europesays.com\/de\/wp-json\/wp\/v2\/tags?post=1073595"}],"curies":[{"name":"wp","href":"https:\/\/api.w.org\/{rel}","templated":true}]}}