{"id":1073954,"date":"2026-06-06T09:35:15","date_gmt":"2026-06-06T09:35:15","guid":{"rendered":"https:\/\/www.europesays.com\/de\/1073954\/"},"modified":"2026-06-06T09:35:15","modified_gmt":"2026-06-06T09:35:15","slug":"streetart-tag-in-mainz-graffiti-legenden-zebster-und-can2-kehren-zurueck","status":"publish","type":"post","link":"https:\/\/www.europesays.com\/de\/1073954\/","title":{"rendered":"Streetart-Tag in Mainz: Graffiti-Legenden Zebster und Can2 kehren zur\u00fcck"},"content":{"rendered":"<p class=\"paragraph --regular --color\" data-v-ad2bcb75=\"\" data-v-5c4b7507=\"\">Am 12. Juni kehrt Zebster anl\u00e4sslich des Streetart-Treffens \u201e<a replace=\"https:\/\/www.allgemeine-zeitung.de\/lokales\/mainz\/stadt-mainz\/false\" data-test-id=\"dnm-link-router-link\" href=\"https:\/\/www.allgemeine-zeitung.de\/lokales\/wiesbaden\/stadt-wiesbaden\/graffiti-kunst-aus-aller-herren-laender-in-kastel-4719105\" target=\"_blank\" rel=\"nofollow noopener\">Meeting of Styles<\/a>\u201c in Mainz-Kastel (11. &#8211; 14. Juni) und im Rahmen des Streetart-Tags der KKR an den pr\u00e4genden Ort seiner Heimat zur\u00fcck. Mit der japanischen K\u00fcnstlerin Shiro wird er ein neues Werk hinterlassen. Zudem richten Lehrer und regionale Streetart-K\u00fcnstler Workshops mit den Sch\u00fclerinnen und Sch\u00fclern aus, bei denen zugesehen werden kann. Neben Showacts und einer Autogrammstunde sind Beitr\u00e4ge unter anderem der Kunstschaffenden von \u201e<a rel=\"default nofollow noopener\" href=\"https:\/\/lvngmnz.bigcartel.com\/\" target=\"_blank\" data-test-id=\"dnm-link-anchor-tag\">LVNG MNZ<\/a>\u201c, Erik Schmelz vom Kollektiv Kartenraum sowie dem <a replace=\"https:\/\/www.allgemeine-zeitung.de\/lokales\/mainz\/stadt-mainz\/false\" data-test-id=\"dnm-link-router-link\" href=\"https:\/\/www.allgemeine-zeitung.de\/lokales\/mainz\/stadt-mainz\/mainzer-fdp-mahnt-kulturdezernat-nicht-aufspalten-4744253\" target=\"_blank\" rel=\"nofollow noopener\">Kulturdezernenten <\/a><a replace=\"https:\/\/www.allgemeine-zeitung.de\/lokales\/mainz\/stadt-mainz\/false\" data-test-id=\"dnm-link-router-link\" href=\"https:\/\/www.allgemeine-zeitung.de\/lokales\/mainz\/stadt-mainz\/stuehleruecken-in-mainz-neue-dezernenten-uebernehmen-aemter-5378326\" target=\"_blank\" rel=\"nofollow noopener\">Ata Delbasteh<\/a> angek\u00fcndigt. Can2 wird die Schule im August besuchen und das Finishing mit einem weiteren Graffiti \u00fcbernehmen. <\/p>\n","protected":false},"excerpt":{"rendered":"Am 12. Juni kehrt Zebster anl\u00e4sslich des Streetart-Treffens \u201eMeeting of Styles\u201c in Mainz-Kastel (11. &#8211; 14. Juni) und&hellip;\n","protected":false},"author":2,"featured_media":1073955,"comment_status":"","ping_status":"","sticky":false,"template":"","format":"standard","meta":{"footnotes":"","_share_on_mastodon":"0"},"categories":[1847],"tags":[5650,5651,5652,5654,5655,3364,29,548,663,3934,30,5660,13,2052,5656,5653,5657,1427,14,15,5659,5658,5661,12,4544,5662],"class_list":["post-1073954","post","type-post","status-publish","format-standard","has-post-thumbnail","category-wiesbaden","tag-alzey","tag-bad-kreuznach","tag-bad-sobernheim","tag-bingen","tag-buerstadt","tag-de","tag-deutschland","tag-eu","tag-europa","tag-europe","tag-germany","tag-guntersblum","tag-headlines","tag-hessen","tag-ingelheim","tag-kirn","tag-lampertheim","tag-mainz","tag-nachrichten","tag-news","tag-nierstein","tag-oppenheim","tag-ruesselsheim","tag-schlagzeilen","tag-wiesbaden","tag-worms"],"share_on_mastodon":{"url":"https:\/\/pubeurope.com\/@de\/116702486718639398","error":""},"_links":{"self":[{"href":"https:\/\/www.europesays.com\/de\/wp-json\/wp\/v2\/posts\/1073954","targetHints":{"allow":["GET"]}}],"collection":[{"href":"https:\/\/www.europesays.com\/de\/wp-json\/wp\/v2\/posts"}],"about":[{"href":"https:\/\/www.europesays.com\/de\/wp-json\/wp\/v2\/types\/post"}],"author":[{"embeddable":true,"href":"https:\/\/www.europesays.com\/de\/wp-json\/wp\/v2\/users\/2"}],"replies":[{"embeddable":true,"href":"https:\/\/www.europesays.com\/de\/wp-json\/wp\/v2\/comments?post=1073954"}],"version-history":[{"count":0,"href":"https:\/\/www.europesays.com\/de\/wp-json\/wp\/v2\/posts\/1073954\/revisions"}],"wp:featuredmedia":[{"embeddable":true,"href":"https:\/\/www.europesays.com\/de\/wp-json\/wp\/v2\/media\/1073955"}],"wp:attachment":[{"href":"https:\/\/www.europesays.com\/de\/wp-json\/wp\/v2\/media?parent=1073954"}],"wp:term":[{"taxonomy":"category","embeddable":true,"href":"https:\/\/www.europesays.com\/de\/wp-json\/wp\/v2\/categories?post=1073954"},{"taxonomy":"post_tag","embeddable":true,"href":"https:\/\/www.europesays.com\/de\/wp-json\/wp\/v2\/tags?post=1073954"}],"curies":[{"name":"wp","href":"https:\/\/api.w.org\/{rel}","templated":true}]}}