{"id":1074039,"date":"2026-06-06T10:25:17","date_gmt":"2026-06-06T10:25:17","guid":{"rendered":"https:\/\/www.europesays.com\/de\/1074039\/"},"modified":"2026-06-06T10:25:17","modified_gmt":"2026-06-06T10:25:17","slug":"stuttgarter-polizei-sucht-zeugen-motorradfahrer-fluechtet-in-halsbrecherischer-weise-vor-kontrolle","status":"publish","type":"post","link":"https:\/\/www.europesays.com\/de\/1074039\/","title":{"rendered":"Stuttgarter Polizei sucht Zeugen: Motorradfahrer fl\u00fcchtet in halsbrecherischer Weise vor Kontrolle"},"content":{"rendered":"<p>\t\t\t\t\t\t\t\t\t\t\t\t\t\t\t\t\t\t\t\t\t\t\t\t\t\t\t\t      \t\t            \t\t             \t\t\t\t   \t\t\t\t\t   <img decoding=\"async\" id=\"article-image\" fetchpriority=\"high\" alt=\"Stuttgarter Polizei sucht Zeugen: Motorradfahrer fl\u00fcchtet in halsbrecherischer Weise vor Kontrolle\" title=\"Stuttgarter Polizei sucht Zeugen: Motorradfahrer fl\u00fcchtet in halsbrecherischer Weise vor Kontrolle\" src=\"https:\/\/www.europesays.com\/de\/wp-content\/uploads\/2026\/06\/media.media.6b477471-9997-4c0d-98a5-bd7971714ebb.16x9_700.jpg\" data-linkto=\"https:\/\/www.stuttgarter-nachrichten.de\/javascript:void(0);\"\/>\t\t\t\t\t\t\t\t\t\t\t\t\t\t\t\t\t\t\t\t\t\t\t\tPolizeibeamte wollten den Biker kontrollieren, doch dieser fl\u00fcchtete.\u00a0Foto: dpa\t\t\t<\/p>\n<p>Ein Biker entzieht sich einer Polizeikontrolle und zieht bei der Flucht alle Register \u2013 auf dem Gehweg, im Gegenverkehr und \u00fcber rote Ampeln. Die Polizei sucht Zeugen.<\/p>\n<p> Ein bislang unbekannter Motorradfahrer ist in der Nacht zum Samstag in teils halsbrecherischer Weise vor einer <a href=\"https:\/\/www.stuttgarter-nachrichten.de\/thema\/Polizeikontrolle\" title=\"Polizeikontrolle\" class=\"art_thema\" rel=\"nofollow noopener\" target=\"_blank\">Polizeikontrolle<\/a> gefl\u00fcchtet und hat dabei offenbar mehrere Verkehrsteilnehmer gef\u00e4hrdet. Die <a href=\"https:\/\/www.stuttgarter-nachrichten.de\/thema\/Polizei\" title=\"Polizei\" class=\"art_thema\" rel=\"nofollow noopener\" target=\"_blank\">Polizei<\/a> sucht nun nach Zeugen.<\/p>\n<p>Wie die Beamten mitteilen, wollte eine Streife den Biker, der mit einem Sozius unterwegs war, kurz vor 2 Uhr in der Hauptst\u00e4tter Stra\u00dfe kontrollieren. Der Motorradfahrer beschleunigte daraufhin und fl\u00fcchtete \u00fcber die B14. Auf H\u00f6he der Staatsgalerie bog der Unbekannte nach rechts in Richtung Gebhard-M\u00fcller-Platz ab, bevor er in die Willy-Brandt-Stra\u00dfe einbog und seine Fahrt in Richtung Cannstatter Stra\u00dfe fortsetzte. Daraufhin wechselte der Fahrer auf den linken Fahrstreifen des Gegenverkehrs und bog an der Kreuzung Am Neckartor\/Heilmannstra\u00dfe nach links in Richtung Wolframstra\u00dfe ab. <\/p>\n<p>Biker f\u00e4hrt teilweise \u00fcber den Gehweg <\/p>\n<p>\u00dcber die Wolframstra\u00dfe und die Tunzhofer Stra\u00dfe f\u00fchrte die <a href=\"https:\/\/www.stuttgarter-nachrichten.de\/thema\/Flucht\" title=\"Flucht\" class=\"art_thema\" rel=\"nofollow noopener\" target=\"_blank\">Flucht<\/a> in Richtung T\u00fcrlenstra\u00dfe, wo der Fahrer den Gehweg benutzte und die Beamten den Sichtkontakt mit dem Motorrad verloren. W\u00e4hrend der Flucht missachtete der unbekannte Biker offenbar mehrere rote Ampeln.<\/p>\n<p>Zeugen, die den Vorfall beobachtet haben oder durch die Fahrweise des Motorradfahrers gef\u00e4hrdet wurden, werden gebeten, sich unter der Telefonnummer 0711\/8990-4100 bei der Verkehrspolizei zu melden.<\/p>\n","protected":false},"excerpt":{"rendered":"Polizeibeamte wollten den Biker kontrollieren, doch dieser fl\u00fcchtete.\u00a0Foto: dpa Ein Biker entzieht sich einer Polizeikontrolle und zieht bei&hellip;\n","protected":false},"author":2,"featured_media":1074040,"comment_status":"","ping_status":"","sticky":false,"template":"","format":"standard","meta":{"footnotes":"","_share_on_mastodon":"0"},"categories":[1830],"tags":[1634,3364,29,8036,30,121,8248,10192,1441,18960],"class_list":["post-1074039","post","type-post","status-publish","format-standard","has-post-thumbnail","category-stuttgart","tag-baden-wuerttemberg","tag-de","tag-deutschland","tag-flucht","tag-germany","tag-polizei","tag-polizeibericht-stuttgart","tag-polizeikontrolle","tag-stuttgart","tag-stuttgart-mitte"],"share_on_mastodon":{"url":"https:\/\/pubeurope.com\/@de\/116702684691010187","error":""},"_links":{"self":[{"href":"https:\/\/www.europesays.com\/de\/wp-json\/wp\/v2\/posts\/1074039","targetHints":{"allow":["GET"]}}],"collection":[{"href":"https:\/\/www.europesays.com\/de\/wp-json\/wp\/v2\/posts"}],"about":[{"href":"https:\/\/www.europesays.com\/de\/wp-json\/wp\/v2\/types\/post"}],"author":[{"embeddable":true,"href":"https:\/\/www.europesays.com\/de\/wp-json\/wp\/v2\/users\/2"}],"replies":[{"embeddable":true,"href":"https:\/\/www.europesays.com\/de\/wp-json\/wp\/v2\/comments?post=1074039"}],"version-history":[{"count":0,"href":"https:\/\/www.europesays.com\/de\/wp-json\/wp\/v2\/posts\/1074039\/revisions"}],"wp:featuredmedia":[{"embeddable":true,"href":"https:\/\/www.europesays.com\/de\/wp-json\/wp\/v2\/media\/1074040"}],"wp:attachment":[{"href":"https:\/\/www.europesays.com\/de\/wp-json\/wp\/v2\/media?parent=1074039"}],"wp:term":[{"taxonomy":"category","embeddable":true,"href":"https:\/\/www.europesays.com\/de\/wp-json\/wp\/v2\/categories?post=1074039"},{"taxonomy":"post_tag","embeddable":true,"href":"https:\/\/www.europesays.com\/de\/wp-json\/wp\/v2\/tags?post=1074039"}],"curies":[{"name":"wp","href":"https:\/\/api.w.org\/{rel}","templated":true}]}}