{"id":1074110,"date":"2026-06-06T11:05:18","date_gmt":"2026-06-06T11:05:18","guid":{"rendered":"https:\/\/www.europesays.com\/de\/1074110\/"},"modified":"2026-06-06T11:05:18","modified_gmt":"2026-06-06T11:05:18","slug":"rheinstrandbad-rappenwoert-neue-sportangebote-und-events","status":"publish","type":"post","link":"https:\/\/www.europesays.com\/de\/1074110\/","title":{"rendered":"Rheinstrandbad Rappenw\u00f6rt: Neue Sportangebote und Events"},"content":{"rendered":"<p class=\"mb-6 text-xs md:text-m lg:text-l font-serif group-[.font-sans]:font-sans \">\n    Trotz Herausforderungen will das Rappenw\u00f6rt ein Freibad-Highlight am Rhein bleiben: Ein neuer Fitnessbereich soll in das Bad einziehen. F\u00fcr Ende Juni plant der F\u00f6rderverein ein Spiel- und Sporttag im \u201eRappele\u201c. Bislang lief der Start f\u00fcr das Traditionsbad gut: Am vergangenen Pfingstwochenende startete die <a href=\"https:\/\/www.ka-news.de\/karlsruhe\/freizeit-und-veranstaltungen\/freibadsaison-2026-karlsruher-sonnenbad-oeffnet-als-eines-der-ersten-schwimmbaeder-in-deutschland-13-3-26-113634435\" target=\"_self\" class=\"underline \" rel=\"nofollow noopener\">Freibadsaison<\/a>. Der Andrang bei den <a href=\"https:\/\/www.ka-news.de\/karlsruhe\/stadtgespraech\/wetter-in-karlsruhe-pfingsten-bringt-sonne-und-bis-zu-30-grad-22-5-26-114267938\" target=\"_self\" class=\"underline \" rel=\"nofollow noopener\">sommerlichen Temperaturen<\/a> war hoch: <strong class=\"font-bold\">Jeweils rund 2.000 Besucher <\/strong>konnte das Bad am Pfingstsonntag und Pfingstmontag nach Angaben des F\u00f6rdervereins Rheinstrandbad Rappenw\u00f6rt verzeichnen.\n  <\/p>\n<p>            Badeg\u00e4ste feiern R\u00fcckkehr ihres \u201eRappele\u201c<\/p>\n<p class=\"mb-6 text-xs md:text-m lg:text-l font-serif group-[.font-sans]:font-sans \">\n    Daniela Christ, Vorsitzende des F\u00f6rdervereins, bewertet den Saisonstart als sehr gut. Sie war am Er\u00f6ffnungstag selbst vor Ort. \u201eEs war ein sch\u00f6nes Erlebnis zu sehen, dass sich die T\u00fcren wieder \u00f6ffnen\u201c, sagt sie im Gespr\u00e4ch mit ka-news am 2. Juni. Die R\u00fcckmeldung der Badeg\u00e4ste sei durchweg positiv gewesen: <strong class=\"font-bold\">Viele w\u00fcrden sich \u00fcber die R\u00fcckkehr ihres \u201eRappele\u201c freuen.<\/strong> \u201eDie Besucher sch\u00e4tzen die Ruhe, die vielen B\u00e4ume und die Lage direkt am Rhein.\u201c\n  <\/p>\n<p>    <img decoding=\"async\" src=\"https:\/\/www.europesays.com\/de\/wp-content\/uploads\/2026\/06\/img3452jpg.jpg\" alt=\"Daniela Christ, Vorsitzende des F\u00f6rderverein Rheinstrandbad Rappenw\u00f6rt e.V., im September 2025.\" title=\"Daniela Christ, Vorsitzende des F\u00f6rderverein Rheinstrandbad Rappenw\u00f6rt e.V., im September 2025.\" loading=\"lazy\" class=\"h-full w-full object-cover\"\/><\/p>\n<p>      Icon vergr\u00f6\u00dfern<\/p>\n<p>    Daniela Christ, Vorsitzende des F\u00f6rderverein Rheinstrandbad Rappenw\u00f6rt e.V., im September 2025.<br \/>\n    Foto: Gerrit Lieb<\/p>\n<p>        Schlie\u00dfen <\/p>\n<p>      Icon Schlie\u00dfen<\/p>\n<p>        Icon vergr\u00f6\u00dfern<\/p>\n<p>        Icon verkleinern<\/p>\n<p>      Icon Pfeil bewegen<\/p>\n<p>    Daniela Christ, Vorsitzende des F\u00f6rderverein Rheinstrandbad Rappenw\u00f6rt e.V., im September 2025.<br \/>\n    Foto: Gerrit Lieb<\/p>\n<p class=\"mb-6 text-xs md:text-m lg:text-l font-serif group-[.font-sans]:font-sans \">\n    Der Andrang hielt den restlichen Mai an: Laut der Karlsruher B\u00e4derbetriebe haben<strong class=\"font-bold\"> rund 9.500 G\u00e4ste<\/strong> das Bad seit seiner Er\u00f6ffnung am 23. Mai besucht. <a href=\"https:\/\/www.ka-news.de\/karlsruhe\/freizeit-und-veranstaltungen\/karlsruher-freibaeder-vermeiden-warteschlangen-durch-online-tickets-31-5-26-114330474\" target=\"_self\" class=\"underline \" rel=\"nofollow noopener\">Die B\u00e4derbetriebe best\u00e4tigen generell einen guten Start der Karlsruher Freib\u00e4der in die neue Saison.<\/a>\n  <\/p>\n<p>            \u00d6ffnung des Rheinstrandbads stand lange auf der Kippe<\/p>\n<p class=\"mb-6 text-xs md:text-m lg:text-l font-serif group-[.font-sans]:font-sans \">\n    Die Zukunft des <a href=\"https:\/\/www.ka-news.de\/karlsruhe\/stadtgespraech\/rheinbad-rappenwoerth-schliessung-wegen-einsparungen-was-steckt-dahinter-6-9-25-110680882\" target=\"_self\" class=\"underline \" rel=\"nofollow noopener\">Rheinstrandbads Rappenw\u00f6rt<\/a> war lange ungewiss. Im Zuge der <a href=\"https:\/\/www.ka-news.de\/karlsruhe\/stadtgespraech\/karlsruhes-sparmassnahmen-klima-kultur-familien-zoo-an-diesen-stellen-fehlt-kuenftig-geld-111996096\" target=\"_self\" class=\"underline \" rel=\"nofollow noopener\">Sparma\u00dfnahmen<\/a> der Stadt <a href=\"https:\/\/www.ka-news.de\/promis\/karlsruhe-kulturlandschaft-technologieregion-und-residenz-des-rechts-die-faecherstadt-im-ueberblick-art-2783253\" target=\"_self\" class=\"underline \" rel=\"nofollow noopener\">Karlsruhe<\/a> f\u00fcr den <a href=\"https:\/\/www.ka-news.de\/karlsruhe\/stadtgespraech\/doppelhaushalt-2026-27-karlsruhe-wo-wird-gespart-110476949\" target=\"_self\" class=\"underline \" rel=\"nofollow noopener\">Doppelhaushalt 2025 und 2027<\/a> stand seine zweij\u00e4hrige Schlie\u00dfung im Raum. Ein neu gegr\u00fcndeter<a href=\"https:\/\/www.ka-news.de\/karlsruhe\/stadtgespraech\/rheinstrandbad-rappenwoert-in-karlsruhe-mittels-foerderverein-die-schliessung-abwenden-25-9-25-110714596\" target=\"_self\" class=\"underline \" rel=\"nofollow noopener\"> F\u00f6rderverein ging gegen diese Pl\u00e4ne vor<\/a> \u2013 mit Erfolg. <a href=\"https:\/\/www.ka-news.de\/karlsruhe\/stadtgespraech\/sparmassnahmen-karlsruhe-die-entscheidungen-vom-16-dezember-17-12-25-113013885\" target=\"_self\" class=\"underline \" rel=\"nofollow noopener\">Der Gemeinderat beschloss im Dezember 2025: Das Bad soll 2026 \u00f6ffnen d\u00fcrfen<\/a>.\n  <\/p>\n<p>    <img decoding=\"async\" src=\"https:\/\/images.mgpd.de\/img\/114061578\/crop\/c16_9-w100\/853706807\/1305191066\/img0816-1.jpg\" alt=\"Das Rheinstrandbad Rappenw\u00f6rt am 24. April 2026\" title=\"Das Rheinstrandbad Rappenw\u00f6rt am 24. April 2026\" loading=\"lazy\" class=\"h-full w-full object-cover\"\/><\/p>\n<p>      Icon vergr\u00f6\u00dfern<\/p>\n<p>    Das Rheinstrandbad Rappenw\u00f6rt am 24. April 2026<br \/>\n    Foto: Thomas Riedel<\/p>\n<p>        Schlie\u00dfen <\/p>\n<p>      Icon Schlie\u00dfen<\/p>\n<p>        Icon vergr\u00f6\u00dfern<\/p>\n<p>        Icon verkleinern<\/p>\n<p>      Icon Pfeil bewegen<\/p>\n<p>    Das Rheinstrandbad Rappenw\u00f6rt am 24. April 2026<br \/>\n    Foto: Thomas Riedel<\/p>\n<p class=\"mb-6 text-xs md:text-m lg:text-l font-serif group-[.font-sans]:font-sans \">\n    Die n\u00e4chste H\u00fcrde offenbarte sich im M\u00e4rz 2026: F\u00fcr die Er\u00f6ffnung wird ein zus\u00e4tzliches Budget von 250.000 Euro ben\u00f6tigt.<a href=\"https:\/\/www.ka-news.de\/karlsruhe\/freizeit-und-veranstaltungen\/freibad-karlsruhe-rheinstrandbad-rappenwoert-fehlen-250-000-euro-28-4-26-114049544\" target=\"_self\" class=\"underline \" rel=\"nofollow noopener\"> In seiner Sitzung vom 28. April genehmigte der Gemeinderat diese Finanzspritze<\/a>. Im Zuge dieser Entscheidung wurde ein neues Betriebskonzept entwickelt. Dieses sah unter anderem vor, dass der F\u00f6rderverein das Mehrzweck- sowie Kinderplanschbecken im n\u00f6rdlichen Bereich des Rheinstrandbads betreibt.\n  <\/p>\n<p>            Mehrzweckbecken und Kinderbecken bleiben zu &#8211; Personal fehlt<\/p>\n<p class=\"mb-6 text-xs md:text-m lg:text-l font-serif group-[.font-sans]:font-sans \">\n    Nun kam es doch anders, als es der Gemeinderat vorgeschlagen hat. <strong class=\"font-bold\">Der F\u00f6rderverein kann den Betrieb der beiden Becken nicht \u00fcbernehmen.<\/strong> \u201eWir sind daf\u00fcr noch zu jung als F\u00f6rderverein\u201c, sagt Christ. Ihnen sei es nicht m\u00f6glich, die fehlenden Mitarbeiter aufzubringen. Deshalb m\u00fcssen die <strong class=\"font-bold\">Becken vorerst geschlossen<\/strong> bleiben. F\u00fcr alle, die trotzdem ihre Bahnen ziehen m\u00f6chten, wird ein Kompromiss angeboten: <strong class=\"font-bold\">Von 10 bis 11.30 Uhr kann das Wellenbecken zum Schwimmen genutzt werden.<\/strong>\n  <\/p>\n<p>    <img decoding=\"async\" src=\"https:\/\/images.mgpd.de\/img\/114061583\/crop\/c16_9-w100\/125835819\/656670588\/img0861.jpg\" alt=\"Ein leeres Becken im Rheinstrandbad Rappenw\u00f6rt am 24. April 2026\" title=\"Ein leeres Becken im Rheinstrandbad Rappenw\u00f6rt am 24. April 2026\" loading=\"lazy\" class=\"h-full w-full object-cover\"\/><\/p>\n<p>      Icon vergr\u00f6\u00dfern<\/p>\n<p>    Ein leeres Becken im Rheinstrandbad Rappenw\u00f6rt am 24. April 2026<br \/>\n    Foto: Thomas Riedel<\/p>\n<p>        Schlie\u00dfen <\/p>\n<p>      Icon Schlie\u00dfen<\/p>\n<p>        Icon vergr\u00f6\u00dfern<\/p>\n<p>        Icon verkleinern<\/p>\n<p>      Icon Pfeil bewegen<\/p>\n<p>    Ein leeres Becken im Rheinstrandbad Rappenw\u00f6rt am 24. April 2026<br \/>\n    Foto: Thomas Riedel<\/p>\n<p class=\"mb-6 text-xs md:text-m lg:text-l font-serif group-[.font-sans]:font-sans \">\n    Die ehrenamtlichen Mitglieder des F\u00f6rdervereins betreiben den Strandgut-Kiosk und waren an den Reinigungsarbeiten im Vorfeld der \u00d6ffnung beteiligt. \u201eAktuell sind wir im Gespr\u00e4ch mit der Betriebsleitung, welche weiteren Aufgaben wir vor Ort \u00fcbernehmen k\u00f6nnen\u201c, sagt Christ.\n  <\/p>\n<p>            Ziel f\u00fcr 2027: Wieder alle Becken im Rheinstrandbad \u00f6ffnen<\/p>\n<p class=\"mb-6 text-xs md:text-m lg:text-l font-serif group-[.font-sans]:font-sans \">\n    Daneben liege der Fokus des Vereins darauf, das Rheinstrandbad sowie den F\u00f6rderverein in <a href=\"https:\/\/www.ka-news.de\/promis\/karlsruhe-kulturlandschaft-technologieregion-und-residenz-des-rechts-die-faecherstadt-im-ueberblick-art-2783253\" target=\"_self\" class=\"underline \" rel=\"nofollow noopener\">Karlsruhe<\/a> bekannter zu machen, um weitere Mitglieder zu finden sowie Spenden zu sammeln. Dazu sollen an verschiedenen Events Infost\u00e4nde aufgestellt werden.\n  <\/p>\n<p>    <img decoding=\"async\" src=\"https:\/\/images.mgpd.de\/img\/114061582\/crop\/c16_9-w100\/532518103\/1256827375\/img0867.jpg\" alt=\"Das Rheinstrandbad Rappenw\u00f6rt am 24. April 2026\" title=\"Das Rheinstrandbad Rappenw\u00f6rt am 24. April 2026\" loading=\"lazy\" class=\"h-full w-full object-cover\"\/><\/p>\n<p>      Icon vergr\u00f6\u00dfern<\/p>\n<p>    Das Rheinstrandbad Rappenw\u00f6rt am 24. April 2026<br \/>\n    Foto: Thomas Riedel<\/p>\n<p>        Schlie\u00dfen <\/p>\n<p>      Icon Schlie\u00dfen<\/p>\n<p>        Icon vergr\u00f6\u00dfern<\/p>\n<p>        Icon verkleinern<\/p>\n<p>      Icon Pfeil bewegen<\/p>\n<p>    Das Rheinstrandbad Rappenw\u00f6rt am 24. April 2026<br \/>\n    Foto: Thomas Riedel<\/p>\n<p class=\"mb-6 text-xs md:text-m lg:text-l font-serif group-[.font-sans]:font-sans \">\n    <strong class=\"font-bold\">Die gesammelten Spenden m\u00f6chte der Verein auf lange Sicht nutzen, um mehr Saisonkr\u00e4fte bezahlen zu k\u00f6nnen.<\/strong> \u201eUnser ambitioniertes Ziel f\u00fcr 2027 ist es, wieder alle Becken anbieten zu k\u00f6nnen und das Bad wieder an ein bis zwei Tagen mehr zu \u00f6ffnen\u201c, sagt Christ.\n  <\/p>\n<p>            Verein plant Sport- und Spieltag und eigenen Fitnessbereich<\/p>\n<p class=\"mb-6 text-xs md:text-m lg:text-l font-serif group-[.font-sans]:font-sans \">\n    Au\u00dferdem organisiert der Verein Events im Rheinstrandbad. Aktuell in Planung: Ein<strong class=\"font-bold\"> Sport- und Spieltag f\u00fcr Familien, der Ende Juni oder Anfang Juli <\/strong>stattfinden soll. <strong class=\"font-bold\">Zum regul\u00e4ren Eintrittspreis<\/strong> k\u00f6nnen Familien und Kinder an diesem Tag <strong class=\"font-bold\">verschiedene Sportarten und Spiele ausprobieren<\/strong>. \u201eWir arbeiten dazu mit Vereinen aus Daxlanden zusammen. Zum Beispiel ist ein Angebot zum Bogenschie\u00dfen geplant\u201c, sagt Christ.\n  <\/p>\n<p>    <img decoding=\"async\" src=\"https:\/\/images.mgpd.de\/img\/114061581\/crop\/c16_9-w100\/1190872025\/1841299018\/img0819-1.jpg\" alt=\"Das Rheinstrandbad Rappenw\u00f6rt am 24. April 2026\" title=\"Das Rheinstrandbad Rappenw\u00f6rt am 24. April 2026\" loading=\"lazy\" class=\"h-full w-full object-cover\"\/><\/p>\n<p>      Icon vergr\u00f6\u00dfern<\/p>\n<p>    Das Rheinstrandbad Rappenw\u00f6rt am 24. April 2026<br \/>\n    Foto: Thomas Riedel<\/p>\n<p>        Schlie\u00dfen <\/p>\n<p>      Icon Schlie\u00dfen<\/p>\n<p>        Icon vergr\u00f6\u00dfern<\/p>\n<p>        Icon verkleinern<\/p>\n<p>      Icon Pfeil bewegen<\/p>\n<p>    Das Rheinstrandbad Rappenw\u00f6rt am 24. April 2026<br \/>\n    Foto: Thomas Riedel<\/p>\n<p class=\"mb-6 text-xs md:text-m lg:text-l font-serif group-[.font-sans]:font-sans \">\n    Zus\u00e4tzlich soll das Bad eine eigene <strong class=\"font-bold\">Calisthenics-Anlage<\/strong> erhalten. Wann der Fitnessbereich aufgestellt werden kann, stehe bislang nicht fest. \u201eEs gibt die \u00dcberlegung, in diesem Jahr einen kleinen Teil der Anlage aufstellen zu lassen und im n\u00e4chsten Jahr die Anlage zu erweitern\u201c, sagt Christ. Sie soll <strong class=\"font-bold\">in der N\u00e4he des Eingangsbereichs<\/strong> entstehen.\n  <\/p>\n<p>            Wie kann ich das Rheinstrandbad unterst\u00fctzen?<\/p>\n<p class=\"mb-6 text-xs md:text-m lg:text-l font-serif group-[.font-sans]:font-sans \">\n    Die zus\u00e4tzliche Finanzierung der Stadt in H\u00f6he von 250.000 Euro<strong class=\"font-bold\"> sichert das Bad nur f\u00fcr die aktuelle Saison ab<\/strong>. Umso wichtiger sei laut Christ das Sammeln von Spenden. Unterst\u00fctzer k\u00f6nnten vor Ort in die Spendenkasse am Kiosk einzahlen oder unter <a href=\"https:\/\/betterplace.org\/\" rel=\"nofollow noopener\" target=\"_blank\" class=\"underline \">betterplace.org<\/a> spenden.\n  <\/p>\n<p class=\"mb-6 text-xs md:text-m lg:text-l font-serif group-[.font-sans]:font-sans \">\n    Alle Informationen zu Preisen und \u00d6ffnungszeiten der Karlsruher Freib\u00e4der in diesem Artikel: <a href=\"https:\/\/www.ka-news.de\/karlsruhe\/freizeit-und-veranstaltungen\/freibadsaison-karlsruhe-2026-oeffnungszeiten-und-preise-29-5-26-114110744\" target=\"_self\" class=\"underline \" rel=\"nofollow noopener\">Freib\u00e4der in Karlsruhe: Hier findet ihr heute Abk\u00fchlung<\/a>\n  <\/p>\n","protected":false},"excerpt":{"rendered":"Trotz Herausforderungen will das Rappenw\u00f6rt ein Freibad-Highlight am Rhein bleiben: Ein neuer Fitnessbereich soll in das Bad einziehen.&hellip;\n","protected":false},"author":2,"featured_media":1074111,"comment_status":"","ping_status":"","sticky":false,"template":"","format":"standard","meta":{"footnotes":"","_share_on_mastodon":"0"},"categories":[1844],"tags":[21103,1634,228570,3364,29,228571,32416,30,8903,228572,5206,136462,265,155728],"class_list":["post-1074110","post","type-post","status-publish","format-standard","has-post-thumbnail","category-karlsruhe","tag-pfingsten","tag-baden-wuerttemberg","tag-daniela-christ","tag-de","tag-deutschland","tag-fitnessbereich","tag-foerderverein","tag-germany","tag-karlsruhe","tag-kinderplanschbecken","tag-rhein","tag-rheinstrandbad","tag-sport","tag-sporttag"],"share_on_mastodon":{"url":"https:\/\/pubeurope.com\/@de\/116702841053122594","error":""},"_links":{"self":[{"href":"https:\/\/www.europesays.com\/de\/wp-json\/wp\/v2\/posts\/1074110","targetHints":{"allow":["GET"]}}],"collection":[{"href":"https:\/\/www.europesays.com\/de\/wp-json\/wp\/v2\/posts"}],"about":[{"href":"https:\/\/www.europesays.com\/de\/wp-json\/wp\/v2\/types\/post"}],"author":[{"embeddable":true,"href":"https:\/\/www.europesays.com\/de\/wp-json\/wp\/v2\/users\/2"}],"replies":[{"embeddable":true,"href":"https:\/\/www.europesays.com\/de\/wp-json\/wp\/v2\/comments?post=1074110"}],"version-history":[{"count":0,"href":"https:\/\/www.europesays.com\/de\/wp-json\/wp\/v2\/posts\/1074110\/revisions"}],"wp:featuredmedia":[{"embeddable":true,"href":"https:\/\/www.europesays.com\/de\/wp-json\/wp\/v2\/media\/1074111"}],"wp:attachment":[{"href":"https:\/\/www.europesays.com\/de\/wp-json\/wp\/v2\/media?parent=1074110"}],"wp:term":[{"taxonomy":"category","embeddable":true,"href":"https:\/\/www.europesays.com\/de\/wp-json\/wp\/v2\/categories?post=1074110"},{"taxonomy":"post_tag","embeddable":true,"href":"https:\/\/www.europesays.com\/de\/wp-json\/wp\/v2\/tags?post=1074110"}],"curies":[{"name":"wp","href":"https:\/\/api.w.org\/{rel}","templated":true}]}}