{"id":1074203,"date":"2026-06-06T11:58:16","date_gmt":"2026-06-06T11:58:16","guid":{"rendered":"https:\/\/www.europesays.com\/de\/1074203\/"},"modified":"2026-06-06T11:58:16","modified_gmt":"2026-06-06T11:58:16","slug":"gefaehrliches-virus-ebola-patient-aus-berliner-charite-entlassen","status":"publish","type":"post","link":"https:\/\/www.europesays.com\/de\/1074203\/","title":{"rendered":"Gef\u00e4hrliches Virus: Ebola-Patient aus Berliner Charit\u00e9 entlassen"},"content":{"rendered":"<p class=\"paragraph article__item\">Nach gut zwei Wochen Behandlung in der Berliner <a class=\"rtr-entity\" href=\"https:\/\/www.zeit.de\/thema\/charite\" rel=\"nofollow noopener\" target=\"_blank\">Charit\u00e9<\/a> ist der US-amerikanische Ebola-Patient aus dem Krankenhaus entlassen worden. Der Arzt, der sich in der Demokratischen Republik Kongo infiziert hatte, befinde sich in gutem Gesundheitszustand, teilte die Klinik mit. Seit dem 30. Mai sei kein Virus mehr bei ihm nachgewiesen worden. Im Einklang mit international \u00fcblichen Kriterien habe das zust\u00e4ndige Gesundheitsamt die Isolationsanordnung daher um 12.00 Uhr aufgehoben.\u00a0\n<\/p>\n<p>Aktuelles<\/p>\n<p>                <a href=\"https:\/\/www.zeit.de\/gesundheit\/2026-05\/ebola-ausbruch-afrika-dr-kongo-uganda-africa-cdc\" data-ct-label=\"Ebolaausbruch in Afrika: Afrikanische Union ruft wegen Ebola Notstand f\u00fcr den Kontinent aus\" data-uuid=\"fcf59d80-495c-4de4-a5ae-e609b2787475\" rel=\"nofollow noopener\" target=\"_blank\"><\/p>\n<p>                        Ebolaausbruch in Afrika:<br \/>\n                        Afrikanische Union ruft wegen Ebola Notstand f\u00fcr den Kontinent aus<\/p>\n<p>                <\/a><\/p>\n<p>                <a href=\"https:\/\/www.zeit.de\/gesundheit\/2026-05\/ebola-charit-stabiler-gesundheitszustand\" data-ct-label=\"Ebola : Infektiologe der Charit\u00e9 rechnet mit Genesung des Ebolapatienten\" data-uuid=\"b0949c74-8e59-4033-bd6a-49419034e981\" rel=\"nofollow noopener\" target=\"_blank\"><\/p>\n<p>                        Ebola :<br \/>\n                        Infektiologe der Charit\u00e9 rechnet mit Genesung des Ebolapatienten<\/p>\n<p>                <\/a><\/p>\n<p>                <a href=\"https:\/\/www.zeit.de\/gesundheit\/2026-05\/ebola-kongo-verdachtsfaelle-virus-infektionen-tote\" data-ct-label=\"Demokratische Republik Kongo: Zahl der Ebolaverdachtsf\u00e4lle steigt auf mehr als 670\" data-uuid=\"2222b085-8615-4eac-a3d5-0194e4284dfb\" rel=\"nofollow noopener\" target=\"_blank\"><\/p>\n<p>                        Demokratische Republik Kongo:<br \/>\n                        Zahl der Ebolaverdachtsf\u00e4lle steigt auf mehr als 670<\/p>\n<p>                <\/a><\/p>\n<p class=\"paragraph article__item\">Der Arzt war am 20. Mai in der Charit\u00e9 aufgenommen worden. Bei ihm wurde nach Angaben der Universit\u00e4tsklinik das seltene Bundibugyo-Virus, eine Art des Ebola-Virus, mit einem PCR-Test eindeutig nachgewiesen. Seine Ehefrau und vier Kinder kamen kurz darauf nach Berlin. Sie waren als \u00abHochrisikokontakte\u00bb eingestuft, hatten aber keine Symptome und befanden sich in einem getrennten Teil der Station in Quarant\u00e4ne.\u00a0\n<\/p>\n<p>                        Patient denkt an Menschen in Kongo            <\/p>\n<p class=\"paragraph article__item\">Der US-Patient selbst bedankte sich beim Charit\u00e9-Team: \u00abIch wurde erstklassig versorgt, unter anderem mit experimentellen Therapien, die derzeit zur Behandlung dieser Virusart erprobt werden\u00bb, wurde er in einer Mitteilung der Charit\u00e9 zitiert. \u00abMeine Dankbarkeit l\u00e4sst sich mit Worten nicht angemessen beschreiben. (&#8230;) Unsere Gedanken sind auch bei den Menschen im Kongo, die nicht die M\u00f6glichkeit haben, eine solche Versorgung zu erhalten.\u00bb\u00a0\n<\/p>\n<p class=\"paragraph article__item\">Ebola-Fieber ist eine ansteckende und lebensbedrohliche Krankheit. Das Virus wird durch K\u00f6rperkontakt und Kontakt mit K\u00f6rperfl\u00fcssigkeiten \u00fcbertragen. In der Demokratischen Republik Kongo in Zentralafrika, wo der US-Amerikaner t\u00e4tig war, ist der j\u00fcngste Ebola-Ausbruch besonders schwer einzud\u00e4mmen. Einer der Gr\u00fcnde: F\u00fcr den Bundibugyo-Typ gibt es bislang weder einen Impfstoff noch eine spezielle Therapie.\n<\/p>\n<p>                                    Patient war in Sonderisolierstation            <\/p>\n<p class=\"paragraph article__item\">Der Charit\u00e9-Patient war von Uganda aus mit einem Spezialflugzeug nach Berlin geflogen und dann unter hohen Sicherheitsvorkehrungen in die Charit\u00e9 gebracht worden. Dort wurde er in einer Sonderisolierstation auf dem Campus Virchow-Klinikum behandelt.\u00a0\n<\/p>\n<p class=\"paragraph article__item\">Dabei handelt es sich um eine geschlossene und gesch\u00fctzte Einheit getrennt vom regul\u00e4ren Klinikbetrieb, so dass kein Kontakt zu anderen Patienten entstehen kann. Laut Bundesgesundheitsministerium bestand daher weder f\u00fcr die Bev\u00f6lkerung noch f\u00fcr andere Patienten Gefahr.\n<\/p>\n<p>            Schrittweise Besserung            <\/p>\n<p class=\"paragraph article__item\">Anfangs sei der Mann sehr geschw\u00e4cht gewesen und habe typische Symptome einer Ebola-Virus-Infektion gezeigt, so die Klinik. Zudem habe er eine hohe Viruslast aufgewiesen. Im Zuge einer kombinierten antiviralen Therapie und weiteren begleitenden medizinischen Ma\u00dfnahmen h\u00e4tten sich die Krankheitszeichen bereits im Verlauf der ersten Woche deutlich zur\u00fcckgebildet. Sein Zustand habe sich kontinuierlich gebessert, die Laborwerte normalisiert.\u00a0\n<\/p>\n<p class=\"paragraph article__item\">\u00abWir sind sehr erfreut \u00fcber den erfolgreichen Behandlungsverlauf und werten diesen als bedeutenden therapeutischen Erfolg\u00bb, sagte der Direktor der Klinik f\u00fcr Infektiologie und Intensivmedizin der Charit\u00e9, Leif Erik Sander. \u00abDie Sonderisolierstation der Charit\u00e9 hat sich einmal mehr als unverzichtbarer Baustein in der Bew\u00e4ltigung hochpathogener Infektionen erwiesen.\u00bb\u00a0\n<\/p>\n<p>            Schon viele Ebola-Tote in Afrika            <\/p>\n<p class=\"paragraph article__item\">Der Ebola-Ausbruch im Kongo und in Uganda ist nach Angaben der Weltgesundheitsorganisation (WHO) noch weit davon entfernt, unter Kontrolle zu sein.\u00a0\n<\/p>\n<p class=\"paragraph article__item\">Im Kongo gibt es nach Angaben der afrikanischen Gesundheitsbeh\u00f6rde Africa CDC mittlerweile 381 best\u00e4tigte F\u00e4lle, darunter 62 Todesf\u00e4lle. Die WHO geht von einer hohen Dunkelziffer aus. Im Nachbarland Uganda sind demnach bislang 16 F\u00e4lle und 1 Todesfall best\u00e4tigt worden.\n<\/p>\n<p class=\"paragraph article__item\">Nach Angaben der WHO ist es nach wie vor schwierig, die Kontakte von Infizierten zu isolieren und zu \u00fcberwachen. Bislang sei es Gesundheitspersonal vor Ort erst gelungen, 45 Prozent aller Personen nachzuverfolgen, mit der Ebola-Infizierte in Kontakt waren. Um die Ausbreitung der Viruskrankheit zu stoppen, seien es aber n\u00f6tig, 90 Prozent aller Kontaktpersonen zu ermitteln.\n<\/p>\n<p class=\"paragraph article__item\">In den Jahren 2014 und 2015 waren bei einer Ebola-Epidemie in Westafrika mehr als 11.000 Menschen gestorben. Beim zweitschwersten erfassten Ausbruch von 2018 bis 2020 im Ostkongo starben rund 2.300 Menschen.\n<\/p>\n<p class=\"paragraph article__item\">\u00a9 dpa-infocom, dpa:260606-930-182480\/2<\/p>\n","protected":false},"excerpt":{"rendered":"Nach gut zwei Wochen Behandlung in der Berliner Charit\u00e9 ist der US-amerikanische Ebola-Patient aus dem Krankenhaus entlassen worden.&hellip;\n","protected":false},"author":2,"featured_media":1074204,"comment_status":"","ping_status":"","sticky":false,"template":"","format":"standard","meta":{"footnotes":"","_share_on_mastodon":"0"},"categories":[1825],"tags":[1941,1939,296,1937,7408,29,106243,228580,30,1940,15,1938],"class_list":["post-1074203","post","type-post","status-publish","format-standard","has-post-thumbnail","category-berlin","tag-aktuelle-nachrichten-aus-berlin","tag-aktuelle-news-aus-berlin","tag-berlin","tag-berlin-news","tag-charite","tag-deutschland","tag-ebola","tag-gefaehrliches-virus","tag-germany","tag-nachrichten-aus-berlin","tag-news","tag-news-aus-berlin"],"share_on_mastodon":{"url":"https:\/\/pubeurope.com\/@de\/116703049063485523","error":""},"_links":{"self":[{"href":"https:\/\/www.europesays.com\/de\/wp-json\/wp\/v2\/posts\/1074203","targetHints":{"allow":["GET"]}}],"collection":[{"href":"https:\/\/www.europesays.com\/de\/wp-json\/wp\/v2\/posts"}],"about":[{"href":"https:\/\/www.europesays.com\/de\/wp-json\/wp\/v2\/types\/post"}],"author":[{"embeddable":true,"href":"https:\/\/www.europesays.com\/de\/wp-json\/wp\/v2\/users\/2"}],"replies":[{"embeddable":true,"href":"https:\/\/www.europesays.com\/de\/wp-json\/wp\/v2\/comments?post=1074203"}],"version-history":[{"count":0,"href":"https:\/\/www.europesays.com\/de\/wp-json\/wp\/v2\/posts\/1074203\/revisions"}],"wp:featuredmedia":[{"embeddable":true,"href":"https:\/\/www.europesays.com\/de\/wp-json\/wp\/v2\/media\/1074204"}],"wp:attachment":[{"href":"https:\/\/www.europesays.com\/de\/wp-json\/wp\/v2\/media?parent=1074203"}],"wp:term":[{"taxonomy":"category","embeddable":true,"href":"https:\/\/www.europesays.com\/de\/wp-json\/wp\/v2\/categories?post=1074203"},{"taxonomy":"post_tag","embeddable":true,"href":"https:\/\/www.europesays.com\/de\/wp-json\/wp\/v2\/tags?post=1074203"}],"curies":[{"name":"wp","href":"https:\/\/api.w.org\/{rel}","templated":true}]}}