{"id":1074281,"date":"2026-06-06T12:42:17","date_gmt":"2026-06-06T12:42:17","guid":{"rendered":"https:\/\/www.europesays.com\/de\/1074281\/"},"modified":"2026-06-06T12:42:17","modified_gmt":"2026-06-06T12:42:17","slug":"berlin-ebola-patient-aus-den-usa-verlaesst-charite","status":"publish","type":"post","link":"https:\/\/www.europesays.com\/de\/1074281\/","title":{"rendered":"Berlin: Ebola-Patient aus den USA verl\u00e4sst Charit\u00e9"},"content":{"rendered":"<p>&#8222;Ich wurde erstklassig versorgt&#8220;Ebola-Patient aus den USA verl\u00e4sst Berliner Charit\u00e9<\/p>\n<p>06.06.2026, 14:20 Uhr <\/p>\n<p>Artikel anh\u00f6ren(05:17 min)<\/p>\n<p><img decoding=\"async\" class=\"Image_img__fQCi0 Image_Img_16_9__4BLfH widget-picture-inline_maximizable__t_E7h\" loading=\"eager\" fetchpriority=\"high\" src=\"https:\/\/www.europesays.com\/de\/wp-content\/uploads\/2026\/06\/Ein-US-Arzt-der-sich-in-der-Demokratischen-Republik-Kongo-mit-Ebola-infiziert-hatte-ist-in-der-Berli.webp\" alt=\"Ein-US-Arzt-der-sich-in-der-Demokratischen-Republik-Kongo-mit-Ebola-infiziert-hatte-ist-in-der-Berliner-Charite-behandelt-und-nun-entlassen-worden-Auch-seine-Familie-war-symptomfrei-in-Quarantaene-und-wurde-nun-mit-ihm-entlassen\"\/>Der Arzt war am 20. Mai in der Charit\u00e9 aufgenommen worden &#8211; seine Ehefrau und vier Kinder kamen kurz darauf nach Berlin. (Foto: picture alliance\/dpa\/Charite)TeilenFolgen auf:<a href=\"https:\/\/www.whatsapp.com\/channel\/0029Va5cdVJD8SDp5YZgYF01\" title=\"Auf WhatsApp folgen\" target=\"_blank\" rel=\"nofollow noopener\"><img decoding=\"async\" src=\"https:\/\/www.n-tv.de\/socialIcons\/whatsapp.svg\" alt=\"whatsapp\" class=\"ArticleShare_icon__FsrC2\"\/><\/a><a href=\"https:\/\/www.google.com\/preferences\/source?q=n-tv.de\" title=\"ntv als bevorzugte Quelle auf Google hinzuf\u00fcgen\" target=\"_blank\" rel=\"nofollow noopener\"><img decoding=\"async\" src=\"https:\/\/www.n-tv.de\/socialIcons\/google.svg\" alt=\"whatsapp\" class=\"ArticleShare_icon__FsrC2\"\/><\/a><\/p>\n<p class=\"Typography_text-m__XI0da Typography_weight-bold__uT6mq storyline_lead_text_leadtext__q_wg8\">Ein US-amerikanischer Arzt infiziert sich in Afrika mit dem Ebolavirus. Auf Bitten der USA behandeln ihn Spezialisten der Charit\u00e9 in Berlin. Nun gibt die Klinik Entwarnung &#8211; und auch der Patient \u00e4u\u00dfert sich.<\/p>\n<p class=\"Typography_text-default__P3otY Typography_weight-normal__pqUbH storyline_paragraph_p__qSR5N\">Nach gut zwei Wochen Behandlung in der Berliner Charit\u00e9 ist der US-amerikanische Ebola-Patient aus dem Krankenhaus entlassen worden. Der Arzt, der sich in der Demokratischen Republik Kongo infiziert hatte, befinde sich in gutem Gesundheitszustand, teilte die Klinik mit. Seit dem 30. Mai sei kein Virus mehr bei ihm nachgewiesen worden. Im Einklang mit international \u00fcblichen Kriterien habe das zust\u00e4ndige Gesundheitsamt die Isolationsanordnung daher um 12.00 Uhr aufgehoben.<\/p>\n<p class=\"Typography_text-default__P3otY Typography_weight-normal__pqUbH storyline_paragraph_p__qSR5N\">Der Arzt war am 20. Mai in der Charit\u00e9 aufgenommen worden. Bei ihm wurde nach Angaben der Universit\u00e4tsklinik das seltene Bundibugyo-Virus, eine Art des Ebola-Virus, mit einem PCR-Test eindeutig nachgewiesen. Seine Ehefrau und vier Kinder kamen kurz darauf nach Berlin. Sie waren als &#8222;Hochrisikokontakte&#8220; eingestuft, hatten aber keine Symptome und befanden sich in einem getrennten Teil der Station in Quarant\u00e4ne.<\/p>\n<p class=\"Typography_text-default__P3otY Typography_weight-normal__pqUbH storyline_paragraph_p__qSR5N\">Der US-Patient selbst bedankte sich beim Charit\u00e9-Team: &#8222;Ich wurde erstklassig versorgt, unter anderem mit experimentellen Therapien, die derzeit zur Behandlung dieser Virusart erprobt werden&#8220;, wurde er in einer Mitteilung der Charit\u00e9 zitiert. &#8222;Meine Dankbarkeit l\u00e4sst sich mit Worten nicht angemessen beschreiben. (&#8230;) Unsere Gedanken sind auch bei den Menschen im Kongo, die nicht die M\u00f6glichkeit haben, eine solche Versorgung zu erhalten.&#8220;<\/p>\n<p class=\"Typography_text-default__P3otY Typography_weight-normal__pqUbH storyline_paragraph_p__qSR5N\">Ebola-Fieber ist eine ansteckende und lebensbedrohliche Krankheit. Das Virus wird durch K\u00f6rperkontakt und Kontakt mit K\u00f6rperfl\u00fcssigkeiten \u00fcbertragen. In der Demokratischen Republik Kongo in Zentralafrika, wo der US-Amerikaner t\u00e4tig war, ist der j\u00fcngste Ebola-Ausbruch besonders schwer einzud\u00e4mmen. Einer der Gr\u00fcnde: F\u00fcr den Bundibugyo-Typ gibt es bislang weder einen Impfstoff noch eine spezielle Therapie.<\/p>\n<p>Patient war in Sonderisolierstation der Charit\u00e9<\/p>\n<p class=\"Typography_text-default__P3otY Typography_weight-normal__pqUbH storyline_paragraph_p__qSR5N\">Der Charit\u00e9-Patient war von Uganda aus mit einem Spezialflugzeug nach Berlin geflogen und dann unter hohen Sicherheitsvorkehrungen in die Charit\u00e9 gebracht worden. Dort wurde er in einer Sonderisolierstation auf dem Campus Virchow-Klinikum behandelt. Dabei handelt es sich um eine geschlossene und gesch\u00fctzte Einheit getrennt vom regul\u00e4ren Klinikbetrieb, so dass kein Kontakt zu anderen Patienten entstehen kann. Laut Bundesgesundheitsministerium bestand daher weder f\u00fcr die Bev\u00f6lkerung noch f\u00fcr andere Patienten Gefahr.<\/p>\n<p class=\"Typography_text-default__P3otY Typography_weight-normal__pqUbH storyline_paragraph_p__qSR5N\">Anfangs sei der Mann sehr geschw\u00e4cht gewesen und habe typische Symptome einer Ebola-Virus-Infektion gezeigt, so die Klinik. Zudem habe er eine hohe Viruslast aufgewiesen. Im Zuge einer kombinierten antiviralen Therapie und weiteren begleitenden medizinischen Ma\u00dfnahmen h\u00e4tten sich die Krankheitszeichen bereits im Verlauf der ersten Woche deutlich zur\u00fcckgebildet. Sein Zustand habe sich kontinuierlich gebessert, die Laborwerte normalisiert.<\/p>\n<p class=\"Typography_text-default__P3otY Typography_weight-normal__pqUbH storyline_paragraph_p__qSR5N\">&#8222;Wir sind sehr erfreut \u00fcber den erfolgreichen Behandlungsverlauf und werten diesen als bedeutenden therapeutischen Erfolg&#8220;, sagte der Direktor der Klinik f\u00fcr Infektiologie und Intensivmedizin der Charit\u00e9, Leif Erik Sander. &#8222;Die Sonderisolierstation der Charit\u00e9 hat sich einmal mehr als unverzichtbarer Baustein in der Bew\u00e4ltigung hochpathogener Infektionen erwiesen.&#8220;<\/p>\n<p>Zahlreiche Ebola-Tote in Afrika <\/p>\n<p class=\"Typography_text-default__P3otY Typography_weight-normal__pqUbH storyline_paragraph_p__qSR5N\">Der Ebola-Ausbruch im Kongo und in Uganda ist nach Angaben der Weltgesundheitsorganisation (WHO) noch weit davon entfernt, unter Kontrolle zu sein. Im Kongo gibt es nach Angaben der afrikanischen Gesundheitsbeh\u00f6rde Africa CDC mittlerweile 381 best\u00e4tigte F\u00e4lle, darunter 62 Todesf\u00e4lle. Die WHO geht von einer hohen Dunkelziffer aus. Im Nachbarland Uganda sind demnach bislang 16 F\u00e4lle und 1 Todesfall best\u00e4tigt worden.<\/p>\n<p class=\"Typography_text-default__P3otY Typography_weight-normal__pqUbH storyline_paragraph_p__qSR5N\">Nach Angaben der WHO ist es nach wie vor schwierig, die Kontakte von Infizierten zu isolieren und zu \u00fcberwachen. Bislang sei es Gesundheitspersonal vor Ort erst gelungen, 45 Prozent aller Personen nachzuverfolgen, mit der Ebola-Infizierte in Kontakt waren. Um die Ausbreitung der Viruskrankheit zu stoppen, seien es aber n\u00f6tig, 90 Prozent aller Kontaktpersonen zu ermitteln.<\/p>\n<p class=\"Typography_text-default__P3otY Typography_weight-normal__pqUbH storyline_paragraph_p__qSR5N\">In den Jahren 2014 und 2015 waren bei einer Ebola-Epidemie in Westafrika mehr als 11.000 Menschen gestorben. Beim zweitschwersten erfassten Ausbruch von 2018 bis 2020 im Ostkongo starben rund 2300 Menschen.<\/p>\n<p class=\"Typography_text-s__wu_cm Typography_weight-normal__pqUbH Typography_color-darkgrey__sZEnP article-detail-footer_source__KslPc\">Quelle: ntv.de, nbr\/dpa<\/p>\n","protected":false},"excerpt":{"rendered":"&#8222;Ich wurde erstklassig versorgt&#8220;Ebola-Patient aus den USA verl\u00e4sst Berliner Charit\u00e9 06.06.2026, 14:20 Uhr Artikel anh\u00f6ren(05:17 min) Der Arzt&hellip;\n","protected":false},"author":2,"featured_media":1074282,"comment_status":"","ping_status":"","sticky":false,"template":"","format":"standard","meta":{"footnotes":"","_share_on_mastodon":"0"},"categories":[3977],"tags":[331,332,296,7408,71799,106243,13,756,984,3263,14,15,12,50580,4017,4018,4016,64,4019,4020],"class_list":["post-1074281","post","type-post","status-publish","format-standard","has-post-thumbnail","category-usa","tag-aktuelle-nachrichten","tag-aktuelle-news","tag-berlin","tag-charite","tag-demokratische-republik-kongo","tag-ebola","tag-headlines","tag-infektionskrankheiten","tag-international","tag-krankenhaus","tag-nachrichten","tag-news","tag-schlagzeilen","tag-uganda","tag-united-states","tag-united-states-of-america","tag-us","tag-usa","tag-vereinigte-staaten","tag-vereinigte-staaten-von-amerika"],"share_on_mastodon":{"url":"https:\/\/pubeurope.com\/@de\/116703223585584741","error":""},"_links":{"self":[{"href":"https:\/\/www.europesays.com\/de\/wp-json\/wp\/v2\/posts\/1074281","targetHints":{"allow":["GET"]}}],"collection":[{"href":"https:\/\/www.europesays.com\/de\/wp-json\/wp\/v2\/posts"}],"about":[{"href":"https:\/\/www.europesays.com\/de\/wp-json\/wp\/v2\/types\/post"}],"author":[{"embeddable":true,"href":"https:\/\/www.europesays.com\/de\/wp-json\/wp\/v2\/users\/2"}],"replies":[{"embeddable":true,"href":"https:\/\/www.europesays.com\/de\/wp-json\/wp\/v2\/comments?post=1074281"}],"version-history":[{"count":0,"href":"https:\/\/www.europesays.com\/de\/wp-json\/wp\/v2\/posts\/1074281\/revisions"}],"wp:featuredmedia":[{"embeddable":true,"href":"https:\/\/www.europesays.com\/de\/wp-json\/wp\/v2\/media\/1074282"}],"wp:attachment":[{"href":"https:\/\/www.europesays.com\/de\/wp-json\/wp\/v2\/media?parent=1074281"}],"wp:term":[{"taxonomy":"category","embeddable":true,"href":"https:\/\/www.europesays.com\/de\/wp-json\/wp\/v2\/categories?post=1074281"},{"taxonomy":"post_tag","embeddable":true,"href":"https:\/\/www.europesays.com\/de\/wp-json\/wp\/v2\/tags?post=1074281"}],"curies":[{"name":"wp","href":"https:\/\/api.w.org\/{rel}","templated":true}]}}