{"id":1074325,"date":"2026-06-06T13:06:24","date_gmt":"2026-06-06T13:06:24","guid":{"rendered":"https:\/\/www.europesays.com\/de\/1074325\/"},"modified":"2026-06-06T13:06:24","modified_gmt":"2026-06-06T13:06:24","slug":"machn26-was-ist-neu-marco-weicholdt-und-etwas-ueber-neue-apps-videos-%c2%b7-leipziger-zeitung","status":"publish","type":"post","link":"https:\/\/www.europesays.com\/de\/1074325\/","title":{"rendered":"MACHN26: Was ist neu Marco Weicholdt? Und etwas \u00fcber neue Apps + Videos \u00b7 Leipziger Zeitung"},"content":{"rendered":"<p>Nach der Keynote von Robert Habeck, dem ersten Rundgang \u00fcber das MACHN-Gel\u00e4nde und den ersten Gespr\u00e4chen mit den wunderbaren Menschen, habe ich festgestellt, dass sich einiges ver\u00e4ndert hat gegen\u00fcber dem Vorjahr. Also habe ich Marco gesucht und gefunden und ihn zu den Neuerungen befragt. Marco Weicholdt ist Mitgr\u00fcnder und Leiter des MACHN-Festivals. Wer, wenn nicht er kann uns etwas dazu sagen? Wir haben das Video transkribiert und, aus Gr\u00fcnden der Lesbarkeit, bearbeitet.<\/p>\n<p><b>Marco, Du bist der Festival-Chef von MACHN26. Was ist neu, was ist anders?<\/b> <img decoding=\"async\" src=\"https:\/\/www.europesays.com\/de\/wp-content\/uploads\/2026\/06\/5d99ea036a0f4ded815869b8ca0340c2.gif\" alt=\"\" width=\"https:\/\/www.l-iz.de\/wirtschaft\/wirtschaft-leipzig\/2026\/06\/1\" height=\"https:\/\/www.l-iz.de\/wirtschaft\/wirtschaft-leipzig\/2026\/06\/1\"\/><\/p>\n<p><img loading=\"lazy\" decoding=\"async\" class=\"size-full wp-image-659684\" src=\"https:\/\/www.europesays.com\/de\/wp-content\/uploads\/2026\/06\/Gespraechspartner-Marco-Weicholdt-Foto-Thomas-Koehler.jpg\" alt=\"\" width=\"1514\" height=\"1009\"  \/>Gespr\u00e4chspartner Marco Weicholdt. Foto: Thomas K\u00f6hler<\/p>\n<p>Wir sind im f\u00fcnften Jahr des Festivals, f\u00fcnf Jahre MACHN. Wir haben eine komplett neue Halle angemietet, um die gewachsenen Marketingthemen in einer eigene Haller, der Marketingstage, unterzubringen. Das hei\u00dft, die Themen die in den letzten Jahren auch schon sehr, sehr stark waren. Die Trends, die wirklich f\u00fcr die Professionals nicht nur auf der Oberfl\u00e4che, sondern tats\u00e4chlich auch konkrete Beispiele aus der Praxis zu nehmen. Wir haben ein KI-Barcamp am zweiten Tag, wo man Themen selber einbringen kann. Also jeder Festival-Gast kann hier Fragen stellen oder eigene Best Practices einbringen. Und generell haben wir \u00fcber 2000 Leute, die neugierig sind, aus der Kreativwirtschaft, aus der Startup-Bubble, aus der etablierten Wirtschaft, aus dem Technologiebereich. Und das ist ein Mix, der ganz gro\u00dfen Spa\u00df macht.<\/p>\n<p><b>Sag mal was zu den Leuten die hier ihre Projekte vorstellen. Sind das mehr geworden, sind das weniger geworden? Erster Eindruck, ist es sind weniger.<\/b><\/p>\n<\/p>\n<p>Wir haben eine bunte Mischung tats\u00e4chlich. Wir haben sowohl Unternehmen als auch Startups, Forschergruppen. Wir sind ja selber jetzt auch Startup Factory. Also zum ersten Mal ist <a href=\"https:\/\/startup-factory-boost.de\/\" target=\"_blank\" rel=\"noopener nofollow\">boost<\/a> der Veranstalter von dem Festival. Das Festival selber ist das gleiche Format, aber findet jetzt im Rahmen von <a href=\"https:\/\/www.bundeswirtschaftsministerium.de\/Redaktion\/DE\/Artikel\/Ministerium\/startup-germany-circle.html\" target=\"_blank\" rel=\"noopener nofollow\">Start-up Germany<\/a> statt, also vom BMWE unterst\u00fctzt, dass wir gerade den Gr\u00fcnderinnen und Gr\u00fcnder der jungen Generation erm\u00f6glichen wollen gro\u00df zu denken. Das hei\u00dft, die Startup Pitches haben eine andere Qualit\u00e4t in diesem Jahr, weil wir sehr viel enger mit den Universit\u00e4ten und Frauenhofern und Institutionen zusammenarbeiten. Und die Startup Pitches sind auch verschr\u00e4nkt mit dem <a href=\"https:\/\/www.spinlab.co\/hhl-spinlab-investors-day\" target=\"_blank\" rel=\"noopener nofollow\">Investors Day<\/a>, der parallel stattfindet. Das hei\u00dft, man findet hier potenzielle Mitgr\u00fcnderinnen und Mitgr\u00fcnder, man findet Geldgeber und man findet nat\u00fcrlich ganz viele Feedbackgeber.<\/p>\n<p>Wir freuen uns \u00fcber den Zulauf, den MACHN hat. Es sind wieder \u00fcber 2000 Menschen gekommen, tats\u00e4chlich auch sehr viel \u00fcberregionales Publikum. Wir freuen uns nat\u00fcrlich, wenn wir die Leipziger erreichen, aber noch viel mehr, wenn quasi um Leipzig herum ganz viele Leute anreisen. Auch wenn das heute mit dem Zug ein bisschen schwer war, habe ich gerade geh\u00f6rt. Aber die, die da sind, sind gerne da. Und das freut uns nat\u00fcrlich riesig, dass man auch so ein Gel\u00e4nde wie die Baumwollspinnerei und die Leipziger Atmosph\u00e4re in die Republik tragen kann.<\/p>\n<p><b>Dann sehen wir uns sp\u00e4testens n\u00e4chstes Jahr wieder, Danke sch\u00f6n.<\/b><\/p>\n<p>Mein Eindruck war, wie ich auch Marco sagte, dass in diesem Jahr weniger Gr\u00fcnderinnen und Gr\u00fcnder mit St\u00e4nden vertreten waren. Es wurden aber viele interessante Projekte vorgestellt, wir haben mit insgesamt 14 Startups bzw. Firmen gesprochen und hier sind die ersten Ergebnisse. In diesem Artikel geht es um Apps f\u00fcr verschiedene Anwendungen. Ob Leserinnen oder Leser diese sinnvoll finden, bleibt diesen \u00fcberlassen.<\/p>\n<p><b>NinoNauten \u2013 Navigationssystem f\u00fcr Familien mit Kindern<\/b><\/p>\n<\/p>\n<p>Ulrike Winter-Bergmann stellte uns am Stand von <a href=\"https:\/\/www.futuresax.de\/\" rel=\"nofollow noopener\" target=\"_blank\">future SAX<\/a> die App <a href=\"https:\/\/www.ninonauten.de\/\" rel=\"nofollow noopener\" target=\"_blank\">NinoNauten<\/a> vor. Wer sucht nicht bei Google Maps, wenn man ein Caf\u00e9, Restaurant oder \u00e4hnliches braucht? Braucht man aber eine Toilette f\u00fcr sein Kind, einen Wickelraum oder auch einen barrierefreien Spielplatz, dann hilft \u201eTante Google\u201c meist nicht weiter. Ulrike sagt dazu: Wir stellen nicht die Orte in den Mittelpunkt, sondern die Bed\u00fcrfnisse der Kinder. \u201eBraucht Dein Kind eine reizarme Umgebung, einen Wickelplatz, hast Du einen Rollstuhl dabei? All das kannst Du auf unserer Karte filtern und NinoNauten zeigt Dir die passenden Orte f\u00fcr die Bed\u00fcrfnisse Deiner Kinder.\u201c Ein, finde ich, spannendes Projekt. NinoNauten soll demn\u00e4chst in Leipzig verf\u00fcgbar sein und sp\u00e4ter deutschlandweit ausgerollt werden.<\/p>\n<p><img loading=\"lazy\" decoding=\"async\" class=\"size-full wp-image-659685\" src=\"https:\/\/www.europesays.com\/de\/wp-content\/uploads\/2026\/06\/NinoNauten.jpg\" alt=\"\" width=\"4000\" height=\"2668\"  \/>NinoNauten Flyer. Foto: Thomas K\u00f6hler<\/p>\n<p><b>Mit Qrush durch die Nacht<\/b><\/p>\n<\/p>\n<p>Nachts etwas unternehmen, in welcher Bar oder welchem Club ist etwas passendes los und wo sind meine Freunde? Die <a href=\"https:\/\/qrushapp.de\/\" rel=\"nofollow noopener\" target=\"_blank\">App Qrush<\/a> soll helfen das herauszufinden. Hagen Herzog sprach mit uns \u00fcber die App f\u00fcr Party People und die Web-Anwendung f\u00fcr Locations. Die App ist schon deutschlandweit verf\u00fcgbar.<\/p>\n<p><b>carbonx, die App f\u00fcr den CO2-Fu\u00dfabdruck<\/b><\/p>\n<\/p>\n<p>Am Stand von <a href=\"https:\/\/hochschul-gruendernetzwerk.de\/\" rel=\"nofollow noopener\" target=\"_blank\">StarTH<\/a>, dem Th\u00fcringer Hochschulgr\u00fcndungsnetzwerk, trafen wir Sarath Nagineni, Student an der Hochschule Nordhausen, der das Projekt carbonx vorstellte. Da wir das Gespr\u00e4ch nicht auf Englisch f\u00fchren und aufzeichnen wollten erkl\u00e4rte sich Gr\u00fcndungscoach Christian Zoll dazu bereit, die Vorstellung zu \u00fcbernehmen.<\/p>\n<p><img loading=\"lazy\" decoding=\"async\" class=\"size-full wp-image-659686\" src=\"https:\/\/www.europesays.com\/de\/wp-content\/uploads\/2026\/06\/Worum-geht-es-bei-carbonx-Foto-Thomas-Koehler.jpg\" alt=\"\" width=\"3254\" height=\"2169\"  \/>Worum geht es bei carbonx? Foto: Thomas K\u00f6hler<\/p>\n<p>Mit carbonx kann man seinen t\u00e4glichen CO2-Fu\u00dfabdruck, den man durch diverse Aktivit\u00e4ten schafft, messen. Man bekommt Empfehlungen zur Reduzierung und es gibt auch eine Challenge. Es gibt Punkte, die man bei Partnerunternehmen einl\u00f6sen kann. Sarath sucht f\u00fcr sein Team noch Mitstreiter.<\/p>\n<p>\u201e<b>peace\u201c, Pedagogical Agent for Children Emotions<\/b><\/p>\n<\/p>\n<p>Last not least, irgendwo muss ja der Artikel enden, stellte uns Johanna Eller von der Universit\u00e4t Leipzig, Zentrum f\u00fcr fr\u00fchkindliche Entwicklung (<a href=\"https:\/\/www.humankind.uni-leipzig.de\/unsere-forschung\" rel=\"nofollow noopener\" target=\"_blank\">HumanKind<\/a>) das Projekt \u201e<a href=\"https:\/\/scads.ai\/about-us\/humboldt-professorships\/department-of-statistical-learning\/projects\/pedagogical-conversational-agent-pca\/\" rel=\"nofollow noopener\" target=\"_blank\">peace<\/a>\u201c vor. Kurz beschrieben ist \u201epeace\u201c ein KI-gest\u00fctzter Lernassistent f\u00fcr sozial-emotionale Lerneinheiten, in der fr\u00fchkindlichen Bildung. Johanna erkl\u00e4rt das im Video genauer, keinesfalls soll die KI hier Fachpersonal ersetzen.<\/p>\n<p><b>Fazit<\/b>: Es gibt Neues beim MACH-Festival, wie Marco erz\u00e4hlte, und die Gr\u00fcnderinnen und Gr\u00fcnder sind im Bereich der Entwicklung von neuen Apps sehr aktiv. Im n\u00e4chsten Artikel kommt dann das SpinLab zu Wort und wir reden \u00fcber Robotik.<\/p>\n","protected":false},"excerpt":{"rendered":"Nach der Keynote von Robert Habeck, dem ersten Rundgang \u00fcber das MACHN-Gel\u00e4nde und den ersten Gespr\u00e4chen mit den&hellip;\n","protected":false},"author":2,"featured_media":1074326,"comment_status":"","ping_status":"","sticky":false,"template":"","format":"standard","meta":{"footnotes":"","_share_on_mastodon":"0"},"categories":[1832],"tags":[4561,3364,29,5561,30,3295,4714,2134,71,228192,859,6985,5162,5329],"class_list":["post-1074325","post","type-post","status-publish","format-standard","has-post-thumbnail","category-leipzig","tag-apps","tag-de","tag-deutschland","tag-festival","tag-germany","tag-hochschulen","tag-innovation","tag-interview","tag-leipzig","tag-machn","tag-sachsen","tag-startups","tag-universitaet","tag-video"],"share_on_mastodon":{"url":"","error":""},"_links":{"self":[{"href":"https:\/\/www.europesays.com\/de\/wp-json\/wp\/v2\/posts\/1074325","targetHints":{"allow":["GET"]}}],"collection":[{"href":"https:\/\/www.europesays.com\/de\/wp-json\/wp\/v2\/posts"}],"about":[{"href":"https:\/\/www.europesays.com\/de\/wp-json\/wp\/v2\/types\/post"}],"author":[{"embeddable":true,"href":"https:\/\/www.europesays.com\/de\/wp-json\/wp\/v2\/users\/2"}],"replies":[{"embeddable":true,"href":"https:\/\/www.europesays.com\/de\/wp-json\/wp\/v2\/comments?post=1074325"}],"version-history":[{"count":0,"href":"https:\/\/www.europesays.com\/de\/wp-json\/wp\/v2\/posts\/1074325\/revisions"}],"wp:featuredmedia":[{"embeddable":true,"href":"https:\/\/www.europesays.com\/de\/wp-json\/wp\/v2\/media\/1074326"}],"wp:attachment":[{"href":"https:\/\/www.europesays.com\/de\/wp-json\/wp\/v2\/media?parent=1074325"}],"wp:term":[{"taxonomy":"category","embeddable":true,"href":"https:\/\/www.europesays.com\/de\/wp-json\/wp\/v2\/categories?post=1074325"},{"taxonomy":"post_tag","embeddable":true,"href":"https:\/\/www.europesays.com\/de\/wp-json\/wp\/v2\/tags?post=1074325"}],"curies":[{"name":"wp","href":"https:\/\/api.w.org\/{rel}","templated":true}]}}