{"id":1074393,"date":"2026-06-06T13:44:15","date_gmt":"2026-06-06T13:44:15","guid":{"rendered":"https:\/\/www.europesays.com\/de\/1074393\/"},"modified":"2026-06-06T13:44:15","modified_gmt":"2026-06-06T13:44:15","slug":"da-sieht-man-wer-eine-lobby-hat-und-wer-nicht-so-lief-die-umstrittene-rad-demo-in-chemnitz","status":"publish","type":"post","link":"https:\/\/www.europesays.com\/de\/1074393\/","title":{"rendered":"\u201eDa sieht man, wer eine Lobby hat und wer nicht\u201c \u2013 so lief die umstrittene Rad-Demo in Chemnitz"},"content":{"rendered":"<p class=\"text text--s\">\n\t\t\t\tFreie Presse auf Google News folgen\n\t\t\t<\/p>\n<p class=\"bold\">\n\t\t\t\t\t\t\t\t\t\tRund 200 Teilnehmer folgten dem Aufruf zu einer Rad-Demo durch die Stadt. Die f\u00fchrte zwar \u00fcber vielbefahrene Bundesstra\u00dfen, aber nicht wie vom Organisator urspr\u00fcnglich geplant auf die A 72. Das sorgte f\u00fcr Ver\u00e4rgerung.\t\t\t\t<\/p>\n<p>\t\t\t\t Der ein oder andere ging am Samstagmorgen noch davon aus, erstmals mit seinem Fahrrad auf einer Autobahn fahren zu d\u00fcrfen. Das war immerhin das, was ein Chemnitzer tagelang im Internet angek\u00fcndigt hatte. \u201eDie muss ich jetzt leider entt\u00e4uschen\u201c, sagte der Demo-Organisator, der anonym bleiben will, am Startpunkt. Sein Plan, eine&#8230;<\/p>\n<p>\t\t<img decoding=\"async\" class=\"fp-plus-logo\" src=\"https:\/\/www.freiepresse.de\/img\/fpplus.svg\" alt=\"Freie Presse plus Logo\"\/><\/p>\n<p>Registrieren und testen.<\/p>\n<p>Jetzt mit Ihrer Registrierung 1 Monat gratis testen und alle Beitr\u00e4ge lesen.<\/p>\n<p>Schon Abonnent? Melden Sie sich mit ihren Zugangsdaten an.<\/p>\n","protected":false},"excerpt":{"rendered":"Freie Presse auf Google News folgen Rund 200 Teilnehmer folgten dem Aufruf zu einer Rad-Demo durch die Stadt.&hellip;\n","protected":false},"author":2,"featured_media":1074394,"comment_status":"","ping_status":"","sticky":false,"template":"","format":"standard","meta":{"footnotes":"","_share_on_mastodon":"0"},"categories":[1851],"tags":[2770,3364,3388,29,548,663,3934,30,13,14,15,859,12],"class_list":["post-1074393","post","type-post","status-publish","format-standard","has-post-thumbnail","category-chemnitz","tag-chemnitz","tag-de","tag-demos","tag-deutschland","tag-eu","tag-europa","tag-europe","tag-germany","tag-headlines","tag-nachrichten","tag-news","tag-sachsen","tag-schlagzeilen"],"share_on_mastodon":{"url":"https:\/\/pubeurope.com\/@de\/116703467255326036","error":""},"_links":{"self":[{"href":"https:\/\/www.europesays.com\/de\/wp-json\/wp\/v2\/posts\/1074393","targetHints":{"allow":["GET"]}}],"collection":[{"href":"https:\/\/www.europesays.com\/de\/wp-json\/wp\/v2\/posts"}],"about":[{"href":"https:\/\/www.europesays.com\/de\/wp-json\/wp\/v2\/types\/post"}],"author":[{"embeddable":true,"href":"https:\/\/www.europesays.com\/de\/wp-json\/wp\/v2\/users\/2"}],"replies":[{"embeddable":true,"href":"https:\/\/www.europesays.com\/de\/wp-json\/wp\/v2\/comments?post=1074393"}],"version-history":[{"count":0,"href":"https:\/\/www.europesays.com\/de\/wp-json\/wp\/v2\/posts\/1074393\/revisions"}],"wp:featuredmedia":[{"embeddable":true,"href":"https:\/\/www.europesays.com\/de\/wp-json\/wp\/v2\/media\/1074394"}],"wp:attachment":[{"href":"https:\/\/www.europesays.com\/de\/wp-json\/wp\/v2\/media?parent=1074393"}],"wp:term":[{"taxonomy":"category","embeddable":true,"href":"https:\/\/www.europesays.com\/de\/wp-json\/wp\/v2\/categories?post=1074393"},{"taxonomy":"post_tag","embeddable":true,"href":"https:\/\/www.europesays.com\/de\/wp-json\/wp\/v2\/tags?post=1074393"}],"curies":[{"name":"wp","href":"https:\/\/api.w.org\/{rel}","templated":true}]}}