{"id":1074419,"date":"2026-06-06T13:59:26","date_gmt":"2026-06-06T13:59:26","guid":{"rendered":"https:\/\/www.europesays.com\/de\/1074419\/"},"modified":"2026-06-06T13:59:26","modified_gmt":"2026-06-06T13:59:26","slug":"handball-bundesliga-abschied-eloy-morante-maldonado-beim-bergischen-hc","status":"publish","type":"post","link":"https:\/\/www.europesays.com\/de\/1074419\/","title":{"rendered":"Handball-Bundesliga: Abschied Eloy Morante Maldonado beim Bergischen HC"},"content":{"rendered":"<p class=\"text_ohne_einzug richtext text-em-55 !leading-serif mx-6 desktop:mx-0\">Eloy Morante Maldonado sitzt auf gepackten Koffern und Kartons. \u201ePl\u00f6tzlich geht alles schneller als gedacht\u201c, sagt der Handballprofi, der am Sonntagnachmittag noch sein letztes Spiel f\u00fcr den Bergischen HC bestreiten wird. In der Woche darauf steht der Umzug nach Erlangen an.<\/p>\n<p class=\"richtext text-em-55 !leading-serif mx-6 desktop:mx-0\">Wenn man so will, verl\u00e4sst der 28-J\u00e4hrige damit erstmals die heimischen Gefilde. Bis 2018 hat er in seinem Elternhaus in <a href=\"https:\/\/rp-online.de\/thema\/wermelskirchen\/\" rel=\"nofollow noopener\" target=\"_blank\">Wermelskirchen<\/a> gelebt, um als 20-J\u00e4hriger mit seiner langj\u00e4hrigen Partnerin und heutigen Ehefrau eine gemeinsame Wohnung in K\u00f6ln zu beziehen. \u201eEs ist durchaus ein komisches Gef\u00fchl, die Heimat zu verlassen\u201c, gibt er zu.<\/p>\n<p class=\"richtext text-em-55 !leading-serif mx-6 desktop:mx-0\">Seine sportlichen Stationen waren von M\u00fcngersdorf stets gut zu erreichen: Nach Dormagen waren es nur etwa 20\u2005Minuten mit dem Auto, in Essen stand bei Bedarf ein WG-Zimmer zur Verf\u00fcgung \u2013 und zuletzt beim Bergischen HC waren die Wege zu den Trainingsst\u00e4tten in Solingen wieder k\u00fcrzer. \u201eIch habe K\u00f6ln als Stadt und Wohnort lieben gelernt\u201c, sagt Eloy Morante Maldonado. \u201eEs ist etwas Besonderes, dort zu leben.\u201c<\/p>\n<p>Handballstart in Wermelskirchen      <\/p>\n<p class=\"richtext text-em-55 !leading-serif mx-6 desktop:mx-0\">Die ersten Schritte seiner erfolgreichen Handball-Laufbahn hat der R\u00fcckraumspieler als Vierj\u00e4hriger beim TuS Wermelskirchen unternommen. Bis zur C-Jugend war er hier aktiv \u2013 anfangs noch als Linksau\u00dfen. \u201eWegen der fehlenden K\u00f6rpergr\u00f6\u00dfe\u201c, blickt er zur\u00fcck und lacht. Irgendwann sei dann aber ein Schub gekommen, und sein damaliger Trainer Peer P\u00fctz habe ihn nach dem Wechsel zum TuS Opladen zum Mittelspieler geformt.<\/p>\n<p class=\"richtext text-em-55 !leading-serif mx-6 desktop:mx-0\">Nach der vierten Klasse an der Schwanenschule war der talentierte Handballer wegen der Sportf\u00f6rderung ans Landrat-Lucas-Gymnasium nach Leverkusen gewechselt. Ein hoher zeitlicher Aufwand. \u201eIch wei\u00df nicht, wie viel Wartezeit ich all die Jahre in Hilgen beim Umstieg von der 260 in die 240 gesammelt habe. H\u00e4tte es damals schon eine Direktverbindung gegeben, w\u00e4re es schneller gegangen.\u201c<\/p>\n<p class=\"richtext text-em-55 !leading-serif mx-6 desktop:mx-0\">Einen Abstecher in seine Heimatstadt macht Eloy Morante Maldonado nur noch selten. \u201eMein bester Freund aus Schulzeiten ist jetzt wieder nach Wermelskirchen gezogen.\u201c Sein Vater Juan war 1970 von Spanien nach Deutschland gekommen, vor drei Jahren ist er wieder in die N\u00e4he von Granada zur\u00fcckgekehrt.<\/p>\n<p>Erlangen reizt als Neuanfang      <\/p>\n<p class=\"richtext text-em-55 !leading-serif mx-6 desktop:mx-0\">Nun steht f\u00fcr den 28-J\u00e4hrigen selbst ein gro\u00dfer Umbruch an. Als es zum Jahreswechsel in die Verhandlungen \u00fcber eine m\u00f6gliche Verl\u00e4ngerung beim Bergischen HC ging, stand durchaus die Option im Raum, auch weiterhin das L\u00f6wen-Trikot zu tragen. \u201eAber es lockte auch die Herausforderung, die Komfortzone zu verlassen und etwas ganz Neues anzugehen.\u201c Und so habe er das Angebot des Liga-Konkurrenten HC\u2005Erlangen angenommen.<\/p>\n<p class=\"richtext text-em-55 !leading-serif mx-6 desktop:mx-0\">Der Wermelskirchener mit spanischen Wurzeln verl\u00e4sst das Bergische Land mit dem bislang gr\u00f6\u00dften Erfolg seiner Handballer-Laufbahn. Die Bronzemedaille bei der U18-Europameisterschaft 2016 in Kroatien war das erste gro\u00dfe Highlight, das vom zweiten Platz beim Final-Four-Turnier um den DHB-Pokal \u00fcberstrahlt wird.<\/p>\n<p class=\"richtext text-em-55 !leading-serif mx-6 desktop:mx-0\">\u201eEs war eine harte, aber auch erfolgreiche Saison in Kombination mit dem gesicherten Klassenerhalt\u201c, bilanziert der Mittelmann, der fast vier Monate lang mit einem Syndesmosebandriss im Sprunggelenk ausgefallen war und Mitte M\u00e4rz sein Comeback gegeben hat. Nach einer Verletzungspause waren im Heimspiel gegen den SC\u2005Magdeburg nur Kurzeins\u00e4tze geplant, doch dann stand er letztlich knapp 24 Minuten auf dem Feld \u2013 und agierte so, als w\u00e4re er nie weg gewesen. Und er kn\u00fcpfte fortan an seine guten Leistungen aus der Hinrunde an.<\/p>\n<p class=\"richtext text-em-55 !leading-serif mx-6 desktop:mx-0\">Er stellt heraus, dass er beim Bergischen HC mit den hohen Anspr\u00fcchen einen weiteren gro\u00dfen Schritt im Profihandball gemacht habe: \u201eIch habe mich als Pers\u00f6nlichkeit weiterentwickelt und die F\u00fchrungsrolle \u00fcbernommen.\u201c Nach dem zwischenzeitlichen Abstieg des BHC in die Zweite Liga war Morante Maldonado nicht nur Torsch\u00fctzenk\u00f6nig, er wurde mit gro\u00dfem Abstand auch zum Spieler der Saison 2024\/25 gew\u00e4hlt.<\/p>\n<p class=\"richtext text-em-55 !leading-serif mx-6 desktop:mx-0\">\u201eAbschiede fallen nie leicht\u201c, stellt Eloy Morante Maldonado vor dem Saisonabschluss am Sonntag (15\u2005Uhr) in der Wuppertaler Unihalle gegen Frisch\u2009Auf G\u00f6ppingen fest. \u201eGerade nach so einer intensiven Zeit beim BHC nimmt man viele tolle Erinnerungen mit. Aber ich gehe mit gro\u00dfer Dankbarkeit \u2013 und gleichzeitig mit Vorfreude auf das, was jetzt kommt.\u201c<\/p>\n","protected":false},"excerpt":{"rendered":"Eloy Morante Maldonado sitzt auf gepackten Koffern und Kartons. \u201ePl\u00f6tzlich geht alles schneller als gedacht\u201c, sagt der Handballprofi,&hellip;\n","protected":false},"author":2,"featured_media":1074420,"comment_status":"","ping_status":"","sticky":false,"template":"","format":"standard","meta":{"footnotes":"","_share_on_mastodon":"0"},"categories":[1840],"tags":[108888,3364,29,30,16134,1209,209512,7223,20203,4418],"class_list":["post-1074419","post","type-post","status-publish","format-standard","has-post-thumbnail","category-wuppertal","tag-ddd","tag-de","tag-deutschland","tag-germany","tag-guido","tag-nordrhein-westfalen","tag-radtke","tag-solingen","tag-wermelskirchen","tag-wuppertal"],"share_on_mastodon":{"url":"https:\/\/pubeurope.com\/@de\/116703524699198332","error":""},"_links":{"self":[{"href":"https:\/\/www.europesays.com\/de\/wp-json\/wp\/v2\/posts\/1074419","targetHints":{"allow":["GET"]}}],"collection":[{"href":"https:\/\/www.europesays.com\/de\/wp-json\/wp\/v2\/posts"}],"about":[{"href":"https:\/\/www.europesays.com\/de\/wp-json\/wp\/v2\/types\/post"}],"author":[{"embeddable":true,"href":"https:\/\/www.europesays.com\/de\/wp-json\/wp\/v2\/users\/2"}],"replies":[{"embeddable":true,"href":"https:\/\/www.europesays.com\/de\/wp-json\/wp\/v2\/comments?post=1074419"}],"version-history":[{"count":0,"href":"https:\/\/www.europesays.com\/de\/wp-json\/wp\/v2\/posts\/1074419\/revisions"}],"wp:featuredmedia":[{"embeddable":true,"href":"https:\/\/www.europesays.com\/de\/wp-json\/wp\/v2\/media\/1074420"}],"wp:attachment":[{"href":"https:\/\/www.europesays.com\/de\/wp-json\/wp\/v2\/media?parent=1074419"}],"wp:term":[{"taxonomy":"category","embeddable":true,"href":"https:\/\/www.europesays.com\/de\/wp-json\/wp\/v2\/categories?post=1074419"},{"taxonomy":"post_tag","embeddable":true,"href":"https:\/\/www.europesays.com\/de\/wp-json\/wp\/v2\/tags?post=1074419"}],"curies":[{"name":"wp","href":"https:\/\/api.w.org\/{rel}","templated":true}]}}