{"id":1074647,"date":"2026-06-06T16:08:15","date_gmt":"2026-06-06T16:08:15","guid":{"rendered":"https:\/\/www.europesays.com\/de\/1074647\/"},"modified":"2026-06-06T16:08:15","modified_gmt":"2026-06-06T16:08:15","slug":"weltausstellung-berlin-und-brandenburg-starten-gemeinsamen-expo-check","status":"publish","type":"post","link":"https:\/\/www.europesays.com\/de\/1074647\/","title":{"rendered":"Weltausstellung: Berlin und Brandenburg starten gemeinsamen Expo-Check"},"content":{"rendered":"<p class=\"paragraph article__item\">Berlin und Brandenburg wollen mit Blick auf eine m\u00f6gliche Expo-Bewerbung jetzt gemeinsam vorgehen. Berlins Regierender B\u00fcrgermeister Kai Wegner (CDU) verabredete nach eigenen Angaben mit Ministerpr\u00e4sident Dietmar Woidke (SPD) einen \u00abPr\u00fcf- und Arbeitsprozess\u00bb. Ziel sei, systematisch Voraussetzungen, Chancen, Risiken und Erfolgsaussichten einer Bewerbung um die Weltausstellung <a class=\"rtr-entity\" href=\"https:\/\/www.zeit.de\/thema\/expo\" rel=\"nofollow noopener\" target=\"_blank\">Expo<\/a> im Jahr 2035 zu untersuchen. Bis sp\u00e4testens Oktober solle eine gemeinsame Entscheidungsgrundlage f\u00fcr beide L\u00e4nder vorliegen.\u00a0\n<\/p>\n<p>Aktuelles<\/p>\n<p>                <a href=\"https:\/\/www.zeit.de\/sport\/2026-05\/berlin-olympia-bewerbung-abstimmung-abgeordnetenhaus-mehrheit-gxe\" data-ct-label=\"Olympia-Bewerbung: Berliner Abgeordnetenhaus stimmt f\u00fcr Olympia-Bewerbung\" data-uuid=\"6d96da9e-b172-4064-87b8-121a4646518c\" rel=\"nofollow noopener\" target=\"_blank\"><\/p>\n<p>                        Olympia-Bewerbung:<br \/>\n                        Berliner Abgeordnetenhaus stimmt f\u00fcr Olympia-Bewerbung<\/p>\n<p>                <\/a><\/p>\n<p>                <a href=\"https:\/\/www.zeit.de\/politik\/deutschland\/2026-05\/kommunalwahl-berlin-afd-kandidatin-buergermeisteramt-parteitag\" data-ct-label=\"Wahl zum Berliner Abgeordnetenhaus: Berliner AfD nominiert erstmals Kandidatin f\u00fcr Amt der \u00bbRegierenden\u00ab\" data-uuid=\"a55bb73f-b7bf-44bd-b8fb-6eb9f6c6e4f4\" rel=\"nofollow noopener\" target=\"_blank\"><\/p>\n<p>                        Wahl zum Berliner Abgeordnetenhaus:<br \/>\n                        Berliner AfD nominiert erstmals Kandidatin f\u00fcr Amt der \u00bbRegierenden\u00ab<\/p>\n<p>                <\/a><\/p>\n<p>                <a href=\"https:\/\/www.zeit.de\/politik\/deutschland\/2026-05\/bundeskongress-deutscher-gewerkschaftsbund-beginnt\" data-ct-label=\"Sozialreformen: Bundeskongress des Deutschen Gewerkschaftsbundes beginnt in Berlin\" data-uuid=\"aeccd8f4-994b-4e28-a709-94bc4297b64d\" rel=\"nofollow noopener\" target=\"_blank\"><\/p>\n<p>                        Sozialreformen:<br \/>\n                        Bundeskongress des Deutschen Gewerkschaftsbundes beginnt in Berlin<\/p>\n<p>                <\/a><\/p>\n<p class=\"paragraph article__item\"><a class=\"rtr-entity\" href=\"https:\/\/www.zeit.de\/thema\/kai-wegner\" rel=\"nofollow noopener\" target=\"_blank\">Wegner<\/a> bildet den neuen Sachstand in einem Brief an Wirtschaftssenatorin Franziska Giffey (SPD) und Finanzsenator Stefan Evers (CDU) ab, welcher der Deutschen Presse-Agentur vorliegt und \u00fcber den zun\u00e4chst der \u00abTagesspiegel\u00bb berichtete. Darin bittet der Berliner Regierungschef beide um \u00abzeitnahe Kontaktaufnahme zu den brandenburgischen Kolleginnen und Kollegen, um die notwendigen n\u00e4chsten Schritte und Arbeitsformate abzustimmen\u00bb.\n<\/p>\n<p>                        Wegner sieht positive Expo-Effekte            <\/p>\n<p class=\"paragraph article__item\">Eine Expo-Bewerbung k\u00f6nnte nach Meinung Wegners weit \u00fcber ein zeitlich begrenztes Gro\u00dfereignis hinausreichen. \u00abSie h\u00e4tte das Potenzial, Impulse f\u00fcr nachhaltige Infrastrukturentwicklungen, wirtschaftliche Dynamik, internationale Sichtbarkeit sowie den gesellschaftlichen Zusammenhalt in der Metropolregion Berlin-Brandenburg zu setzen\u00bb, schreibt er.\u00a0\n<\/p>\n<p class=\"paragraph article__item\">Nat\u00fcrlich k\u00f6nne eine Entscheidung \u00fcber eine Bewerbung der Hauptstadtregion nur auf Grundlage belastbarer konzeptioneller, finanzieller, infrastruktureller und organisatorischer Bewertungen getroffen werden. Er sei dankbar f\u00fcr das Engagement der Berliner Wirtschaft, die den Impuls f\u00fcr eine Expo 2035 in die breite \u00d6ffentlichkeit getragen habe, so Wegner.\u00a0\n<\/p>\n<p class=\"paragraph article__item\">\u00abJetzt geht es darum, unter Einbeziehung dieser fachlichen Expertise und der geleisteten Vorarbeiten, ein gemeinsames Konzept mit <a class=\"rtr-entity\" href=\"https:\/\/www.zeit.de\/thema\/brandenburg\" rel=\"nofollow noopener\" target=\"_blank\">Brandenburg<\/a> zu diskutieren.\u00bb\n<\/p>\n<p>            L\u00e4ngere Debatte            <\/p>\n<p class=\"paragraph article__item\">In <a class=\"rtr-entity\" href=\"https:\/\/www.zeit.de\/thema\/berlin\" rel=\"nofollow noopener\" target=\"_blank\">Berlin<\/a> wird schon l\u00e4nger \u00fcber eine Expo-Bewerbung geredet. Inzwischen ist allen Beteiligten klar, dass &#8211; wenn \u00fcberhaupt &#8211; nur ein gemeinsamer Aufschlag der L\u00e4nder Berlin und Brandenburg infrage kommt. Als Hauptstandort einer m\u00f6glichen Expo sind Fl\u00e4chen nahe dem Flughafen BER im Gespr\u00e4ch, die \u00fcberwiegend in Brandenburg liegen.\u00a0\n<\/p>\n<p class=\"paragraph article__item\">Zuletzt hatte die Berliner <a class=\"rtr-entity\" href=\"https:\/\/www.zeit.de\/thema\/spd\" rel=\"nofollow noopener\" target=\"_blank\">SPD<\/a> als Expo-Bef\u00fcrworter Druck auf ihren Koalitionspartner CDU und Wegner gemacht und einen au\u00dferplanm\u00e4\u00dfigen Koalitionsausschuss einberufen. Dieser tagte nach dpa-Informationen noch nicht, am vergangenen Donnerstag gab es aber ein &#8211; wie es hie\u00df &#8211; vorbereitendes Gespr\u00e4ch der Koalitionsspitzen, bei dem es um ein geordnetes Verfahren in Sachen Expo ging.\u00a0\n<\/p>\n<p class=\"paragraph article__item\">\u00abBeharrlichkeit zahlt sich aus\u00bb, sagte Berlins SPD-Chef und Spitzenkandidat f\u00fcr die Abgeordnetenhauswahl am 20. September, Steffen Krach, der dpa. \u00abDas hat zwar etwas von betreutem Regieren, aber Hauptsache, Kai Wegner bewegt sich. Wir kriegen endlich einen strukturierten Prozess.\u00bb Die Bewerbung um die Expo werde nun von Wirtschaftssenatorin Giffey ernsthaft vorbereitet. \u00abGut f\u00fcr Berlin und die Metropolregion\u00bb, so Krach.\n<\/p>\n<p class=\"paragraph article__item\">\u00a9 dpa-infocom, dpa:260606-930-183212\/1<\/p>\n","protected":false},"excerpt":{"rendered":"Berlin und Brandenburg wollen mit Blick auf eine m\u00f6gliche Expo-Bewerbung jetzt gemeinsam vorgehen. Berlins Regierender B\u00fcrgermeister Kai Wegner&hellip;\n","protected":false},"author":2,"featured_media":1074648,"comment_status":"","ping_status":"","sticky":false,"template":"","format":"standard","meta":{"footnotes":"","_share_on_mastodon":"0"},"categories":[1816],"tags":[1960,1958,1959,1957,296,1956,1890,31,2520,29,7996,40602,6604,30,2384,15,184,44707,53661],"class_list":["post-1074647","post","type-post","status-publish","format-standard","has-post-thumbnail","category-brandenburg","tag-aktuelle-nachrichten-aus-berlin-und-brandenburg","tag-aktuelle-nachrichten-aus-brandenburg","tag-aktuelle-news-aus-berlin-und-brandenburg","tag-aktuelle-news-aus-brandenburg","tag-berlin","tag-berlin-und-brandenburg","tag-brandenburg","tag-cdu","tag-deutsche-presse-agentur","tag-deutschland","tag-dietmar-woidke","tag-expo","tag-franziska-giffey","tag-germany","tag-kai-wegner","tag-news","tag-spd","tag-stefan-evers","tag-weltausstellung"],"share_on_mastodon":{"url":"https:\/\/pubeurope.com\/@de\/116704031945259943","error":""},"_links":{"self":[{"href":"https:\/\/www.europesays.com\/de\/wp-json\/wp\/v2\/posts\/1074647","targetHints":{"allow":["GET"]}}],"collection":[{"href":"https:\/\/www.europesays.com\/de\/wp-json\/wp\/v2\/posts"}],"about":[{"href":"https:\/\/www.europesays.com\/de\/wp-json\/wp\/v2\/types\/post"}],"author":[{"embeddable":true,"href":"https:\/\/www.europesays.com\/de\/wp-json\/wp\/v2\/users\/2"}],"replies":[{"embeddable":true,"href":"https:\/\/www.europesays.com\/de\/wp-json\/wp\/v2\/comments?post=1074647"}],"version-history":[{"count":0,"href":"https:\/\/www.europesays.com\/de\/wp-json\/wp\/v2\/posts\/1074647\/revisions"}],"wp:featuredmedia":[{"embeddable":true,"href":"https:\/\/www.europesays.com\/de\/wp-json\/wp\/v2\/media\/1074648"}],"wp:attachment":[{"href":"https:\/\/www.europesays.com\/de\/wp-json\/wp\/v2\/media?parent=1074647"}],"wp:term":[{"taxonomy":"category","embeddable":true,"href":"https:\/\/www.europesays.com\/de\/wp-json\/wp\/v2\/categories?post=1074647"},{"taxonomy":"post_tag","embeddable":true,"href":"https:\/\/www.europesays.com\/de\/wp-json\/wp\/v2\/tags?post=1074647"}],"curies":[{"name":"wp","href":"https:\/\/api.w.org\/{rel}","templated":true}]}}