{"id":1074679,"date":"2026-06-06T16:25:16","date_gmt":"2026-06-06T16:25:16","guid":{"rendered":"https:\/\/www.europesays.com\/de\/1074679\/"},"modified":"2026-06-06T16:25:16","modified_gmt":"2026-06-06T16:25:16","slug":"ungarn-magyar-schraenkt-zugang-fuer-arbeitskraefte-aus-nicht-eu-laendern-ein","status":"publish","type":"post","link":"https:\/\/www.europesays.com\/de\/1074679\/","title":{"rendered":"Ungarn: Magyar schr\u00e4nkt Zugang f\u00fcr Arbeitskr\u00e4fte aus Nicht-EU-L\u00e4ndern ein"},"content":{"rendered":"<p class=\"paragraph article__item\"><a href=\"https:\/\/www.zeit.de\/thema\/ungarn\" target=\"_blank\" rel=\"nofollow noopener\">Ungarn<\/a> hat den Zuzug von Arbeitern aus Nicht-EU-L\u00e4ndern eingeschr\u00e4nkt. Der neue ungarische Ministerpr\u00e4sident <a href=\"https:\/\/www.zeit.de\/thema\/peter-magyar\" target=\"_blank\" rel=\"nofollow noopener\">P\u00e9ter Magyar<\/a> unterzeichnete eine entsprechende Regierungsverordnung, die im ungarischen Amtsblatt ver\u00f6ffentlicht wurde. Demnach sollen neue Aufenthaltsgenehmigungen unter der sogenannten Gastarbeiter-Regelung der Vorg\u00e4ngerregierung von Viktor Orb\u00e1n mit sofortiger Wirkung nicht mehr erteilt werden.\n<\/p>\n<p class=\"paragraph article__item\">Magyar regiert seit dem 9. Mai, nachdem seine b\u00fcrgerliche Tisza-Partei die Parlamentswahl am 12. April klar gewonnen hat. In <a class=\"rtr-entity\" href=\"https:\/\/www.zeit.de\/thema\/ungarn\" rel=\"nofollow noopener\" target=\"_blank\">Ungarn<\/a> sind Sch\u00e4tzungen zufolge rund 90.000 Arbeitnehmer aus Nicht-<a href=\"https:\/\/www.zeit.de\/thema\/europaeische-union\" target=\"_blank\" rel=\"nofollow noopener\">EU<\/a>-L\u00e4ndern besch\u00e4ftigt, das sind rund zwei Prozent der in Ungarn besch\u00e4ftigten Menschen. Sie sind vor allem in der Akkumulator- und Kfz-Industrie, am Bau, als Saisonarbeiter in der Landwirtschaft und bei Lieferdiensten t\u00e4tig. Die meisten von ihnen kommen aus den <a href=\"https:\/\/www.zeit.de\/thema\/philippinen\" target=\"_blank\" rel=\"nofollow noopener\">Philippinen<\/a>, der <a href=\"https:\/\/www.zeit.de\/thema\/krieg-in-ukraine\" target=\"_blank\" rel=\"nofollow noopener\">Ukraine,<\/a> <a href=\"https:\/\/www.zeit.de\/thema\/china\" target=\"_blank\" rel=\"nofollow noopener\">China<\/a>, <a href=\"https:\/\/www.zeit.de\/thema\/vietnam\" target=\"_blank\" rel=\"nofollow noopener\">Vietnam<\/a> und <a href=\"https:\/\/www.zeit.de\/thema\/indien\" target=\"_blank\" rel=\"nofollow noopener\">Indien<\/a>.\n<\/p>\n<p class=\"paragraph article__item\">Die Einschr\u00e4nkung des Zuzugs von sogenannten Gastarbeitern war ein Versprechen in Magyars Wahlkampf. Er begr\u00fcndete das damit, dass mehr Ungarn in Jobs kommen und die Unternehmen davon abgehalten werden sollten, die L\u00f6hne durch die Besch\u00e4ftigung von Ausl\u00e4ndern zu dr\u00fccken. Industrie- und Arbeitgeberverb\u00e4nde wiesen wiederum darauf hin, dass in Ungarn in vielen Branchen Arbeitskr\u00e4ftemangel herrsche.\n<\/p>\n<p>            Kein vollst\u00e4ndiges Ende f\u00fcr die Erteilung von Aufenthaltserlaubnissen an Nicht-EU-B\u00fcrger            <\/p>\n<p class=\"paragraph article__item\">Die Verordnung bestimmt, dass bestehende Aufenthaltsgenehmigungen bis zu<br \/>\nihrem Ablauf g\u00fcltig bleiben. Sie l\u00e4sst offen, ob ablaufende Genehmigungen<br \/>\nverl\u00e4ngert werden k\u00f6nnen. Sie bedeutet kein vollst\u00e4ndiges Ende f\u00fcr die<br \/>\nErteilung von Aufenthaltserlaubnissen an Nicht-EU-B\u00fcrger. Vielmehr bezieht sich<br \/>\nder Stopp auf die vereinfachte Gastarbeiter-Regelung der Orb\u00e1n-Regierung.\n<\/p>\n<p>                            \u00a9\u00a0Lea Dohle<\/p>\n<p>\n                                        Newsletter<br \/>\n                                        Was jetzt? \u2013 Der t\u00e4gliche Morgen\u00fcberblick<\/p>\n<p class=\"newsletter-signup__text\">Starten Sie mit unserem kurzen Nachrichten-Newsletter in den Tag. Erhalten Sie zudem freitags das digitale Magazin ZEIT am Wochenende.<\/p>\n<p class=\"newsletter-signup__datapolicy\" hidden=\"\">\n            Mit Ihrer Registrierung nehmen Sie die <a href=\"https:\/\/datenschutz.zeit.de\/zon#Newsletter\" target=\"_blank\" rel=\"nofollow noopener\">Datenschutzerkl\u00e4rung<\/a> zur Kenntnis.\n        <\/p>\n<p>    Vielen Dank! Wir haben Ihnen eine E-Mail geschickt.<\/p>\n<p>Pr\u00fcfen Sie Ihr Postfach und best\u00e4tigen Sie das Newsletter-Abonnement.<\/p>\n<p class=\"paragraph article__item\">Diese erm\u00f6glichte die relativ reibungslose Rekrutierung von Arbeitskr\u00e4ften<br \/>\nau\u00dferhalb der <a class=\"rtr-entity\" href=\"https:\/\/www.zeit.de\/thema\/europaeische-union\" rel=\"nofollow noopener\" target=\"_blank\">EU<\/a> \u00fcber Vermittlungsagenturen, die von Orb\u00e1n-nahen<br \/>\nGesch\u00e4ftsleuten kontrolliert werden. Auch diese Praxis hatte Magyar im<br \/>\nWahlkampf angeprangert.\n<\/p>\n<p>Mehr zum Thema<\/p>\n<p>            Ungarn         <\/p>\n<p>                <a href=\"https:\/\/www.zeit.de\/2026\/21\/budapest-ungarn-flanieren-geschichte-viktor-orban\" data-ct-label=\"Budapest: Vom pl\u00f6tzlichen Aufatmen einer alten Stadt\" data-uuid=\"a1f0faa4-f866-4c42-86ea-e7419cbf1ffe\" rel=\"nofollow noopener\" target=\"_blank\"><\/p>\n<p>        Z+ (abopflichtiger Inhalt);<\/p>\n<p>    Budapest:<br \/>\n                        Vom pl\u00f6tzlichen Aufatmen einer alten Stadt<\/p>\n<p>                <\/a><\/p>\n<p>                <a href=\"https:\/\/www.zeit.de\/politik\/ausland\/2026-05\/ungarn-peter-magyar-regierung-europaeische-union-gelder\" data-ct-label=\"Ungarn: Wie Magyar das Land umbauen will \u2013 und warum er scheitern k\u00f6nnte\" data-uuid=\"938b9e2d-5e9b-4326-8ad9-d47242ac7a09\" rel=\"nofollow noopener\" target=\"_blank\"><\/p>\n<p>                        Ungarn:<br \/>\n                        Wie Magyar das Land umbauen will \u2013 und warum er scheitern k\u00f6nnte<\/p>\n<p>                <\/a><\/p>\n<p>                <a href=\"https:\/\/www.zeit.de\/2026\/20\/eugh-ungarn-kinderschutzgesetz-art-2-euv\" data-ct-label=\"EuGH-Urteil zu Ungarn: Diese Entscheidung ver\u00e4ndert die Machtverh\u00e4ltnisse in Europa\" data-uuid=\"034ddd25-952b-4ce3-8e0e-a0605cf1891d\" rel=\"nofollow noopener\" target=\"_blank\"><\/p>\n<p>        Z+ (abopflichtiger Inhalt);<\/p>\n<p>    EuGH-Urteil zu Ungarn:<br \/>\n                        Diese Entscheidung ver\u00e4ndert die Machtverh\u00e4ltnisse in Europa<\/p>\n<p>                <\/a><\/p>\n<p class=\"paragraph article__item\">Transparenzhinweis: In einer fr\u00fcheren Version dieses Textes stand, P\u00e9ter Magyar habe den Zugang f\u00fcr Arbeitskr\u00e4fte aus dem EU-Ausland eingeschr\u00e4nkt. Das trifft nicht zu. Wir haben den Fl\u00fcchtigkeitsfehler korrigiert.<\/p>\n","protected":false},"excerpt":{"rendered":"Ungarn hat den Zuzug von Arbeitern aus Nicht-EU-L\u00e4ndern eingeschr\u00e4nkt. Der neue ungarische Ministerpr\u00e4sident P\u00e9ter Magyar unterzeichnete eine entsprechende&hellip;\n","protected":false},"author":2,"featured_media":1074680,"comment_status":"","ping_status":"","sticky":false,"template":"","format":"standard","meta":{"footnotes":"","_share_on_mastodon":"0"},"categories":[3],"tags":[17401,27861,158,80550,13,14,15,129057,16,12,10,8,9,11,501,103,104],"class_list":["post-1074679","post","type-post","status-publish","format-standard","has-post-thumbnail","category-welt","tag-arbeitsplatz","tag-aufenthaltserlaubnis","tag-europaeische-union","tag-gastarbeiter","tag-headlines","tag-nachrichten","tag-news","tag-peter-magyar","tag-politik","tag-schlagzeilen","tag-top-news","tag-top-meldungen","tag-topmeldungen","tag-topnews","tag-ungarn","tag-welt","tag-world"],"share_on_mastodon":{"url":"https:\/\/pubeurope.com\/@de\/116704098829332762","error":""},"_links":{"self":[{"href":"https:\/\/www.europesays.com\/de\/wp-json\/wp\/v2\/posts\/1074679","targetHints":{"allow":["GET"]}}],"collection":[{"href":"https:\/\/www.europesays.com\/de\/wp-json\/wp\/v2\/posts"}],"about":[{"href":"https:\/\/www.europesays.com\/de\/wp-json\/wp\/v2\/types\/post"}],"author":[{"embeddable":true,"href":"https:\/\/www.europesays.com\/de\/wp-json\/wp\/v2\/users\/2"}],"replies":[{"embeddable":true,"href":"https:\/\/www.europesays.com\/de\/wp-json\/wp\/v2\/comments?post=1074679"}],"version-history":[{"count":0,"href":"https:\/\/www.europesays.com\/de\/wp-json\/wp\/v2\/posts\/1074679\/revisions"}],"wp:featuredmedia":[{"embeddable":true,"href":"https:\/\/www.europesays.com\/de\/wp-json\/wp\/v2\/media\/1074680"}],"wp:attachment":[{"href":"https:\/\/www.europesays.com\/de\/wp-json\/wp\/v2\/media?parent=1074679"}],"wp:term":[{"taxonomy":"category","embeddable":true,"href":"https:\/\/www.europesays.com\/de\/wp-json\/wp\/v2\/categories?post=1074679"},{"taxonomy":"post_tag","embeddable":true,"href":"https:\/\/www.europesays.com\/de\/wp-json\/wp\/v2\/tags?post=1074679"}],"curies":[{"name":"wp","href":"https:\/\/api.w.org\/{rel}","templated":true}]}}