{"id":1075043,"date":"2026-06-06T20:14:20","date_gmt":"2026-06-06T20:14:20","guid":{"rendered":"https:\/\/www.europesays.com\/de\/1075043\/"},"modified":"2026-06-06T20:14:20","modified_gmt":"2026-06-06T20:14:20","slug":"auftakt-nach-mass-sankt-pieschen","status":"publish","type":"post","link":"https:\/\/www.europesays.com\/de\/1075043\/","title":{"rendered":"Auftakt nach Ma\u00df: Sankt Pieschen"},"content":{"rendered":"<p>Das Online-Journal Pieschen-Aktuell, gegr\u00fcndet von Winfried Schenk, berichtet t\u00e4glich aus den Stadtteilen \u00dcbigau, Mickten, Pieschen, Kaditz, Wilder Mann, Trachenberge und Trachau. Kurz gesagt: Aus dem ganzen Stadtbezirk Pieschen. Pro Monat folgen rund 60.000 Leserinnen und Leser den Beitr\u00e4gen aus Politik, Kunst und Kultur, Wirtschaft und Alltag. <\/p>\n","protected":false},"excerpt":{"rendered":"Das Online-Journal Pieschen-Aktuell, gegr\u00fcndet von Winfried Schenk, berichtet t\u00e4glich aus den Stadtteilen \u00dcbigau, Mickten, Pieschen, Kaditz, Wilder Mann,&hellip;\n","protected":false},"author":2,"featured_media":1075044,"comment_status":"","ping_status":"","sticky":false,"template":"","format":"standard","meta":{"footnotes":"","_share_on_mastodon":"0"},"categories":[1835],"tags":[3364,29,2386,30,37752,859,225878],"class_list":["post-1075043","post","type-post","status-publish","format-standard","has-post-thumbnail","category-dresden","tag-de","tag-deutschland","tag-dresden","tag-germany","tag-pieschen","tag-sachsen","tag-sankt-pieschen"],"share_on_mastodon":{"url":"https:\/\/pubeurope.com\/@de\/116704999543533299","error":""},"_links":{"self":[{"href":"https:\/\/www.europesays.com\/de\/wp-json\/wp\/v2\/posts\/1075043","targetHints":{"allow":["GET"]}}],"collection":[{"href":"https:\/\/www.europesays.com\/de\/wp-json\/wp\/v2\/posts"}],"about":[{"href":"https:\/\/www.europesays.com\/de\/wp-json\/wp\/v2\/types\/post"}],"author":[{"embeddable":true,"href":"https:\/\/www.europesays.com\/de\/wp-json\/wp\/v2\/users\/2"}],"replies":[{"embeddable":true,"href":"https:\/\/www.europesays.com\/de\/wp-json\/wp\/v2\/comments?post=1075043"}],"version-history":[{"count":0,"href":"https:\/\/www.europesays.com\/de\/wp-json\/wp\/v2\/posts\/1075043\/revisions"}],"wp:featuredmedia":[{"embeddable":true,"href":"https:\/\/www.europesays.com\/de\/wp-json\/wp\/v2\/media\/1075044"}],"wp:attachment":[{"href":"https:\/\/www.europesays.com\/de\/wp-json\/wp\/v2\/media?parent=1075043"}],"wp:term":[{"taxonomy":"category","embeddable":true,"href":"https:\/\/www.europesays.com\/de\/wp-json\/wp\/v2\/categories?post=1075043"},{"taxonomy":"post_tag","embeddable":true,"href":"https:\/\/www.europesays.com\/de\/wp-json\/wp\/v2\/tags?post=1075043"}],"curies":[{"name":"wp","href":"https:\/\/api.w.org\/{rel}","templated":true}]}}