{"id":1075226,"date":"2026-06-06T22:10:16","date_gmt":"2026-06-06T22:10:16","guid":{"rendered":"https:\/\/www.europesays.com\/de\/1075226\/"},"modified":"2026-06-06T22:10:16","modified_gmt":"2026-06-06T22:10:16","slug":"alba-berlin-vergibt-gegen-bamberg-auch-zweiten-matchball-2","status":"publish","type":"post","link":"https:\/\/www.europesays.com\/de\/1075226\/","title":{"rendered":"Alba Berlin vergibt gegen Bamberg auch zweiten Matchball"},"content":{"rendered":"<p class=\"paragraph --regular --color\" data-v-ad2bcb75=\"\" data-v-5c4b7507=\"\">Beide Teams hatten in der sofort intensiv gef\u00fchrten Partie zun\u00e4chst Probleme, ihren Offensivrhythmus zu finden. Alba erwischte zwar mit 6:2 den besseren Start, doch eine schwache Freiwurfquote verhinderte eine gr\u00f6\u00dfere F\u00fchrung. Und so konnte Bamberg gleich mit zwei erfolgreichen Dreiern und besserer Freiwurfverwertung die Partie Ende des ersten Viertels drehen.<\/p>\n","protected":false},"excerpt":{"rendered":"Beide Teams hatten in der sofort intensiv gef\u00fchrten Partie zun\u00e4chst Probleme, ihren Offensivrhythmus zu finden. Alba erwischte zwar&hellip;\n","protected":false},"author":2,"featured_media":1075227,"comment_status":"","ping_status":"","sticky":false,"template":"","format":"standard","meta":{"footnotes":"","_share_on_mastodon":"0"},"categories":[1825],"tags":[1941,1939,16797,16796,16787,296,1937,16795,16785,29,16786,16784,16783,16791,427,347,30,16794,16788,16790,80,5882,2249,14,1940,1938,16789,16793,5661,265,16798,7195,16792],"class_list":["post-1075226","post","type-post","status-publish","format-standard","has-post-thumbnail","category-berlin","tag-aktuelle-nachrichten-aus-berlin","tag-aktuelle-news-aus-berlin","tag-beerfelden","tag-bensheim","tag-bergstrasse","tag-berlin","tag-berlin-news","tag-bickenbach","tag-darmstadt","tag-deutschland","tag-dieburg","tag-echo-online","tag-echo-zeitungen","tag-erbach","tag-esa","tag-fussball","tag-germany","tag-gross-bieberau","tag-gross-gerau","tag-heppenheim","tag-kultur","tag-lokalsport","tag-meldungen","tag-nachrichten","tag-nachrichten-aus-berlin","tag-news-aus-berlin","tag-odenwald","tag-pfungstadt","tag-ruesselsheim","tag-sport","tag-sv-98","tag-vereine","tag-weiterstadt"],"share_on_mastodon":{"url":"","error":""},"_links":{"self":[{"href":"https:\/\/www.europesays.com\/de\/wp-json\/wp\/v2\/posts\/1075226","targetHints":{"allow":["GET"]}}],"collection":[{"href":"https:\/\/www.europesays.com\/de\/wp-json\/wp\/v2\/posts"}],"about":[{"href":"https:\/\/www.europesays.com\/de\/wp-json\/wp\/v2\/types\/post"}],"author":[{"embeddable":true,"href":"https:\/\/www.europesays.com\/de\/wp-json\/wp\/v2\/users\/2"}],"replies":[{"embeddable":true,"href":"https:\/\/www.europesays.com\/de\/wp-json\/wp\/v2\/comments?post=1075226"}],"version-history":[{"count":0,"href":"https:\/\/www.europesays.com\/de\/wp-json\/wp\/v2\/posts\/1075226\/revisions"}],"wp:featuredmedia":[{"embeddable":true,"href":"https:\/\/www.europesays.com\/de\/wp-json\/wp\/v2\/media\/1075227"}],"wp:attachment":[{"href":"https:\/\/www.europesays.com\/de\/wp-json\/wp\/v2\/media?parent=1075226"}],"wp:term":[{"taxonomy":"category","embeddable":true,"href":"https:\/\/www.europesays.com\/de\/wp-json\/wp\/v2\/categories?post=1075226"},{"taxonomy":"post_tag","embeddable":true,"href":"https:\/\/www.europesays.com\/de\/wp-json\/wp\/v2\/tags?post=1075226"}],"curies":[{"name":"wp","href":"https:\/\/api.w.org\/{rel}","templated":true}]}}