{"id":1075236,"date":"2026-06-06T22:15:23","date_gmt":"2026-06-06T22:15:23","guid":{"rendered":"https:\/\/www.europesays.com\/de\/1075236\/"},"modified":"2026-06-06T22:15:23","modified_gmt":"2026-06-06T22:15:23","slug":"fame-fighting-international-die-promi-faeuste-fliegen-jetzt-im-live-ticker-unterhaltung","status":"publish","type":"post","link":"https:\/\/www.europesays.com\/de\/1075236\/","title":{"rendered":"Fame Fighting International: Die Promi-F\u00e4uste fliegen jetzt im Live-Ticker | Unterhaltung"},"content":{"rendered":"<p><img loading=\"lazy\" decoding=\"async\" src=\"https:\/\/www.europesays.com\/de\/wp-content\/uploads\/2026\/06\/vgzm.2150080-6a230f69b20db0d89b656cac.gif\" width=\"1\" height=\"1\" alt=\"\" class=\"vgwort-pixel\"\/>Fame Fighting International: Die Promi-F\u00e4uste fliegen jetzt im Live-TickerFame Fighting x Misfits: Die Promi-Kloppe jetzt LIVE schauen<a class=\"anchor video-teaser__anchor\" href=\"https:\/\/www.bild.de\/specials\/premium-event\/fame-fighting-jetzt-live-die-promi-kloppe-im-stream-und-ticker-6a1d2c5823e28d1fd3a5e3c5\" rel=\"nofollow noopener\" target=\"_blank\"><img fetchpriority=\"high\" decoding=\"async\" width=\"992\" height=\"558\" alt=\"Fame Fighting: Jetzt LIVE! Die Promi-Kloppe im Stream und Ticker\" src=\"https:\/\/www.europesays.com\/de\/wp-content\/uploads\/2026\/06\/43b57e90df4e82102ad7024612db5b54,a35668be.jpeg\"   class=\"landscape teaser__image\" loading=\"eager\"\/><\/a><\/p>\n<p>Quelle: BILD &amp; The Sun | Fame Fighting x Misfits | Externe Quelle: DAZN06.06.2026<\/p>\n<p>06.06.2026 &#8211; 22:14 Uhr <a class=\"skip-content skip-content--link\" href=\"#in-content-skip-link-target-v-0-0\">TTS-Player \u00fcberspringen\u21b5<\/a><a id=\"in-content-skip-link-target-v-0-0\" class=\"skip-content--target-link-hidden skip-content skip-content--target-link\" href=\"#in-content-skip-link-target-v-0-0\">Artikel weiterlesen<\/a><\/p>\n<p>Leverkusen (Nordrhein-Westfalen) \u2013 <b>Der gro\u00dfe Tag ist endlich da. Nicht Weihnachten, nicht Ostern, auch nicht der eigene Geburtstag. Viele sch\u00f6ner als alle zusammen: Fame Fighting International! <\/b><\/p>\n<p><a href=\"https:\/\/www.bild.de\/specials\/premium-event\/fame-fighting-international-bei-bild-hier-anmelden-fuer-die-box-show-des-jahres-69da5a8163f4b33e84862750\" class=\"text-link\" rel=\"nofollow noopener\" target=\"_blank\">Hier noch schnell anmelden und garantiert nichts verpassen.<\/a><\/p>\n<p>Mehr zum Thema<\/p>\n<p>In der Ostermann-Arena in Leverkusen treten jetzt die Fighter in erbarmungslosen Boxk\u00e4mpfen gegeneinander an. Und ja \u2013 das ist genauso aufregend, wie es sich anh\u00f6rt.<\/p>\n<p><b>Die Ankunft der Stars auf dem roten Teppich sahen Sie von 16 Uhr bis 18 Uhr live. Seit 18 Uhr steigt die gro\u00dfe Show \u2013 im Stream und hier im Liveticker. <\/b><\/p>\n<ul class=\"live-ticker__list\">\n<li id=\"6a24896c176ec2e3dbe15e28\" class=\"live-ticker__message\">\n<p>06.06.2026 &#8211; 22:56 Uhr <\/p>\n<p> Erst Fight, jetzt good Night!<\/p>\n<p>Danke, liebe BILD-User, f\u00fcr ein grandioses Box-Spektakel. Danke f\u00fcrs Mitfiebern, Mitzittern und Dranbleiben. Es war uns eine Freude! Und wir sehen uns sp\u00e4testens im Oktober zum leckeren Kloppe-Nachschlag wieder. <\/p>\n<p>Hier noch schnell als Gute-Nacht-H\u00e4ppchen den Fame-Fighting-King mit seinem Gnadenlos-K.o. verschlingen: <\/p>\n<p>Can Kaplan vs. Slim Albaher: Fame-Fighting-King mit Gnadenlos-K.o.<a class=\"anchor video-teaser__anchor\" href=\"https:\/\/www.bild.de\/specials\/premium-event\/can-kaplan-vs-slim-albaher-fame-fighting-king-mit-gnadenlos-k-o-6a243c90b20db0d89b6577fd\" rel=\"nofollow noopener\" target=\"_blank\"><img decoding=\"async\" width=\"992\" height=\"558\" alt=\"\" src=\"https:\/\/www.europesays.com\/de\/wp-content\/uploads\/2026\/06\/54922a0bbb0a204367daabc679912a2b,3ba73182.jpeg\"   class=\"landscape teaser__image\" loading=\"lazy\"\/><\/a><\/p>\n<p>Quelle: BILD06.06.2026<\/p>\n<\/li>\n<li id=\"6a2487d0176ec2e3dbe15e09\" class=\"live-ticker__message\">\n<p>06.06.2026 &#8211; 22:49 Uhr <\/p>\n<p> Wen k\u00fcsst Chase denn hier?<\/p>\n<p>Die Blondine hei\u00dft Gabrielle Moses, Internet-Star mit rund 500.000 Followern auf Instagram. Ist sie etwa die heimliche Freundin von DeMoor? Sagen wir mal so: Dazu will er sich nicht \u00e4u\u00dfern. <\/p>\n<p><img decoding=\"async\" width=\"992\" height=\"1178\" alt=\"\" src=\"https:\/\/www.europesays.com\/de\/wp-content\/uploads\/2026\/06\/0dd7eed81a9cb7538612c52e7fdb85ea,11d00f11.jpeg\"   class=\"portrait\" loading=\"lazy\"\/><\/p>\n<p>Foto: Patric Fouad<\/p>\n<\/li>\n<li id=\"6a24878a176ec2e3dbe15e06\" class=\"live-ticker__message\">\n<p>06.06.2026 &#8211; 22:48 Uhr <\/p>\n<p> Revanche f\u00fcr Aleks?<\/p>\n<p>Nach Fame Fighting ist vor Fame Fighting! Denn so viel d\u00fcrfen wir schon verraten: Das Mega-Box-Spektakel geht im Oktober 2026 weiter. Und h\u00e4lt vielleicht einen neuen Gegner (oder sogar eine Revanche?) f\u00fcr Aleks Petrovic bereit.<\/p>\n<p><img decoding=\"async\" width=\"992\" height=\"558\" alt=\"\" src=\"https:\/\/www.europesays.com\/de\/wp-content\/uploads\/2026\/06\/a2d92649a610b23a8c83c76ec1e3eae7,c016e05d.jpeg\"   class=\"landscape\" loading=\"lazy\"\/><\/p>\n<p>Foto: Patric Fouad<\/p>\n<\/li>\n<li id=\"6a248763333bc86fb57aac2f\" class=\"live-ticker__message\">\n<p>06.06.2026 &#8211; 22:47 Uhr <\/p>\n<p> So schmeckt der Sieg<\/p>\n<p>Lecker Medaille! Chase nimmt sein Sch\u00e4tzchen direkt in den Mund, will den Sieg schmecken.<\/p>\n<p><img decoding=\"async\" width=\"992\" height=\"558\" alt=\"\" src=\"https:\/\/www.europesays.com\/de\/wp-content\/uploads\/2026\/06\/51f29dcc839d098ffa4e65e7352868ba,2fb32421.jpeg\"   class=\"landscape\" loading=\"lazy\"\/><\/p>\n<p>Foto: Patric Fouad<\/p>\n<\/li>\n<li id=\"6a2486a0333bc86fb57aac2a\" class=\"live-ticker__message\">\n<p>06.06.2026 &#8211; 22:44 Uhr <\/p>\n<p> Jetzt spricht der Sieger<\/p>\n<p>\u201eDeutschland, ich liebe euch! Ich will euch wiedersehen im Oktober\u201c, freut sich Chase DeMoor. Der Misfits-Sieger ist nun auch der Fame-Fighting-International-Sieger 2026. Was f\u00fcr eine Leistung. <\/p>\n<p>Auch erkennt er die Leistung von Aleks an, lobt dessen Kampfgeist: \u201eEr ist nicht umgefallen!\u201c <\/p>\n<p><img decoding=\"async\" width=\"992\" height=\"1178\" alt=\"\" src=\"https:\/\/www.europesays.com\/de\/wp-content\/uploads\/2026\/06\/f17c896c3b8193e770a63fae98261067,912e73d7.jpeg\"   class=\"portrait\" loading=\"lazy\"\/><\/p>\n<p>Foto: Patric Fouad<\/p>\n<\/li>\n<li id=\"6a2486288d84dbd8a4ed74be\" class=\"live-ticker__message\">\n<p>06.06.2026 &#8211; 22:42 Uhr <\/p>\n<p> Die ersten Worte von Aleks<\/p>\n<p>\u201eNat\u00fcrlich bin ich entt\u00e4uscht. Wir haben drei Monate hat daran gearbeitet. Ich wusste, dass er schwerer und erfahrener ist. Aber ich danke Gott, dass niemand verletzt wurde. Und ich wei\u00df nicht, ob ihr es gesehen habt, aber: Ich bin mit der Rechten gekommen, weil ich mir die Bizeps-Sehne gerissen habe. Aber davon ab: Ich kam einfach nicht durch\u201c, so Aleks. Denn Chase war am Ende einfach der bessere K\u00e4mpfer.<\/p>\n<p><img decoding=\"async\" width=\"992\" height=\"1379\" alt=\"Schoben den Hass zur Seite: Aleks (r.) gratuliert Chase zum Sieg\" src=\"https:\/\/www.europesays.com\/de\/wp-content\/uploads\/2026\/06\/1a7ca1eb199c67471cabb6d16429e0af,29320a22.jpeg\"   class=\"dynamic\" loading=\"lazy\"\/><\/p>\n<p class=\"fig__caption__text\">Schoben den Hass zur Seite: Aleks (r.) gratuliert Chase zum Sieg<\/p>\n<p>Foto: Patric Fouad<\/p>\n<\/li>\n<li id=\"6a2485fd333bc86fb57aac24\" class=\"live-ticker__message\">\n<p>06.06.2026 &#8211; 22:41 Uhr <\/p>\n<p> Fairer Verlierer<\/p>\n<p>Gro\u00dfe Geste von Verlierer Petrovic: Er h\u00e4lt Chase die Hand hin, schl\u00e4gt mit ihm ein, gratuliert ihm zum Sieg. Auch, wenn dieser sicherlich bitter schmeckt.<\/p>\n<\/li>\n<li id=\"6a2485d6333bc86fb57aac20\" class=\"live-ticker__message\">\n<p>06.06.2026 &#8211; 22:40 Uhr <\/p>\n<p> SIEEEEG!<\/p>\n<p>Chase DeMoor hat deutlich nach Punkten gewonnen!!<\/p>\n<\/li>\n<li id=\"6a24859c8d84dbd8a4ed74b7\" class=\"live-ticker__message\">\n<p>06.06.2026 &#8211; 22:39 Uhr <\/p>\n<p> Ein Foto wie ein Gem\u00e4lde<\/p>\n<p>Diese letzten 6 Runden waren auch ein Feuerwerk f\u00fcr die Augen.<\/p>\n<p><img decoding=\"async\" width=\"992\" height=\"558\" alt=\"\" src=\"https:\/\/www.europesays.com\/de\/wp-content\/uploads\/2026\/06\/26036fef627471b5f6161d0b4462ba0f,79b67f4d.jpeg\"   class=\"landscape\" loading=\"lazy\"\/><\/p>\n<p>Foto: Patric Fouad<\/p>\n<\/li>\n<li id=\"6a24850e333bc86fb57aac17\" class=\"live-ticker__message\">\n<p>06.06.2026 &#8211; 22:37 Uhr <\/p>\n<p> SCHLUSS, AUS, VORBEI!<\/p>\n<p>Der Main Kampf ist durch! Wer wird nach Punkten siegen? Alles deutet auf Chase DeMoor hin!<\/p>\n<\/li>\n<\/ul>\n<p class=\"article-content-user-report\"><a href=\"mailto:fehler-melden-show@bild.de?body=%0A%0A%0AURL%3A%20https%3A%2F%2Fwww.bild.de%2Funterhaltung%2Fstars-und-leute%2Ffame-fighting-international-die-promi-faeuste-fliegen-jetzt-im-live-ticker-6a230f69b20db0d89b656cac%0ADatum%3A%207.6.2026%2C%2000%3A15%3A08%0A\" target=\"_blank\" rel=\"noopener\" class=\"anchor anchor--external\">Haben Sie Fehler entdeckt? M\u00f6chten Sie etwas kritisieren? Dann schreiben Sie uns gerne!<\/a><\/p>\n","protected":false},"excerpt":{"rendered":"Fame Fighting International: Die Promi-F\u00e4uste fliegen jetzt im Live-TickerFame Fighting x Misfits: Die Promi-Kloppe jetzt LIVE schauen Quelle:&hellip;\n","protected":false},"author":2,"featured_media":1075237,"comment_status":"","ping_status":"","sticky":false,"template":"","format":"standard","meta":{"footnotes":"","_share_on_mastodon":"0"},"categories":[1776],"tags":[520,1801,29,214,23937,30,153,37487,1802,1487,215],"class_list":["post-1075236","post","type-post","status-publish","format-standard","has-post-thumbnail","category-prominente","tag-boxen","tag-celebrities","tag-deutschland","tag-entertainment","tag-fame-fighting","tag-germany","tag-influencer","tag-kampfsport","tag-prominente","tag-reality-stars","tag-unterhaltung"],"share_on_mastodon":{"url":"https:\/\/pubeurope.com\/@de\/116705476904579068","error":""},"_links":{"self":[{"href":"https:\/\/www.europesays.com\/de\/wp-json\/wp\/v2\/posts\/1075236","targetHints":{"allow":["GET"]}}],"collection":[{"href":"https:\/\/www.europesays.com\/de\/wp-json\/wp\/v2\/posts"}],"about":[{"href":"https:\/\/www.europesays.com\/de\/wp-json\/wp\/v2\/types\/post"}],"author":[{"embeddable":true,"href":"https:\/\/www.europesays.com\/de\/wp-json\/wp\/v2\/users\/2"}],"replies":[{"embeddable":true,"href":"https:\/\/www.europesays.com\/de\/wp-json\/wp\/v2\/comments?post=1075236"}],"version-history":[{"count":0,"href":"https:\/\/www.europesays.com\/de\/wp-json\/wp\/v2\/posts\/1075236\/revisions"}],"wp:featuredmedia":[{"embeddable":true,"href":"https:\/\/www.europesays.com\/de\/wp-json\/wp\/v2\/media\/1075237"}],"wp:attachment":[{"href":"https:\/\/www.europesays.com\/de\/wp-json\/wp\/v2\/media?parent=1075236"}],"wp:term":[{"taxonomy":"category","embeddable":true,"href":"https:\/\/www.europesays.com\/de\/wp-json\/wp\/v2\/categories?post=1075236"},{"taxonomy":"post_tag","embeddable":true,"href":"https:\/\/www.europesays.com\/de\/wp-json\/wp\/v2\/tags?post=1075236"}],"curies":[{"name":"wp","href":"https:\/\/api.w.org\/{rel}","templated":true}]}}