{"id":1075294,"date":"2026-06-06T22:53:47","date_gmt":"2026-06-06T22:53:47","guid":{"rendered":"https:\/\/www.europesays.com\/de\/1075294\/"},"modified":"2026-06-06T22:53:47","modified_gmt":"2026-06-06T22:53:47","slug":"curacao-wm-start-fuer-ex-bochumer-locadia-nicht-gefaehrdet-2","status":"publish","type":"post","link":"https:\/\/www.europesays.com\/de\/1075294\/","title":{"rendered":"Cura\u00e7ao: WM-Start f\u00fcr Ex-Bochumer Locadia nicht gef\u00e4hrdet"},"content":{"rendered":"<p>\n                                                                        06.06.2026 &#8211; 12:40<br \/>\n                                                    | Quelle: VI\/Transfermarkt |<br \/>\n                            Lesedauer: unter 1 Min.\n                                            <\/p>\n<p>Erster DFB-Gegner\u00a0<\/p>\n<p>                                    <img decoding=\"async\" src=\"https:\/\/www.europesays.com\/de\/wp-content\/uploads\/2026\/06\/jurgen-locadia-curacao-2026-imago1078013709-1780741842-199310.jpg\" title=\"Cura\u00e7ao: WM-Start f\u00fcr Ex-Bochumer Locadia nicht gef\u00e4hrdet\" alt=\"Cura\u00e7ao: WM-Start f\u00fcr Ex-Bochumer Locadia nicht gef\u00e4hrdet\"\/><\/p>\n<p>\n                                       \u00a9IMAGO\n                                    <\/p>\n<p>Bei <a title=\"Cura\u00e7ao\" href=\"https:\/\/www.transfermarkt.ch\/cura-ao\/startseite\/verein\/32364\" target=\"_blank\" rel=\"nofollow noopener\">Cura\u00e7ao<\/a>, dem deutschen Auftaktgegner bei der <a title=\"Weltmeisterschaft\" href=\"https:\/\/www.transfermarkt.ch\/weltmeisterschaft\/startseite\/wettbewerb\/FIWC\" target=\"_blank\" rel=\"nofollow noopener\">Weltmeisterschaft<\/a>, steht der ehemalige Bochum-Profi <a title=\"J\u00fcrgen Locadia\" href=\"https:\/\/www.transfermarkt.ch\/j-rgen-locadia\/profil\/spieler\/166240\" target=\"_blank\" rel=\"nofollow noopener\">J\u00fcrgen Locadia<\/a> zwischenzeitlicher Bedenken zum Trotz f\u00fcr den Start gegen das <a title=\"Deutschland\" href=\"https:\/\/www.transfermarkt.ch\/deutschland\/startseite\/verein\/3262\" target=\"_blank\" rel=\"nofollow noopener\">DFB-Team<\/a> zur Verf\u00fcgung. Der 32-J\u00e4hrige hatte vergangene Woche <a href=\"https:\/\/www.transfermarkt.ch\/spielbericht\/index\/spielbericht\/4844152\" target=\"_blank\" rel=\"nofollow noopener\">im Testspiel gegen Schottland<\/a> einen Platzverweis kassiert. Seine Sperre wurde nun allerdings auf lediglich eine Partie festgelegt. Der 13-fache Nationalspieler kann diese im finalen Testspiel gegen Aruba am Sonntag absitzen.<\/p>\n<p><\/p>\n<p>Marktwert<\/p>\n<p>                <img decoding=\"async\" src=\"https:\/\/www.europesays.com\/de\/wp-content\/uploads\/2026\/06\/166240-1618656133.jpg\" title=\"J\u00fcrgen Locadia\" alt=\"J\u00fcrgen Locadia\" class=\"news-widget--player-img\"\/>                <\/p>\n<p>                        <a title=\"J\u00fcrgen Locadia\" href=\"https:\/\/www.transfermarkt.ch\/jurgen-locadia\/profil\/spieler\/166240\" rel=\"nofollow noopener\" target=\"_blank\">J. Locadia<\/a>                        <\/p>\n<p>                            Mittelst\u00fcrmer                        <\/p>\n<p>\n                            200 Tsd. \u20ac                                                    <\/p>\n<p>                        <a class=\"news-mw-widget--cta\" href=\"https:\/\/www.transfermarkt.ch\/jurgen-locadia\/marktwertverlauf\/spieler\/166240\" onclick=\"tmEvent(&#039;News&#039;, &#039;click&#039;, &#039;Marktwert&#039;);\" rel=\"nofollow noopener\" target=\"_blank\"><\/p>\n<p>Das vom Niederl\u00e4nder <a title=\"Dick Advocaat\" href=\"https:\/\/www.transfermarkt.ch\/dick-advocaat\/profil\/trainer\/3\" target=\"_blank\" rel=\"nofollow noopener\">Dick Advocaat<\/a> trainierte Cura\u00e7ao ist erstmals bei einer WM-Endrunde dabei. Wertvollste Spieler im Kader sind Innenverteidiger <a title=\"Armando Obispo\" href=\"https:\/\/www.transfermarkt.ch\/armando-obispo\/profil\/spieler\/339337\" target=\"_blank\" rel=\"nofollow noopener\">Armando Obispo<\/a> von der PSV Eindhoven sowie Sheffield Uniteds <a title=\"Tahith Chong\" href=\"https:\/\/www.transfermarkt.ch\/tahith-chong\/profil\/spieler\/344830\" target=\"_blank\" rel=\"nofollow noopener\">Tahith Chong<\/a>. <a href=\"https:\/\/www.transfermarkt.ch\/weltmeisterschaft\/teilnehmer\/pokalwettbewerb\/FIWC\/saison_id\/2025\" target=\"_blank\" rel=\"nofollow noopener\">Der 82. der FIFA-Weltrangliste wird in Sachen Kaderwert mit Blick auf die 48 WM-Teilnehmer lediglich von Irak, Jordanien und Katar unterboten<\/a>. Cura\u00e7ao hatte in den letzten drei Testspielen gegen China, Australien und Schottland jeweils Niederlagen mit einem Torverh\u00e4ltnis von 2:11 kassiert.<\/p>\n<p><\/p>\n<p>\n                                        <strong>Hinweis:<\/strong><br \/>\n                                        Wenn du etwas googelst, bekommst du neben den normalen Ergebnissen auch eine Box mit aktuellen News angezeigt. Wenn du Transfermarkt als bevorzugte Quelle hinterlegst, tauchen unsere Inhalte dort h\u00e4ufiger f\u00fcr dich auf.<br \/>\n                                        <a href=\"https:\/\/www.google.com\/preferences\/source?q=transfermarkt.ch\" target=\"_blank\" rel=\"noopener noreferrer nofollow\" onclick=\"tmEvent(&#039;news&#039;,&#039;click&#039;,&#039;google-preferences&#039;);&#010;\"><br \/>\n                                            F\u00fcge Transfermarkt hier als bevorzugte Quelle hinzu.                                        <\/a>\n                                    <\/p>\n<p>                                    <a class=\"link-zur-startseite\" href=\"https:\/\/www.transfermarkt.ch\/\" onclick=\"tmEvent(&#039;newsanzeige-zur-startseite&#039;,&#039;click&#039;,&#039;&#039;);&#010;\" name=\"newsanzeige-zur-startseite\" rel=\"nofollow noopener\" target=\"_blank\"><\/p>\n<p>                                            Zur Startseite<br \/>\n                                        \u00a0<br \/>\n                                    <\/a><\/p>\n<p>                                        <a class=\"fehler-melden-box-link\" href=\"https:\/\/www.transfermarkt.ch\/wm-start-fur-ex-bochumer-locadia-nicht-in-gefahr-curacao-sturmer-nur-ein-spiel-gesperrt\/fehlerformular\/intern\/480718\" rel=\"nofollow noopener\" target=\"_blank\"><\/p>\n<p>Fehler<\/p>\n<p>melden<\/p>\n<p>                                        <\/a><\/p>\n","protected":false},"excerpt":{"rendered":"06.06.2026 &#8211; 12:40 | Quelle: VI\/Transfermarkt | Lesedauer: unter 1 Min. Erster DFB-Gegner\u00a0 \u00a9IMAGO Bei Cura\u00e7ao, dem deutschen&hellip;\n","protected":false},"author":2,"featured_media":1074574,"comment_status":"","ping_status":"","sticky":false,"template":"","format":"standard","meta":{"footnotes":"","_share_on_mastodon":"0"},"categories":[1839],"tags":[7507,33895,3364,29,123214,30,228634,1209,7109],"class_list":["post-1075294","post","type-post","status-publish","format-standard","has-post-thumbnail","category-bochum","tag-bochum","tag-curacao","tag-de","tag-deutschland","tag-dick-advocaat","tag-germany","tag-juergen-locadia","tag-nordrhein-westfalen","tag-weltmeisterschaft"],"share_on_mastodon":{"url":"https:\/\/pubeurope.com\/@de\/116705624689083071","error":""},"_links":{"self":[{"href":"https:\/\/www.europesays.com\/de\/wp-json\/wp\/v2\/posts\/1075294","targetHints":{"allow":["GET"]}}],"collection":[{"href":"https:\/\/www.europesays.com\/de\/wp-json\/wp\/v2\/posts"}],"about":[{"href":"https:\/\/www.europesays.com\/de\/wp-json\/wp\/v2\/types\/post"}],"author":[{"embeddable":true,"href":"https:\/\/www.europesays.com\/de\/wp-json\/wp\/v2\/users\/2"}],"replies":[{"embeddable":true,"href":"https:\/\/www.europesays.com\/de\/wp-json\/wp\/v2\/comments?post=1075294"}],"version-history":[{"count":0,"href":"https:\/\/www.europesays.com\/de\/wp-json\/wp\/v2\/posts\/1075294\/revisions"}],"wp:featuredmedia":[{"embeddable":true,"href":"https:\/\/www.europesays.com\/de\/wp-json\/wp\/v2\/media\/1074574"}],"wp:attachment":[{"href":"https:\/\/www.europesays.com\/de\/wp-json\/wp\/v2\/media?parent=1075294"}],"wp:term":[{"taxonomy":"category","embeddable":true,"href":"https:\/\/www.europesays.com\/de\/wp-json\/wp\/v2\/categories?post=1075294"},{"taxonomy":"post_tag","embeddable":true,"href":"https:\/\/www.europesays.com\/de\/wp-json\/wp\/v2\/tags?post=1075294"}],"curies":[{"name":"wp","href":"https:\/\/api.w.org\/{rel}","templated":true}]}}