{"id":1075428,"date":"2026-06-07T00:12:41","date_gmt":"2026-06-07T00:12:41","guid":{"rendered":"https:\/\/www.europesays.com\/de\/1075428\/"},"modified":"2026-06-07T00:12:41","modified_gmt":"2026-06-07T00:12:41","slug":"aktion-in-muenster-organspende-tattoo-75-klinikmitarbeiter-setzen-zeichen-2","status":"publish","type":"post","link":"https:\/\/www.europesays.com\/de\/1075428\/","title":{"rendered":"Aktion in M\u00fcnster: Organspende-Tattoo: 75 Klinikmitarbeiter setzen Zeichen"},"content":{"rendered":"<p class=\"paragraph article__item\">75 Mitarbeiter der Universit\u00e4tsklinik <a class=\"rtr-entity\" href=\"https:\/\/www.zeit.de\/thema\/muenster\" rel=\"nofollow noopener\" target=\"_blank\">M\u00fcnster<\/a> (UKM) haben sich vor dem Tag der Organspende am Samstag ein Tattoo stechen lassen. Auf die Haut gab es von f\u00fcnf T\u00e4towierern ein Organspende-Symbol. Den genauen Ort am K\u00f6rper und die Gr\u00f6\u00dfe konnte die Mitarbeiter frei w\u00e4hlen. Das Motiv zeigt einen Halbkreis, der mit einem weiteren Halbkreis zu einem Ganzen erg\u00e4nzt wird.\u00a0\n<\/p>\n<p>Aktuelles<\/p>\n<p>                <a href=\"https:\/\/www.zeit.de\/gesundheit\/2026-05\/drogenaffinitaetsstudie-2025-rauchen-jugendliche-vapes-nikotinprodukte-gxe\" data-ct-label=\"Drogenaffinit\u00e4tsstudie: Mehr Jugendliche rauchen und vapen\" data-uuid=\"ebde4abf-f931-43b4-b464-b2c59c8d776c\" rel=\"nofollow noopener\" target=\"_blank\"><\/p>\n<p>                        Drogenaffinit\u00e4tsstudie:<br \/>\n                        Mehr Jugendliche rauchen und vapen<\/p>\n<p>                <\/a><\/p>\n<p>                <a href=\"https:\/\/www.zeit.de\/2026\/22\/sexuelle-uebergriffe-taetowierer-tattoo-studios-justiz\" data-ct-label=\"Sexuelle \u00dcbergriffe durch T\u00e4towierer: Jeden Tag erinnert sie das Tattoo an ihren Vergewaltiger\" data-uuid=\"8ebffa16-5240-434e-8152-0354dc508aef\" rel=\"nofollow noopener\" target=\"_blank\"><\/p>\n<p>        Z+ (abopflichtiger Inhalt);<\/p>\n<p>    Sexuelle \u00dcbergriffe durch T\u00e4towierer:<br \/>\n                        Jeden Tag erinnert sie das Tattoo an ihren Vergewaltiger<\/p>\n<p>                <\/a><\/p>\n<p>                <a href=\"https:\/\/www.zeit.de\/gesundheit\/2026-06\/organspende-zahlen-spender-deutschland-dso-gxe\" data-ct-label=\"Organspende: Mehr Menschen spenden Organe f\u00fcr Transplantation\" data-uuid=\"46b19bc9-b8eb-4e75-9970-339a8bff2bed\" rel=\"nofollow noopener\" target=\"_blank\"><\/p>\n<p>                        Organspende:<br \/>\n                        Mehr Menschen spenden Organe f\u00fcr Transplantation<\/p>\n<p>                <\/a><\/p>\n<p class=\"paragraph article__item\">Nach Angaben eines UKM-Sprechers war das Interesse an der Aktion gro\u00df. Von den mehr als 11.000 Mitarbeitern hatten sich knapp 300 um einen der 75 Stechtermine beworben. Am Ende musste das Los entscheiden.\u00a0\n<\/p>\n<p class=\"paragraph article__item\">\u00c4hnliche Aktionen, um auf den Tag der <a class=\"rtr-entity\" href=\"https:\/\/www.zeit.de\/thema\/organspende\" rel=\"nofollow noopener\" target=\"_blank\">Organspende<\/a> immer am 1. Samstag im Juni aufmerksam zu machen, gab es in den vergangenen Jahren an verschiedenen Orten. Erfunden wurde die private Kampagne \u00abOpt.Ink\u00bb vom Verein Junge Helden, der sich seit 2003 f\u00fcr Aufkl\u00e4rung rund um das Thema Organspende einsetzt, wie das Bundesinstitut f\u00fcr \u00d6ffentliche Gesundheit (BI\u00d6G) erkl\u00e4rt.\u00a0\n<\/p>\n<p>            Rechtlich nicht bindend            <\/p>\n<p class=\"paragraph article__item\">Rechtlich ist so ein gestochenes Tattoo nicht bindend und ersetzt keinen Organspendeausweis. Das Zeichen auf der Haut soll nicht nur die eigene Bereitschaft zur Organspende signalisieren, sondern auch Gespr\u00e4che und Bewusstsein in der Gesellschaft f\u00f6rdern, erkl\u00e4rt das BI\u00d6G.\u00a0\n<\/p>\n<p class=\"paragraph article__item\">Nach Angaben des nordrhein-westf\u00e4lischen Gesundheitsministeriums warten derzeit 1.700 Menschen in NRW auf ein Spenderorgan. 2025 wurden dagegen nur 590 Organe gespendet. Nach Einsch\u00e4tzung des Ministeriums ist die Spendenbereitschaft laut Mitteilung zwar hoch, oft sei sie aber nicht dokumentiert. Deshalb appelliert Gesundheitsminister Karl-Josef Laumann (CDU) an die Menschen, ihre Entscheidung mit einem Organspendeausweis oder im Organspende-Register festzuhalten.\u00a0\n<\/p>\n<p class=\"paragraph article__item\">NRW macht sich derzeit mit sieben weiteren Bundesl\u00e4ndern im Bundesrat f\u00fcr die Einf\u00fchrung der Widerspruchsl\u00f6sung stark. Dabei w\u00fcrden alle vollj\u00e4hrigen Menschen in Deutschland als Organspender gelten, solange sie nicht aktiv widersprechen. Entscheiden muss jetzt der Bundestag.\n<\/p>\n<p class=\"paragraph article__item\">\u00a9 dpa-infocom, dpa:260605-930-178542\/2<\/p>\n","protected":false},"excerpt":{"rendered":"75 Mitarbeiter der Universit\u00e4tsklinik M\u00fcnster (UKM) haben sich vor dem Tag der Organspende am Samstag ein Tattoo stechen&hellip;\n","protected":false},"author":2,"featured_media":1075429,"comment_status":"","ping_status":"","sticky":false,"template":"","format":"standard","meta":{"footnotes":"","_share_on_mastodon":"0"},"categories":[1843],"tags":[228709,3364,29,30,8970,15,1209,10909,3356,20953],"class_list":["post-1075428","post","type-post","status-publish","format-standard","has-post-thumbnail","category-muenster","tag-aktion-in-muenster","tag-de","tag-deutschland","tag-germany","tag-muenster","tag-news","tag-nordrhein-westfalen","tag-organspende","tag-tattoo","tag-uniklinik"],"share_on_mastodon":{"url":"https:\/\/pubeurope.com\/@de\/116705935097266573","error":""},"_links":{"self":[{"href":"https:\/\/www.europesays.com\/de\/wp-json\/wp\/v2\/posts\/1075428","targetHints":{"allow":["GET"]}}],"collection":[{"href":"https:\/\/www.europesays.com\/de\/wp-json\/wp\/v2\/posts"}],"about":[{"href":"https:\/\/www.europesays.com\/de\/wp-json\/wp\/v2\/types\/post"}],"author":[{"embeddable":true,"href":"https:\/\/www.europesays.com\/de\/wp-json\/wp\/v2\/users\/2"}],"replies":[{"embeddable":true,"href":"https:\/\/www.europesays.com\/de\/wp-json\/wp\/v2\/comments?post=1075428"}],"version-history":[{"count":0,"href":"https:\/\/www.europesays.com\/de\/wp-json\/wp\/v2\/posts\/1075428\/revisions"}],"wp:featuredmedia":[{"embeddable":true,"href":"https:\/\/www.europesays.com\/de\/wp-json\/wp\/v2\/media\/1075429"}],"wp:attachment":[{"href":"https:\/\/www.europesays.com\/de\/wp-json\/wp\/v2\/media?parent=1075428"}],"wp:term":[{"taxonomy":"category","embeddable":true,"href":"https:\/\/www.europesays.com\/de\/wp-json\/wp\/v2\/categories?post=1075428"},{"taxonomy":"post_tag","embeddable":true,"href":"https:\/\/www.europesays.com\/de\/wp-json\/wp\/v2\/tags?post=1075428"}],"curies":[{"name":"wp","href":"https:\/\/api.w.org\/{rel}","templated":true}]}}