{"id":1075562,"date":"2026-06-07T01:41:36","date_gmt":"2026-06-07T01:41:36","guid":{"rendered":"https:\/\/www.europesays.com\/de\/1075562\/"},"modified":"2026-06-07T01:41:36","modified_gmt":"2026-06-07T01:41:36","slug":"offener-smartphone-treff-fuer-seniorinnen-und-senioren-in-der-stadtbibliothek","status":"publish","type":"post","link":"https:\/\/www.europesays.com\/de\/1075562\/","title":{"rendered":"Offener Smartphone-Treff f\u00fcr Seniorinnen und Senioren in der Stadtbibliothek"},"content":{"rendered":"<p><img loading=\"lazy\" decoding=\"async\" src=\"https:\/\/www.europesays.com\/de\/wp-content\/uploads\/2026\/06\/logo-1-1-4-22.jpg\" alt=\"Logo 1 1\" width=\"900\" height=\"500\" class=\"alignnone size-full wp-image-640265\"  \/>Mannheim \/ Metropolregion Rhein-Neckar \u2013 Fragen zum Smartphone? Beim offenen Smartphone-Treff f\u00fcr Seniorinnen und Senioren haben Interessierte in entspannter Atmosph\u00e4re die M\u00f6glichkeit, Fragen zu ihrem Smartphone oder Tablet zu stellen, sich auszutauschen und gemeinsam L\u00f6sungen f\u00fcr technische und inhaltliche Herausforderungen zu finden.<\/p>\n<p>Der Treff richtet sich ausdr\u00fccklich auch an Einsteigerinnen und Einsteiger, Vorkenntnisse sind nicht erforderlich. Begleitet wird das Treffen von Mitarbeitenden der Stadtbibliothek sowie engagierten Unterst\u00fctzenden, die bei individuellen Anliegen helfen und praktische Tipps geben.<br \/>Das n\u00e4chste Treffen findet<\/p>\n<p>am Donnerstag, 11. Juni 2026, 10 bis 11:30 Uhr<br \/>in der Zentralbibliothek im Stadthaus N1, 1. OG<\/p>\n<p>statt. Die weiteren Termine sind:<\/p>\n<p>9. Juli<br \/>3. September<br \/>1. Oktober<br \/>5. November<br \/>3. Dezember.<\/p>\n<p>Quelle: Stadt Mannheim<\/p>\n<p class=\"post-modified-info\">Zuletzt aktualisiert am 6. Juni 2026, 07:22<\/p>\n","protected":false},"excerpt":{"rendered":"Mannheim \/ Metropolregion Rhein-Neckar \u2013 Fragen zum Smartphone? Beim offenen Smartphone-Treff f\u00fcr Seniorinnen und Senioren haben Interessierte in&hellip;\n","protected":false},"author":2,"featured_media":1075563,"comment_status":"","ping_status":"","sticky":false,"template":"","format":"standard","meta":{"footnotes":"","_share_on_mastodon":"0"},"categories":[1845],"tags":[11684,11214,1634,3364,29,26417,548,663,3934,30,13,2096,25488,25489,66114,14,14480,15,31296,5206,28951,12,769,3041,64611,4947,21697,8862,1467,4201,3897],"class_list":["post-1075562","post","type-post","status-publish","format-standard","has-post-thumbnail","category-mannheim","tag-seniorinnen","tag-11214","tag-baden-wuerttemberg","tag-de","tag-deutschland","tag-donnerstag","tag-eu","tag-europa","tag-europe","tag-germany","tag-headlines","tag-mannheim","tag-metropolregion","tag-metropolregion-rhein-neckar","tag-mitarbeitenden","tag-nachrichten","tag-neckar","tag-news","tag-oktober","tag-rhein","tag-rhein-neckar","tag-schlagzeilen","tag-smartphone","tag-stadt","tag-stadt-mannheim","tag-stadtbibliothek","tag-tablet","tag-termine","tag-tipps","tag-treffen","tag-zentralbibliothek"],"share_on_mastodon":{"url":"https:\/\/pubeurope.com\/@de\/116706285170107557","error":""},"_links":{"self":[{"href":"https:\/\/www.europesays.com\/de\/wp-json\/wp\/v2\/posts\/1075562","targetHints":{"allow":["GET"]}}],"collection":[{"href":"https:\/\/www.europesays.com\/de\/wp-json\/wp\/v2\/posts"}],"about":[{"href":"https:\/\/www.europesays.com\/de\/wp-json\/wp\/v2\/types\/post"}],"author":[{"embeddable":true,"href":"https:\/\/www.europesays.com\/de\/wp-json\/wp\/v2\/users\/2"}],"replies":[{"embeddable":true,"href":"https:\/\/www.europesays.com\/de\/wp-json\/wp\/v2\/comments?post=1075562"}],"version-history":[{"count":0,"href":"https:\/\/www.europesays.com\/de\/wp-json\/wp\/v2\/posts\/1075562\/revisions"}],"wp:featuredmedia":[{"embeddable":true,"href":"https:\/\/www.europesays.com\/de\/wp-json\/wp\/v2\/media\/1075563"}],"wp:attachment":[{"href":"https:\/\/www.europesays.com\/de\/wp-json\/wp\/v2\/media?parent=1075562"}],"wp:term":[{"taxonomy":"category","embeddable":true,"href":"https:\/\/www.europesays.com\/de\/wp-json\/wp\/v2\/categories?post=1075562"},{"taxonomy":"post_tag","embeddable":true,"href":"https:\/\/www.europesays.com\/de\/wp-json\/wp\/v2\/tags?post=1075562"}],"curies":[{"name":"wp","href":"https:\/\/api.w.org\/{rel}","templated":true}]}}