{"id":1075773,"date":"2026-06-07T04:03:25","date_gmt":"2026-06-07T04:03:25","guid":{"rendered":"https:\/\/www.europesays.com\/de\/1075773\/"},"modified":"2026-06-07T04:03:25","modified_gmt":"2026-06-07T04:03:25","slug":"filderstadt-kurios-22-jaehriger-ruft-polizei-zu-einem-unfall-und-sagt-nichts","status":"publish","type":"post","link":"https:\/\/www.europesays.com\/de\/1075773\/","title":{"rendered":"Filderstadt: \u201eKurios\u201c: 22-J\u00e4hriger ruft Polizei zu einem Unfall \u2013 und sagt nichts"},"content":{"rendered":"<p>Die <a href=\"https:\/\/www.stuttgarter-zeitung.de\/thema\/Polizei\" title=\"Polizei\" class=\"art_thema\" rel=\"nofollow noopener\" target=\"_blank\">Polizei<\/a> vermeldet einen \u201ekuriosen Unfallhergang\u201c am vergangenen Freitag in <a href=\"https:\/\/www.stuttgarter-zeitung.de\/thema\/Filderstadt\" title=\"Filderstadt\" class=\"art_thema\" rel=\"nofollow noopener\" target=\"_blank\">Filderstadt<\/a>. Nach Angaben der Beamten nahm am Freitagabend gegen 19 Uhr ein 22-J\u00e4hriger wegen eines Verkehrsunfalls Kontakt <a href=\"https:\/\/www.stuttgarter-zeitung.de\/inhalt.illegales-autorennen-in-esslingen-mustang-und-seat-fahrer-fluechten-zu-fuss-vor-polizei.a0dc95fd-999f-4c93-89af-0af0e970ad62.html\" target=\"_blank\" rel=\"nofollow noopener\">zur Polizei auf<\/a>. Der Mann war demnach in einem Opel die T\u00fcbinger Stra\u00dfe von Plattenhardt kommend in Richtung Bernhausen unterwegs gewesen. <\/p>\n<p>Die Verkehrspolizei <a href=\"https:\/\/www.stuttgarter-zeitung.de\/thema\/Esslingen\" title=\"Esslingen\" class=\"art_thema\" rel=\"nofollow noopener\" target=\"_blank\">Esslingen<\/a> traf ein und entdeckte entlang der rechten Fahrzeugseite des Opels verschiedene Besch\u00e4digungen. Was also war passiert? Der 22-J\u00e4hrige \u00e4u\u00dferte nun, \u201enichts zum eigentlichen <a href=\"https:\/\/www.stuttgarter-zeitung.de\/thema\/Unfall\" title=\"Unfall\" class=\"art_thema\" rel=\"nofollow noopener\" target=\"_blank\">Unfall<\/a> sagen zu k\u00f6nnen\u201c. Auch sein Beifahrer gab laut Polizei an, keine n\u00e4heren Angaben parat zu haben \u2013 er habe geschlafen. <\/p>\n<p> Unfall in Filderstadt: Polizei entdeckt Sch\u00e4den <\/p>\n<p>Die Beamten nahmen den Unfall weiter auf und bemerkten \u201eauff\u00e4llige Besch\u00e4digungen im Bankett sowie am Verkehrsgitter im Bereich des dortigen Kreisverkehrs\u201c. Die Besch\u00e4digungen stimmten offenbar mit denen am Fahrzeug \u00fcberein. Die Polizei schlie\u00dft: \u201eDer Spurenlage zu Folge muss der 22-j\u00e4hrige mit seinem Opel kurz nach Verlassen des Kreisverkehrs von der Fahrbahn abgekommen sein, befuhr dann wieder die T\u00fcbinger Stra\u00dfe und kam letztlich an einer Fu\u00dfg\u00e4ngerfurt erneut von der Fahrbahn ab.\u201c Der Grund laut den Beamten: Unachtsamkeit.<\/p>\n<p>  <img decoding=\"async\" loading=\"lazy\" src=\"https:\/\/www.europesays.com\/de\/wp-content\/uploads\/2026\/06\/media.media.08833f27-6ad8-4f3a-89ba-63f3e61547e7.original1024.media.jpeg\"\/>     Als \u201e  <a href=\"https:\/\/www.stuttgarter-zeitung.de\/thema\/kurios\" title=\"kurios\" class=\"art_thema\" rel=\"nofollow noopener\" target=\"_blank\">kurios<\/a>\u201c beschreiben die Polizisten den Unfallhergang.    Foto: Marijan Murat\/dpa (Symbolbild)    <\/p>\n<p>Im Rahmen der Unfallaufnahme soll der 22-j\u00e4hrige \u00fcber medizinische Probleme geklagt haben, ein Rettungsdienst wurde hinzugezogen. In eine Klinik musste der Mann jedoch nicht. Am nicht mehr fahrbereiten Opel entstand ein Schaden in H\u00f6he von etwa 10.000 Euro. Der Schaden am Bankett und an dem Verkehrsgitter bel\u00e4uft sich nach bisherigen Erkenntnissen auf rund 1.000 Euro. <\/p>\n","protected":false},"excerpt":{"rendered":"Die Polizei vermeldet einen \u201ekuriosen Unfallhergang\u201c am vergangenen Freitag in Filderstadt. Nach Angaben der Beamten nahm am Freitagabend&hellip;\n","protected":false},"author":2,"featured_media":1075774,"comment_status":"","ping_status":"","sticky":false,"template":"","format":"standard","meta":{"footnotes":"","_share_on_mastodon":"0"},"categories":[1830],"tags":[1634,3364,29,3439,10050,30,39062,3438,121,3440,1441,1284],"class_list":["post-1075773","post","type-post","status-publish","format-standard","has-post-thumbnail","category-stuttgart","tag-baden-wuerttemberg","tag-de","tag-deutschland","tag-esslingen","tag-filderstadt","tag-germany","tag-kurios","tag-landkreis-esslingen","tag-polizei","tag-polizeibericht-region-stuttgart","tag-stuttgart","tag-unfall"],"share_on_mastodon":{"url":"https:\/\/pubeurope.com\/@de\/116706843753518825","error":""},"_links":{"self":[{"href":"https:\/\/www.europesays.com\/de\/wp-json\/wp\/v2\/posts\/1075773","targetHints":{"allow":["GET"]}}],"collection":[{"href":"https:\/\/www.europesays.com\/de\/wp-json\/wp\/v2\/posts"}],"about":[{"href":"https:\/\/www.europesays.com\/de\/wp-json\/wp\/v2\/types\/post"}],"author":[{"embeddable":true,"href":"https:\/\/www.europesays.com\/de\/wp-json\/wp\/v2\/users\/2"}],"replies":[{"embeddable":true,"href":"https:\/\/www.europesays.com\/de\/wp-json\/wp\/v2\/comments?post=1075773"}],"version-history":[{"count":0,"href":"https:\/\/www.europesays.com\/de\/wp-json\/wp\/v2\/posts\/1075773\/revisions"}],"wp:featuredmedia":[{"embeddable":true,"href":"https:\/\/www.europesays.com\/de\/wp-json\/wp\/v2\/media\/1075774"}],"wp:attachment":[{"href":"https:\/\/www.europesays.com\/de\/wp-json\/wp\/v2\/media?parent=1075773"}],"wp:term":[{"taxonomy":"category","embeddable":true,"href":"https:\/\/www.europesays.com\/de\/wp-json\/wp\/v2\/categories?post=1075773"},{"taxonomy":"post_tag","embeddable":true,"href":"https:\/\/www.europesays.com\/de\/wp-json\/wp\/v2\/tags?post=1075773"}],"curies":[{"name":"wp","href":"https:\/\/api.w.org\/{rel}","templated":true}]}}