{"id":1076174,"date":"2026-06-07T08:28:15","date_gmt":"2026-06-07T08:28:15","guid":{"rendered":"https:\/\/www.europesays.com\/de\/1076174\/"},"modified":"2026-06-07T08:28:15","modified_gmt":"2026-06-07T08:28:15","slug":"fc-st-pauli-pokal-knaller-bei-rw-essen-golz-heiss-auf-st-pauli-sport","status":"publish","type":"post","link":"https:\/\/www.europesays.com\/de\/1076174\/","title":{"rendered":"FC St. Pauli: Pokal-Knaller bei RW Essen! Golz hei\u00df auf St.\u00a0Pauli | Sport"},"content":{"rendered":"<p><a class=\"skip-content skip-content--link\" href=\"#in-content-skip-link-target-v-0-0\">TTS-Player \u00fcberspringen\u21b5<\/a><a id=\"in-content-skip-link-target-v-0-0\" class=\"skip-content--target-link-hidden skip-content skip-content--target-link\" href=\"#in-content-skip-link-target-v-0-0\">Artikel weiterlesen<\/a><\/p>\n<p data-21134c99=\"0-1932\"><b>Den <\/b><a href=\"https:\/\/www.bild.de\/sport\/fussball\/st-pauli\/startseite-pauli-31148670.bild.html\" class=\"text-link\" rel=\"nofollow noopener\" target=\"_blank\"><b>FC St. Pauli<\/b><\/a><b> erwartet eine hei\u00dfe Kiste. In der 1. Runde des DFB-Pokals muss der <\/b><a href=\"https:\/\/www.bild.de\/sport\/fussball\/bundesliga\/bundesliga-startseite-52368768.bild.html\" class=\"text-link\" rel=\"nofollow noopener\" target=\"_blank\"><b>Bundesliga<\/b><\/a><b>-Absteiger zum Fast-Zweitligisten RW Essen, der in der Relegation nur knapp an Greuther F\u00fcrth (1:0, 0:2) gescheitert war. Ein geb\u00fcrtiger Hamburger blickt schon voller Vorfreude auf das Pokal-Duell.<\/b><\/p>\n<p>Golz hei\u00df auf den FC St. Pauli<\/p>\n<p data-21134c99=\"0-1932\">Im Kasten der Essener steht seit 2019 ein in Hamburg bekannter Name: Jakob Golz (27), der Sohn der HSV-Legende Richard Golz (58). Der bestritt 273 Spiele f\u00fcr den Stadtrivalen, darunter auch zwei Derbys in der Saison 1995\/96 (1:0, 1:1). Jakob Golz durfte mit Essen vor drei Jahren schon mal gegen den HSV ran, verlor 3:4.<\/p>\n<p data-21134c99=\"0-1932\">Jetzt geht\u2019s gegen St. Pauli. Auch da hat Jakob Golz schon seine Erfahrungen. Mit der U19 vom HSV bestritt er drei Derbys (2 Siege, ein Remis). Papa Richard, der vor ein paar Tagen das Relegations-Hinspiel gegen F\u00fcrth im TV als Co-Kommentator begleitete, hat jedenfalls seine Unterst\u00fctzung zugesagt, will bei dem Pokal-Fight an der Hafenstra\u00dfe vor Ort sein.<\/p>\n<p data-21134c99=\"0-1932\">Dass eine schwere Aufgabe auf die Kiez-Kicker mit Neu-Trainer Marcel Rapp (47) zukommt, wei\u00df auch Sportchef Andreas Bornemann (54): \u201eRot-Wei\u00df Essen ist sportlich ein schwieriges Los. Dazu erwartet uns an der Hafenstra\u00dfe eine sehr intensive Atmosph\u00e4re. Genau solche Spiele machen den DFB-Pokal aber aus. Wir werden diese Aufgabe ganz sicher nicht untersch\u00e4tzen.\u201c<\/p>\n<p>Mehr zum Thema<\/p>\n<p data-21134c99=\"0-1932\">Und weiter: \u201eWir haben gro\u00dfe Lust auf diesen Wettbewerb. Wir standen in den vergangenen f\u00fcnf Jahren im DFB-Pokal dreimal im Viertelfinale und wollen auch in dieser Saison eine gute Rolle spielen.\u201c Durch diese Erfolge nahm der Kiez-Klub um die 7,5 Mio. Euro im DFB-Pokal ein.<\/p>\n<p data-21134c99=\"0-1932\">Der letzte sportliche Vergleich mit Essen liegt schon 20 Jahre zur\u00fcck. In der damals zweigeteilten dritten Liga verlor St. Pauli 0:2 an der Hafenstra\u00dfe, wurde in der Spielzeit 2005\/2006 nur F\u00fcnfter, w\u00e4hrend die Essener als Meister in die 2.\u00a0Bundesliga aufstiegen.<\/p>\n","protected":false},"excerpt":{"rendered":"TTS-Player \u00fcberspringen\u21b5Artikel weiterlesen Den FC St. Pauli erwartet eine hei\u00dfe Kiste. In der 1. Runde des DFB-Pokals muss&hellip;\n","protected":false},"author":2,"featured_media":1076175,"comment_status":"","ping_status":"","sticky":false,"template":"","format":"standard","meta":{"footnotes":"","_share_on_mastodon":"0"},"categories":[1834],"tags":[34458,3364,29,1264,3688,459,30,60446,1209,48043,542,784],"class_list":["post-1076174","post","type-post","status-publish","format-standard","has-post-thumbnail","category-essen","tag-bornemann-andreas","tag-de","tag-deutschland","tag-dfb-pokal","tag-essen","tag-fc-st-pauli","tag-germany","tag-golz-richard","tag-nordrhein-westfalen","tag-rapp-marcel","tag-sport-leuchtturm-hamburg","tag-zweite-bundesliga"],"share_on_mastodon":{"url":"","error":""},"_links":{"self":[{"href":"https:\/\/www.europesays.com\/de\/wp-json\/wp\/v2\/posts\/1076174","targetHints":{"allow":["GET"]}}],"collection":[{"href":"https:\/\/www.europesays.com\/de\/wp-json\/wp\/v2\/posts"}],"about":[{"href":"https:\/\/www.europesays.com\/de\/wp-json\/wp\/v2\/types\/post"}],"author":[{"embeddable":true,"href":"https:\/\/www.europesays.com\/de\/wp-json\/wp\/v2\/users\/2"}],"replies":[{"embeddable":true,"href":"https:\/\/www.europesays.com\/de\/wp-json\/wp\/v2\/comments?post=1076174"}],"version-history":[{"count":0,"href":"https:\/\/www.europesays.com\/de\/wp-json\/wp\/v2\/posts\/1076174\/revisions"}],"wp:featuredmedia":[{"embeddable":true,"href":"https:\/\/www.europesays.com\/de\/wp-json\/wp\/v2\/media\/1076175"}],"wp:attachment":[{"href":"https:\/\/www.europesays.com\/de\/wp-json\/wp\/v2\/media?parent=1076174"}],"wp:term":[{"taxonomy":"category","embeddable":true,"href":"https:\/\/www.europesays.com\/de\/wp-json\/wp\/v2\/categories?post=1076174"},{"taxonomy":"post_tag","embeddable":true,"href":"https:\/\/www.europesays.com\/de\/wp-json\/wp\/v2\/tags?post=1076174"}],"curies":[{"name":"wp","href":"https:\/\/api.w.org\/{rel}","templated":true}]}}