{"id":1076199,"date":"2026-06-07T08:43:20","date_gmt":"2026-06-07T08:43:20","guid":{"rendered":"https:\/\/www.europesays.com\/de\/1076199\/"},"modified":"2026-06-07T08:43:20","modified_gmt":"2026-06-07T08:43:20","slug":"muenchen-wetter-sommer-kehrt-zurueck-aber-nur-kurz","status":"publish","type":"post","link":"https:\/\/www.europesays.com\/de\/1076199\/","title":{"rendered":"M\u00fcnchen Wetter: Sommer kehrt zur\u00fcck \u2013 aber nur kurz"},"content":{"rendered":"<p>H\u00f6chstwerte bis 27 Grad <\/p>\n<p>Sommerwetter kehrt zur\u00fcck \u2013 aber nur kurz<\/p>\n<p>07.06.2026 &#8211; 10:37 UhrLesedauer: 1 Min.<\/p>\n<p><a href=\"#focus-0\" class=\"transition-colors duration-200 block text-current relative\" data-sctrack=\"FocusGalleryImage.Reference\"><img fetchpriority=\"high\" data-testid=\"Opener.Image\"   loading=\"eager\" src=\"https:\/\/www.europesays.com\/de\/wp-content\/uploads\/2026\/06\/hunderte-badegaeste-suchen-abkuehlung-am-eisbach-fruehsommer-im-englischen-garten-gruene-oase-mitten.jpeg\" alt=\"imago images 0857912465\" title=\"imago images 0857912465\" width=\"4000\" height=\"2250\" class=\"bg-[url:var(--lqipURL)] bg-cover bg-center flex h-full w-full max-w-full\" style=\"--lqipURL:url('https:\/\/images.t-online.de\/2026\/06\/DX0VllBeJRaT\/0x209:4000x2250\/fit-in\/150x0\/filters:blur(25)\/hunderte-badegaeste-suchen-abkuehlung-am-eisbach-fruehsommer-im-englischen-garten-gruene-oase-mitten-in-der-stadt-muenchen-29-mai-2026-deutschland-muenchen-29-mai-2026-die-sommerliche-hitze-lockt-hunderte-badegaeste-an-die-ufer-des-eisbachs-menschen-baden-treiben-im-wasser-suchen-schatten-unter-den-alten-baeumen-der-englische-garten-als-gruene-oase-mitten-in-der-stadt-fruehsommerliche-idylle-typisch-muenchen-freitagnachmittag-freizeit-wochenende-fruehsommer-fruehling-bayern-hundreds-of-bathers.jpg')\" decoding=\"async\"\/><img loading=\"lazy\" src=\"https:\/\/muenchen.t-online.de\/s\/paper\/_next\/static\/media\/zoom-in.f7dae02f.svg\" alt=\"Vergr\u00f6\u00dfern des Bildes\" title=\"Vergr\u00f6\u00dfern des Bildes\" class=\"block h-[calc(var(--height)_\/_16_*_1rem)] w-[calc(var(--width)_\/_16_*_1rem)] max-w-none absolute bottom-8 right-8 rounded-4 bg-snow p-8\" style=\"--width:32;--height:32\" decoding=\"async\"\/><\/a><\/p>\n<p>Hunderte Badeg\u00e4ste suchen Abk\u00fchlung am Eisbach im Englischen Garten (Symbolbild): Zum Wochenstart werden sommerliche Temperaturen erwartet. (Quelle: IMAGO\/Wolfgang Maria Weber\/imago)<\/p>\n<p><img loading=\"lazy\" src=\"https:\/\/muenchen.t-online.de\/s\/paper\/_next\/static\/media\/audio-volume.6689034c.svg\" alt=\"\" title=\"\" class=\"block h-[calc(var(--height)_\/_16_*_1rem)] w-[calc(var(--width)_\/_16_*_1rem)] max-w-none group-hover:brightness-0 group-hover:invert\" style=\"--width:16;--height:16\" decoding=\"async\"\/>Vorlesen<\/p>\n<p>Aktuelle Zeit:0:00Gesamtdauer:0:00<\/p>\n<p>1x<\/p>\n<p class=\"text-center\">Jetzt neu bei t-online:<\/p>\n<p class=\"text-center\">Schriftgr\u00f6\u00dfe anpassen!<\/p>\n<p><img loading=\"lazy\" src=\"https:\/\/muenchen.t-online.de\/s\/paper\/_next\/static\/media\/font-sizes.32942e33.svg\" alt=\"\" title=\"\" class=\"block h-[calc(var(--height)_\/_16_*_1rem)] w-[calc(var(--width)_\/_16_*_1rem)] max-w-none group-hover:hidden group-aria-expanded:hidden\" style=\"--width:16;--height:16\" decoding=\"async\"\/><img loading=\"lazy\" src=\"https:\/\/muenchen.t-online.de\/s\/paper\/_next\/static\/media\/font-sizes-dark-mode.e382645c.svg\" alt=\"\" title=\"\" class=\"block h-[calc(var(--height)_\/_16_*_1rem)] w-[calc(var(--width)_\/_16_*_1rem)] max-w-none hidden group-hover:block group-aria-expanded:block\" style=\"--width:16;--height:16\" decoding=\"async\"\/><img loading=\"lazy\" src=\"https:\/\/muenchen.t-online.de\/s\/paper\/_next\/static\/media\/sharing-menu-icon.1eb71368.svg\" alt=\"\" title=\"\" class=\"block h-[calc(var(--height)_\/_16_*_1rem)] w-[calc(var(--width)_\/_16_*_1rem)] max-w-none group-hover:brightness-0 group-hover:invert\" style=\"--width:16;--height:16\" decoding=\"async\"\/>Artikel teilen<\/p>\n<p class=\"font-bold text-18 leading-17 user-text-lg:text-22 user-text-xl:text-24\">Sonne und milde Temperaturen melden sich in M\u00fcnchen zur\u00fcck: Zum Wochenstart wird es fast hochsommerlich, ehe der Umschwung naht.<\/p>\n<p class=\"text-18 leading-17 user-text-lg:text-22 user-text-xl:text-24\">Nach den k\u00fchleren Tagen wird es in M\u00fcnchen wieder sommerlich warm. F\u00fcr einen langen Freibadbesuch d\u00fcrfte es am Sonntag noch etwas frisch sein. Am Montag aber k\u00f6nnten die Temperaturen viele M\u00fcnchner wieder nach drau\u00dfen locken \u2013 bevor es am Dienstag nass und deutlich k\u00fchler wird.<\/p>\n<p class=\"text-18 leading-17 user-text-lg:text-22 user-text-xl:text-24\">Laut dem Deutschen Wetterdienst zeigt sich der Himmel \u00fcber M\u00fcnchen am Sonntag zun\u00e4chst noch wechselhaft. Im Tagesverlauf kommt aber immer h\u00e4ufiger die Sonne durch. Die Temperaturen steigen auf bis zu 25 Grad.<\/p>\n<p>Sommerlicher Wochenstart nur von kurzer Dauer<\/p>\n<p class=\"text-18 leading-17 user-text-lg:text-22 user-text-xl:text-24\">Am Montag startet M\u00fcnchen dann mit viel Sonnenschein in die neue Woche. Die H\u00f6chstwerte liegen bei rund 27 Grad, gef\u00fchlt kann es sogar noch etwas w\u00e4rmer werden, wie wetter.com zeigt.<\/p>\n<p class=\"text-18 leading-17 user-text-lg:text-22 user-text-xl:text-24\">Doch am Dienstag ist es mit dem kurzen Sommer-Comeback wieder vorbei. Dann ziehen viele Wolken auf, der Deutsche Wetterdienst rechnet mit Regen. Dazu wird es in M\u00fcnchen deutlich k\u00fchler: Mehr als etwa 16 Grad sind voraussichtlich nicht drin.<\/p>\n","protected":false},"excerpt":{"rendered":"H\u00f6chstwerte bis 27 Grad Sommerwetter kehrt zur\u00fcck \u2013 aber nur kurz 07.06.2026 &#8211; 10:37 UhrLesedauer: 1 Min. Hunderte&hellip;\n","protected":false},"author":2,"featured_media":1076200,"comment_status":"","ping_status":"","sticky":false,"template":"","format":"standard","meta":{"footnotes":"","_share_on_mastodon":"0"},"categories":[1827],"tags":[772,29,30,38449,1268,228820,6848,1973],"class_list":["post-1076199","post","type-post","status-publish","format-standard","has-post-thumbnail","category-muenchen","tag-bayern","tag-deutschland","tag-germany","tag-hoechstwert","tag-muenchen","tag-sommertemperatur","tag-temperatur","tag-wetter"],"share_on_mastodon":{"url":"https:\/\/pubeurope.com\/@de\/116707945279512085","error":""},"_links":{"self":[{"href":"https:\/\/www.europesays.com\/de\/wp-json\/wp\/v2\/posts\/1076199","targetHints":{"allow":["GET"]}}],"collection":[{"href":"https:\/\/www.europesays.com\/de\/wp-json\/wp\/v2\/posts"}],"about":[{"href":"https:\/\/www.europesays.com\/de\/wp-json\/wp\/v2\/types\/post"}],"author":[{"embeddable":true,"href":"https:\/\/www.europesays.com\/de\/wp-json\/wp\/v2\/users\/2"}],"replies":[{"embeddable":true,"href":"https:\/\/www.europesays.com\/de\/wp-json\/wp\/v2\/comments?post=1076199"}],"version-history":[{"count":0,"href":"https:\/\/www.europesays.com\/de\/wp-json\/wp\/v2\/posts\/1076199\/revisions"}],"wp:featuredmedia":[{"embeddable":true,"href":"https:\/\/www.europesays.com\/de\/wp-json\/wp\/v2\/media\/1076200"}],"wp:attachment":[{"href":"https:\/\/www.europesays.com\/de\/wp-json\/wp\/v2\/media?parent=1076199"}],"wp:term":[{"taxonomy":"category","embeddable":true,"href":"https:\/\/www.europesays.com\/de\/wp-json\/wp\/v2\/categories?post=1076199"},{"taxonomy":"post_tag","embeddable":true,"href":"https:\/\/www.europesays.com\/de\/wp-json\/wp\/v2\/tags?post=1076199"}],"curies":[{"name":"wp","href":"https:\/\/api.w.org\/{rel}","templated":true}]}}