{"id":1076216,"date":"2026-06-07T08:52:18","date_gmt":"2026-06-07T08:52:18","guid":{"rendered":"https:\/\/www.europesays.com\/de\/1076216\/"},"modified":"2026-06-07T08:52:18","modified_gmt":"2026-06-07T08:52:18","slug":"pete-hegseth-warum-seine-d-day-rede-empoerung-ausloest-invasion","status":"publish","type":"post","link":"https:\/\/www.europesays.com\/de\/1076216\/","title":{"rendered":"Pete Hegseth: Warum seine D-Day-Rede Emp\u00f6rung ausl\u00f6st \u2013 &#8222;Invasion&#8220;"},"content":{"rendered":"<p><img loading=\"lazy\" src=\"https:\/\/www.t-online.de\/s\/paper\/_next\/static\/media\/audio-volume.6689034c.svg\" alt=\"\" title=\"\" class=\"block h-[calc(var(--height)_\/_16_*_1rem)] w-[calc(var(--width)_\/_16_*_1rem)] max-w-none group-hover:brightness-0 group-hover:invert\" style=\"--width:16;--height:16\" decoding=\"async\"\/>Vorlesen<\/p>\n<p>Aktuelle Zeit:0:00Gesamtdauer:0:00<\/p>\n<p>1x<\/p>\n<p class=\"text-center\">Jetzt neu bei t-online:<\/p>\n<p class=\"text-center\">Schriftgr\u00f6\u00dfe anpassen!<\/p>\n<p><img loading=\"lazy\" src=\"https:\/\/www.t-online.de\/s\/paper\/_next\/static\/media\/font-sizes.32942e33.svg\" alt=\"\" title=\"\" class=\"block h-[calc(var(--height)_\/_16_*_1rem)] w-[calc(var(--width)_\/_16_*_1rem)] max-w-none group-hover:hidden group-aria-expanded:hidden\" style=\"--width:16;--height:16\" decoding=\"async\"\/><img loading=\"lazy\" src=\"https:\/\/www.t-online.de\/s\/paper\/_next\/static\/media\/font-sizes-dark-mode.e382645c.svg\" alt=\"\" title=\"\" class=\"block h-[calc(var(--height)_\/_16_*_1rem)] w-[calc(var(--width)_\/_16_*_1rem)] max-w-none hidden group-hover:block group-aria-expanded:block\" style=\"--width:16;--height:16\" decoding=\"async\"\/><img loading=\"lazy\" src=\"https:\/\/www.t-online.de\/s\/paper\/_next\/static\/media\/sharing-menu-icon.1eb71368.svg\" alt=\"\" title=\"\" class=\"block h-[calc(var(--height)_\/_16_*_1rem)] w-[calc(var(--width)_\/_16_*_1rem)] max-w-none group-hover:brightness-0 group-hover:invert\" style=\"--width:16;--height:16\" decoding=\"async\"\/>Artikel teilen<\/p>\n<p class=\"font-bold text-18 leading-17 user-text-lg:text-22 user-text-xl:text-24\">Beim D-Day-Gedenken in der Normandie verglich US-Verteidigungsminister Pete Hegseth die Bedrohung durch die Nazis mit heutigen Fl\u00fcchtlingsbewegungen. Seine vermeintliche Rede war ein Missbrauch f\u00fcr seinen politischen Kulturkampf.<\/p>\n<p class=\"text-18 leading-17 user-text-lg:text-22 user-text-xl:text-24\">Historische Heldentaten l\u00e4ngst gefallener Soldaten f\u00fcr eigene ideologische K\u00e4mpfe zu missbrauchen, geh\u00f6rt wohl zu den infamsten Formen politischer Instrumentalisierung. Doch genau das tat US-Verteidigungsminister Pete Hegseth am diesj\u00e4hrigen D-Day-Gedenken in der Normandie.<\/p>\n<p class=\"text-18 leading-17 user-text-lg:text-22 user-text-xl:text-24\">An einem Ort, an dem 1944 Tausende alliierte Soldaten ihr Leben lie\u00dfen, um Europa von der nationalsozialistischen Barbarei zu befreien, zog Trumps Kriegsminister eine verst\u00f6rende Parallele zur Gegenwart. Nachdem er die Landung der Alliierten als Rettung der westlichen Zivilisation gew\u00fcrdigt hatte, sprach er von europ\u00e4ischen Str\u00e4nden, \u00fcber die heute &#8222;Boote und M\u00e4nner&#8220; ankommen w\u00fcrden. &#8222;Wann werden die europ\u00e4ischen Hauptst\u00e4dte etwas gegen diese Invasion unternehmen?&#8220;, fragte er dann fordernd.<\/p>\n<ul class=\"text-18 leading-17 block pl-24 *:pb-16 *:before:inline-block *:before:size-8 *:before:bg-magenta *:before:-ml-[20px] *:before:mb-2 *:before:mr-12 *:before:mt-0\">\n<li><strong class=\"font-bold\">Newsblog:<\/strong> <a class=\"transition-colors duration-200 cursor-pointer text-inherit no-underline text-salemsfur md:hover:text-magenta md:hover:border-magenta md:focus:text-magenta border-current border-b border-solid break-words\" data-tracking=\"{&quot;action&quot;:&quot;click&quot;,&quot;category&quot;:&quot;intextLink&quot;,&quot;label&quot;:&quot;\/nachrichten\/ausland\/usa\/id_101280782\/usa-news-trump-begnadigt-ex-abgeordneten-nach-insiderhandel.html&quot;}\" href=\"https:\/\/www.t-online.de\/nachrichten\/ausland\/usa\/id_101280782\/usa-news-trump-begnadigt-ex-abgeordneten-nach-insiderhandel.html\" data-sctrack=\"BodyAnchor\" rel=\"nofollow noopener\" target=\"_blank\">Alle aktuellen Entwicklungen in der US-Politik<\/a><\/li>\n<li><strong class=\"font-bold\">R\u00fcckschl\u00e4ge sind nicht zu \u00fcbersehen:<\/strong> <a class=\"transition-colors duration-200 cursor-pointer text-inherit no-underline text-salemsfur md:hover:text-magenta md:hover:border-magenta md:focus:text-magenta border-current border-b border-solid break-words\" data-tracking=\"{&quot;action&quot;:&quot;click&quot;,&quot;category&quot;:&quot;intextLink&quot;,&quot;label&quot;:&quot;\/nachrichten\/ausland\/usa\/id_101282154\/iran-krieg-wird-fuer-donald-trump-zum-problem-praesident-zieht-sich-zurueck.html&quot;}\" href=\"https:\/\/www.t-online.de\/nachrichten\/ausland\/usa\/id_101282154\/iran-krieg-wird-fuer-donald-trump-zum-problem-praesident-zieht-sich-zurueck.html\" data-sctrack=\"BodyAnchor\" rel=\"nofollow noopener\" target=\"_blank\">Trump geht auf Tauchstation<\/a><\/li>\n<\/ul>\n<p>Eine infame Rede<\/p>\n<p class=\"text-18 leading-17 user-text-lg:text-22 user-text-xl:text-24\">Der Vergleich ist ungeheuerlich. Hegseth stellt damit Fl\u00fcchtlinge und Migranten rhetorisch in eine Traditionslinie mit jener Bedrohung, gegen die die Alliierten gemeinsam k\u00e4mpften. Er bedient damit die Erz\u00e4hlung eines angeblichen Bev\u00f6lkerungsaustauschs. Es ist jenes rechtsextreme Narrativ, wonach fremde, vornehmlich islamische und andere &#8222;kulturfremde&#8220; Massen die westlichen Gesellschaften verdr\u00e4ngen und ausl\u00f6schen w\u00fcrden. Und erschwerend kommt hinzu: Die toten US-Soldaten k\u00f6nnen sich nicht einmal gegen Hegseths Vergleich wehren.<\/p>\n<p>Loading&#8230;<img decoding=\"async\" src=\"https:\/\/www.t-online.de\/s\/paper\/_next\/static\/media\/image.e47c3ca7.svg\" alt=\"Symbolbild f\u00fcr eingebettete Inhalte\"\/><\/p>\n<p class=\"text-10 uppercase leading-12 text-manatee\">Embed<\/p>\n<p class=\"text-18 leading-17 user-text-lg:text-22 user-text-xl:text-24\">Die Rede war damit keine Gedenkansprache am Omaha Beach, sondern eine Schande. Sie war eine infame Aneinanderreihung von schr\u00e4gen Vergleichen, Geschichtsklitterungen und vielsagenden Auslassungen der Realit\u00e4t. Denn Hegseth blendete die tats\u00e4chliche Bedrohung f\u00fcr Europas Freiheit konsequent aus.<\/p>\n<p class=\"text-18 leading-17 user-text-lg:text-22 user-text-xl:text-24\">Nicht Fl\u00fcchtlingsboote zerst\u00f6ren und gef\u00e4hrden n\u00e4mlich heute die europ\u00e4ische Friedensordnung. Es ist der russische Pr\u00e4sident <a class=\"transition-colors duration-200 cursor-pointer text-inherit no-underline text-salemsfur md:hover:text-magenta md:hover:border-magenta md:focus:text-magenta border-current border-b border-solid break-words\" data-tracking=\"{&quot;action&quot;:&quot;click&quot;,&quot;category&quot;:&quot;intextLink&quot;,&quot;label&quot;:&quot;\/themen\/wladimir-putin\/&quot;}\" href=\"https:\/\/www.t-online.de\/themen\/wladimir-putin\/\" data-sctrack=\"BodyAnchor\" rel=\"nofollow noopener\" target=\"_blank\">Wladimir Putin<\/a>. Durch seinen Vernichtungskrieg gegen die <a class=\"transition-colors duration-200 cursor-pointer text-inherit no-underline text-salemsfur md:hover:text-magenta md:hover:border-magenta md:focus:text-magenta border-current border-b border-solid break-words\" data-tracking=\"{&quot;action&quot;:&quot;click&quot;,&quot;category&quot;:&quot;intextLink&quot;,&quot;label&quot;:&quot;\/themen\/ukraine\/&quot;}\" href=\"https:\/\/www.t-online.de\/themen\/ukraine\/\" data-sctrack=\"BodyAnchor\" rel=\"nofollow noopener\" target=\"_blank\">Ukraine<\/a> wurden bereits Hunderttausende Menschen get\u00f6tet, verst\u00fcmmelt, vergewaltigt oder entf\u00fchrt. Darunter befinden sich zahllose Zivilisten, viele Kinder und Frauen. <a class=\"transition-colors duration-200 cursor-pointer text-inherit no-underline text-salemsfur md:hover:text-magenta md:hover:border-magenta md:focus:text-magenta border-current border-b border-solid break-words\" data-tracking=\"{&quot;action&quot;:&quot;click&quot;,&quot;category&quot;:&quot;intextLink&quot;,&quot;label&quot;:&quot;\/themen\/russland\/&quot;}\" href=\"https:\/\/www.t-online.de\/themen\/russland\/\" data-sctrack=\"BodyAnchor\" rel=\"nofollow noopener\" target=\"_blank\">Russland<\/a> droht mit seinen Atomwaffen, f\u00fchrt hybride Angriffe gegen Nato-Staaten. Zuletzt traf eine russische Drohne ein Wohnhaus in <a class=\"transition-colors duration-200 cursor-pointer text-inherit no-underline text-salemsfur md:hover:text-magenta md:hover:border-magenta md:focus:text-magenta border-current border-b border-solid break-words\" data-tracking=\"{&quot;action&quot;:&quot;click&quot;,&quot;category&quot;:&quot;intextLink&quot;,&quot;label&quot;:&quot;\/themen\/rumaenien\/&quot;}\" href=\"https:\/\/www.t-online.de\/themen\/rumaenien\/\" data-sctrack=\"BodyAnchor\" rel=\"nofollow noopener\" target=\"_blank\">Rum\u00e4nien<\/a>.<\/p>\n<p>Die USA lassen ihre Verb\u00fcndeten im Stich<\/p>\n<p class=\"text-18 leading-17 user-text-lg:text-22 user-text-xl:text-24\">Was Hegseth konsequent auslie\u00df: Wladimir Putin nutzt Migrationsbewegungen selbst gezielt als Instrument der Destabilisierung. Und zwar indem er sie ganz bewusst ausl\u00f6st \u2013 ob in der Ukraine, in <a class=\"transition-colors duration-200 cursor-pointer text-inherit no-underline text-salemsfur md:hover:text-magenta md:hover:border-magenta md:focus:text-magenta border-current border-b border-solid break-words\" data-tracking=\"{&quot;action&quot;:&quot;click&quot;,&quot;category&quot;:&quot;intextLink&quot;,&quot;label&quot;:&quot;\/themen\/syrien\/&quot;}\" href=\"https:\/\/www.t-online.de\/themen\/syrien\/\" data-sctrack=\"BodyAnchor\" rel=\"nofollow noopener\" target=\"_blank\">Syrien<\/a> oder im Sudan. Gerade deshalb ist Hegseths Rede emp\u00f6rend und zynisch. Denn w\u00e4hrend er sich anma\u00dft, Europa Lektionen \u00fcber die Verteidigung der Freiheit zu erteilen, verweigert sich die Trump-Regierung zunehmend dem gemeinsamen Widerstand gegen diesen Aggressor, der die europ\u00e4ische Sicherheitsordnung tats\u00e4chlich herausfordert.<\/p>\n","protected":false},"excerpt":{"rendered":"Vorlesen Aktuelle Zeit:0:00Gesamtdauer:0:00 1x Jetzt neu bei t-online: Schriftgr\u00f6\u00dfe anpassen! Artikel teilen Beim D-Day-Gedenken in der Normandie verglich&hellip;\n","protected":false},"author":2,"featured_media":1076217,"comment_status":"","ping_status":"","sticky":false,"template":"","format":"standard","meta":{"footnotes":"","_share_on_mastodon":"0"},"categories":[1776],"tags":[3028,41,1801,17814,29,214,663,5249,228822,115698,30,7453,16536,228821,649,1802,317,215,306],"class_list":["post-1076216","post","type-post","status-publish","format-standard","has-post-thumbnail","category-prominente","tag-3028","tag-bedrohung","tag-celebrities","tag-d-day","tag-deutschland","tag-entertainment","tag-europa","tag-fluechtlinge","tag-fluechtlingenbewegung","tag-fluechtlingsbewegung","tag-germany","tag-kampf","tag-normandie","tag-omaha-beach","tag-pete-hegseth","tag-prominente","tag-ukraine","tag-unterhaltung","tag-wladimir-putin"],"share_on_mastodon":{"url":"https:\/\/pubeurope.com\/@de\/116707981344056557","error":""},"_links":{"self":[{"href":"https:\/\/www.europesays.com\/de\/wp-json\/wp\/v2\/posts\/1076216","targetHints":{"allow":["GET"]}}],"collection":[{"href":"https:\/\/www.europesays.com\/de\/wp-json\/wp\/v2\/posts"}],"about":[{"href":"https:\/\/www.europesays.com\/de\/wp-json\/wp\/v2\/types\/post"}],"author":[{"embeddable":true,"href":"https:\/\/www.europesays.com\/de\/wp-json\/wp\/v2\/users\/2"}],"replies":[{"embeddable":true,"href":"https:\/\/www.europesays.com\/de\/wp-json\/wp\/v2\/comments?post=1076216"}],"version-history":[{"count":0,"href":"https:\/\/www.europesays.com\/de\/wp-json\/wp\/v2\/posts\/1076216\/revisions"}],"wp:featuredmedia":[{"embeddable":true,"href":"https:\/\/www.europesays.com\/de\/wp-json\/wp\/v2\/media\/1076217"}],"wp:attachment":[{"href":"https:\/\/www.europesays.com\/de\/wp-json\/wp\/v2\/media?parent=1076216"}],"wp:term":[{"taxonomy":"category","embeddable":true,"href":"https:\/\/www.europesays.com\/de\/wp-json\/wp\/v2\/categories?post=1076216"},{"taxonomy":"post_tag","embeddable":true,"href":"https:\/\/www.europesays.com\/de\/wp-json\/wp\/v2\/tags?post=1076216"}],"curies":[{"name":"wp","href":"https:\/\/api.w.org\/{rel}","templated":true}]}}