{"id":1076218,"date":"2026-06-07T08:53:20","date_gmt":"2026-06-07T08:53:20","guid":{"rendered":"https:\/\/www.europesays.com\/de\/1076218\/"},"modified":"2026-06-07T08:53:20","modified_gmt":"2026-06-07T08:53:20","slug":"sagrada-familia-100-todestag-des-architekten-gottes-gaudi","status":"publish","type":"post","link":"https:\/\/www.europesays.com\/de\/1076218\/","title":{"rendered":"&#8222;Sagrada Familia&#8220;: 100. Todestag des &#8222;Architekten Gottes&#8220; Gaud\u00ed"},"content":{"rendered":"<p>\n        Gaud\u00ed: Der &#8218;Architekt Gottes&#8216;\n    <\/p>\n<p itemscope=\"\" itemtype=\"http:\/\/schema.org\/BroadcastEvent\">\n<p>\n                            Sonntag, 07. Juni 2026, 08:40<br \/>\n                            bis<br \/>\n                        09:00 Uhr<br \/>\n                        <\/p>\n<p class=\"\"><strong>Antoni Gaud\u00ed und sein Meisterwerk: die Sagrada Fam\u00edlia<\/strong><br \/>Von Sylvia und Alfred Sobel<\/p>\n<p class=\"\">Der 100. Todestag Antoni Gaud\u00eds j\u00e4hrt sich am 10.6.2026. Der katalanische Architekt \u00fcbernahm vor \u00fcber 140 Jahren die Bauleitung eines der beeindruckendsten Sakralbauten: Der \u201aSagrada Fam\u00edlia\u2018 in Barcelona.<\/p>\n<p>    Katholizismus pr\u00e4gte Gaud\u00eds Architektur<\/p>\n<p>                    <a href=\"https:\/\/www.europesays.com\/de\/wp-content\/uploads\/2026\/06\/sagrada-100.webp\" class=\"zoomimage\" title=\"Bild vergr\u00f6\u00dfern\"><\/p>\n<p>        <img decoding=\"async\" src=\"https:\/\/www.europesays.com\/de\/wp-content\/uploads\/2026\/06\/sagrada-100.webp\" alt=\"Die Sagrada Familia in Barcelona.\" title=\"Noch lange nicht fertig: die Sagrada Familia in Barcelona. | picture alliance \/ NurPhoto | Urbanandsport\" class=\"responsive\" loading=\"lazy\"\/><\/p>\n<p>                    <\/a><\/p>\n<p>                    Noch lange nicht fertig: die Sagrada Familia in Barcelona.<\/p>\n<p class=\"\">Die seit \u00fcber 140 Jahren noch immer im Bau befindliche Kirche Sagrada Fam\u00edlia besitzt eine unendliche Geschichte, denn die \u00dcberzeugung ihres Erbauers Antoni Gaud\u00ed lautete: &#8222;Was lange Bestand haben soll, muss langsam gedeihen&#8220;.<\/p>\n<p class=\"\">Dahinter verbirgt sich die \u00e4lteste Baustelle weltweit, mit t\u00e4glich weit \u00fcber 10.000 Besuchern. Sie verf\u00fcgt \u00fcber einen Bauplan, aber ohne Gesamtkonzept und den nach Fertigstellung h\u00f6chsten Kirchturm der Welt. Papst Franziskus ernannte wenige Tage vor seinem Tod im April 2025 den Architekten dieses Geb\u00e4udes zum Ehrw\u00fcrdigen Diener Gottes. Ein wichtiger Schritt im Prozess der Seligsprechung der katholischen Kirche. Die Geschichte des einzigartigen katalanischen K\u00fcnstlers, der am 10. Juni 1926 &#8211; also vor 100 Jahren &#8211; starb ist noch nicht zu Ende.<\/p>\n<p>    Ein Architekt als ehrw\u00fcrdiger Diener Gottes<\/p>\n<p class=\"\">Gaud\u00ed plante die Kirche mit einer Gesamtl\u00e4nge von 90 Metern, in Form eines lateinischen Kreuzes. Es gibt f\u00fcnf Kirchenschiffe im Langhaus, drei im Querhaus. Die Form der S\u00e4ulen entwickelte Gaud\u00ed durch das h\u00e4ngende Kettenmodell: Er h\u00e4ngte Ketten auf, die durch ihr eigenes Gewicht eine nat\u00fcrliche Kurve bildeten: die sogenannte Kettenlinie. Diese Kurve zeigt, wie Lasten gleichm\u00e4\u00dfig verteilt werden. Statt schwerf\u00e4llige St\u00fctzstrukturen zu errichten, leitete Gaud\u00ed das Gewicht des Bauwerks durch geneigte, baumartige S\u00e4ulen direkt in den Boden.<\/p>\n<p>    Sagrada Familia: 18 T\u00fcrme, symbolhaft f\u00fcr biblische Gestalten<\/p>\n<p class=\"\">Der gesamte Kirchenbau verf\u00fcgt \u00fcber 18 beeindruckende T\u00fcrme, die symbolhaft f\u00fcr folgende biblische Gestalten stehen: die zw\u00f6lf Apostel, vier Evangelisten, die Jungfrau Maria und der h\u00f6chste, noch unvollendete Turm f\u00fcr Christus, mit 172 Metern H\u00f6he. In der f\u00fcr Gaud\u00ed typischen Demut der Sch\u00f6pfung und dem Sch\u00f6pfer gegen\u00fcber sollte der Christusturm den ihm gegen\u00fcberliegenden Hausberg Barcelonas, den Montjuic, nicht \u00fcberragen.<\/p>\n<p>    Die Vollendung der Nachwelt \u00fcberlassen<\/p>\n<p class=\"\">Besonders reich an neutestamentlichen Geschichten pr\u00e4sentieren sich die drei Fassaden der Kirche: die Geburts-, Passions- und Glorienfassade. Die Geburtsfassade ist die \u00e4lteste der drei Fassaden, sie geh\u00f6rt seit 2005 zum UNESCO-Weltkulturerbe und widmet sich der Geburt sowie dem fr\u00fchen Leben Jesu. Vielf\u00e4ltige, symbolhafte Verzierungen und Engeldarstellungen umranken sie. Die Passionsfassade hingegen stellt den Verrat, die Verurteilung, Kreuzigung und Grablegung Jesu dar. Hier finden sich kaum Verzierungen, die Skulpturen werden kahl und wie aus Knochen gemei\u00dfelt pr\u00e4sentiert. Die Glorienfassade wartet noch auf ihre Fertigstellung. Gaudi \u00fcberlie\u00df ihre Vollendung g\u00e4nzlich und vertrauensvoll der Nachwelt: Er war der Ansicht, dass diese Kirche nicht das Werk eines Architekten, sondern des Volkes Gottes sei und jede Generation ihren Beitrag zu ihrer Gestaltung beitragen solle.<\/p>\n<p>    <a href=\"https:\/\/www.ardmediathek.de\/video\/Y3JpZDovL25kci5kZS9wcm9wbGFuXzE5NjM2NzM4N19nYW56ZVNlbmR1bmc\" class=\"mediatheksteaser\" rel=\"nofollow noopener\" target=\"_blank\"><\/p>\n<p>        <img decoding=\"async\" src=\"https:\/\/www.europesays.com\/de\/wp-content\/uploads\/2026\/06\/sendungsbild122426.webp\" alt=\"Nicht fertig und doch l\u00e4ngst ein Wahrzeichen: Die Sagrada Familia von Antoni Gaud\u00ed ist die Sehensw\u00fcrdigkeit schlechthin in Barcelona, obwohl an ihr seit 1882 gebaut wird. 2026 soll sie endlich vollendet werden.\" title=\"Nicht fertig und doch l\u00e4ngst ein Wahrzeichen: Die Sagrada Familia von Antoni Gaud\u00ed ist die Sehensw\u00fcrdigkeit schlechthin in Barcelona, obwohl an ihr seit 1882 gebaut wird. 2026 soll sie endlich vollendet werden. | NDR\/Johannes Rudolph\" class=\"responsive\" loading=\"lazy\"\/><\/p>\n<p>    <\/a><\/p>\n<p>    Seligsprechung nimmt ihren Lauf<\/p>\n<p class=\"\">Die Finanzierung der Sagrada Fam\u00edlia erfolgt allein durch Spenden und Eintrittsgelder der Besucher. 2023 waren es \u00fcber 120 Millionen Euro, die in den Weiterbau des Sakralbaus flossen. Sonntags zum Besuch der Heiligen Messe ist der Eintritt in das Gotteshaus freilich unentgeltlich.<\/p>\n<p class=\"\">Es existieren zwei Alt\u00e4re in der Kirche, der Hauptaltar und der Krypta-Altar, wobei an beiden Orten Messen gefeiert werden. Bei der Weihe der noch unvollst\u00e4ndigen Sagrada Fam\u00edlia im Jahr 2010 bemerkte Papst Benedikt XVI.: \u201eBesonders bewegt hat mich die Sicherheit, mit der Gaud\u00ed angesichts der zahllosen Schwierigkeiten, die er bew\u00e4ltigen musste, voll Vertrauen auf die g\u00f6ttliche Vorsehung ausrief: &#8222;Der heilige Josef wird die Kirche vollenden.'&#8220; Wir erinnern uns: Papst Benedikt XVI. hie\u00df mit b\u00fcrgerlichem Namen Josef; auf diese Weise vollendete tats\u00e4chlich ein besonderer Josef seine Kirche.<\/p>\n<p class=\"\">Im Jahr 2000 wurde von der Kirche ein Seligsprechungsverfahren f\u00fcr Gaud\u00ed eingeleitet. 2025 erkl\u00e4rte der Vatikan, Papst Franziskus habe das Leben Gaud\u00eds als &#8218;tugendhaft&#8216; anerkannt und ihn zu einem \u201aehrw\u00fcrdigen Diener Gottes\u2018 erhoben. Er beeindrucke durch seine immense Gottessehnsucht sowie seine Leidenschaft f\u00fcr Gottes Werk und Wort. Somit nimmt seine Seligsprechung ihren Lauf.<\/p>\n<p>das Manuskript zum Herunterladen<\/p>\n","protected":false},"excerpt":{"rendered":"Gaud\u00ed: Der &#8218;Architekt Gottes&#8216; Sonntag, 07. Juni 2026, 08:40 bis 09:00 Uhr Antoni Gaud\u00ed und sein Meisterwerk: die&hellip;\n","protected":false},"author":2,"featured_media":1076219,"comment_status":"","ping_status":"","sticky":false,"template":"","format":"standard","meta":{"footnotes":"","_share_on_mastodon":"0"},"categories":[1775],"tags":[50049,225674,2250,1793,4915,7358,29,214,30,25319,10245,22665,1794,10611,55120,4026,215],"class_list":["post-1076218","post","type-post","status-publish","format-standard","has-post-thumbnail","category-kunst-und-design","tag-100-geburtstag","tag-antoni-gaudi","tag-architektur","tag-art-and-design","tag-barcelona","tag-biografie","tag-deutschland","tag-entertainment","tag-germany","tag-glauben","tag-kathedrale","tag-katholizismus","tag-kunst-und-design","tag-portraet","tag-sagrada-familia","tag-spanien","tag-unterhaltung"],"share_on_mastodon":{"url":"https:\/\/pubeurope.com\/@de\/116707983956706293","error":""},"_links":{"self":[{"href":"https:\/\/www.europesays.com\/de\/wp-json\/wp\/v2\/posts\/1076218","targetHints":{"allow":["GET"]}}],"collection":[{"href":"https:\/\/www.europesays.com\/de\/wp-json\/wp\/v2\/posts"}],"about":[{"href":"https:\/\/www.europesays.com\/de\/wp-json\/wp\/v2\/types\/post"}],"author":[{"embeddable":true,"href":"https:\/\/www.europesays.com\/de\/wp-json\/wp\/v2\/users\/2"}],"replies":[{"embeddable":true,"href":"https:\/\/www.europesays.com\/de\/wp-json\/wp\/v2\/comments?post=1076218"}],"version-history":[{"count":0,"href":"https:\/\/www.europesays.com\/de\/wp-json\/wp\/v2\/posts\/1076218\/revisions"}],"wp:featuredmedia":[{"embeddable":true,"href":"https:\/\/www.europesays.com\/de\/wp-json\/wp\/v2\/media\/1076219"}],"wp:attachment":[{"href":"https:\/\/www.europesays.com\/de\/wp-json\/wp\/v2\/media?parent=1076218"}],"wp:term":[{"taxonomy":"category","embeddable":true,"href":"https:\/\/www.europesays.com\/de\/wp-json\/wp\/v2\/categories?post=1076218"},{"taxonomy":"post_tag","embeddable":true,"href":"https:\/\/www.europesays.com\/de\/wp-json\/wp\/v2\/tags?post=1076218"}],"curies":[{"name":"wp","href":"https:\/\/api.w.org\/{rel}","templated":true}]}}