{"id":1076251,"date":"2026-06-07T09:12:15","date_gmt":"2026-06-07T09:12:15","guid":{"rendered":"https:\/\/www.europesays.com\/de\/1076251\/"},"modified":"2026-06-07T09:12:15","modified_gmt":"2026-06-07T09:12:15","slug":"grundsteuer-in-moenchengladbach-eine-wiese-ist-eine-wiese-wenn-der-gutachter-es-bestaetigt","status":"publish","type":"post","link":"https:\/\/www.europesays.com\/de\/1076251\/","title":{"rendered":"Grundsteuer in M\u00f6nchengladbach: Eine Wiese ist eine Wiese \u2013 wenn der Gutachter es best\u00e4tigt"},"content":{"rendered":"<p class=\"text_ohne_einzug richtext text-em-55 !leading-serif mx-6 desktop:mx-0\"> Wenn es nicht so traurig w\u00e4re und am Ende nicht um so viel Geld gehen w\u00fcrde, w\u00fcrde Hans-Josef Janssen laut lachen. \u201eDass die <a href=\"https:\/\/rp-online.de\/thema\/grundsteuer\/\" rel=\"nofollow noopener\" target=\"_blank\">Grundsteuer<\/a> neu berechnet werden musste, war mir klar. Das ist auch in Ordnung. Welchen Steuerbescheid mir das Finanzamt dann aber schickte, schockte mich dann doch\u201c, sagt der 77-J\u00e4hrige, der seit 38 Jahren in seinem Haus an der Leppersheide in <a href=\"https:\/\/rp-online.de\/thema\/moenchengladbach\/\" rel=\"nofollow noopener\" target=\"_blank\">M\u00f6nchengladbach<\/a> wohnt.<\/p>\n","protected":false},"excerpt":{"rendered":"Wenn es nicht so traurig w\u00e4re und am Ende nicht um so viel Geld gehen w\u00fcrde, w\u00fcrde Hans-Josef&hellip;\n","protected":false},"author":2,"featured_media":1076252,"comment_status":"","ping_status":"","sticky":false,"template":"","format":"standard","meta":{"footnotes":"","_share_on_mastodon":"0"},"categories":[1849],"tags":[3364,29,548,663,3934,30,13,4455,14,15,1209,12,36914],"class_list":["post-1076251","post","type-post","status-publish","format-standard","has-post-thumbnail","category-moenchengladbach","tag-de","tag-deutschland","tag-eu","tag-europa","tag-europe","tag-germany","tag-headlines","tag-moenchengladbach","tag-nachrichten","tag-news","tag-nordrhein-westfalen","tag-schlagzeilen","tag-wiese"],"share_on_mastodon":{"url":"https:\/\/pubeurope.com\/@de\/116708058688092154","error":""},"_links":{"self":[{"href":"https:\/\/www.europesays.com\/de\/wp-json\/wp\/v2\/posts\/1076251","targetHints":{"allow":["GET"]}}],"collection":[{"href":"https:\/\/www.europesays.com\/de\/wp-json\/wp\/v2\/posts"}],"about":[{"href":"https:\/\/www.europesays.com\/de\/wp-json\/wp\/v2\/types\/post"}],"author":[{"embeddable":true,"href":"https:\/\/www.europesays.com\/de\/wp-json\/wp\/v2\/users\/2"}],"replies":[{"embeddable":true,"href":"https:\/\/www.europesays.com\/de\/wp-json\/wp\/v2\/comments?post=1076251"}],"version-history":[{"count":0,"href":"https:\/\/www.europesays.com\/de\/wp-json\/wp\/v2\/posts\/1076251\/revisions"}],"wp:featuredmedia":[{"embeddable":true,"href":"https:\/\/www.europesays.com\/de\/wp-json\/wp\/v2\/media\/1076252"}],"wp:attachment":[{"href":"https:\/\/www.europesays.com\/de\/wp-json\/wp\/v2\/media?parent=1076251"}],"wp:term":[{"taxonomy":"category","embeddable":true,"href":"https:\/\/www.europesays.com\/de\/wp-json\/wp\/v2\/categories?post=1076251"},{"taxonomy":"post_tag","embeddable":true,"href":"https:\/\/www.europesays.com\/de\/wp-json\/wp\/v2\/tags?post=1076251"}],"curies":[{"name":"wp","href":"https:\/\/api.w.org\/{rel}","templated":true}]}}