{"id":1076316,"date":"2026-06-07T09:53:21","date_gmt":"2026-06-07T09:53:21","guid":{"rendered":"https:\/\/www.europesays.com\/de\/1076316\/"},"modified":"2026-06-07T09:53:21","modified_gmt":"2026-06-07T09:53:21","slug":"warum-ist-es-in-bremen-so-schwierig-eine-neue-schule-zu-bauen","status":"publish","type":"post","link":"https:\/\/www.europesays.com\/de\/1076316\/","title":{"rendered":"Warum ist es in Bremen so schwierig, eine neue Schule zu bauen?"},"content":{"rendered":"<p class=\"article-toplinewrapper\">\n<p>Standdatum: 7. Juni 2026.<\/p>\n<p>Autorinnen und Autoren:<br \/>\nLisa-Maria R\u00f6hling<\/p>\n<p>Video<\/p>\n<p>In Bremen ist vor allem in den Oberschulen der Druck besonders gro\u00df: Seit Jahren warnt die Schulleitervereinigung, dass der Platz dort immer knapper wird (Archivbild).<\/p>\n<p>Bild: Radio Bremen<\/p>\n<p>Video-Ende<\/p>\n<p class=\"article-intro\">Bremen braucht mehr Klassenzimmer, doch der Ausbau kommt nur langsam voran. Woran das liegt \u2013 und wie die Stadt das Problem l\u00f6sen will. <\/p>\n<p>Wo fehlen in Bremen die meisten Schulpl\u00e4tze?<\/p>\n<p class=\"questions-and-answers-answers\">Wegen der steigenden Sch\u00fclerzahl ist der Platzmangel in vielen Schulen ein Problem. Schulleiterinnen und Schulleiter berichten immer wieder davon, dass sie Fachr\u00e4ume oder Aufenthaltsr\u00e4ume in Klassenr\u00e4ume umwandeln m\u00fcssen, um so wirklich allen Kindern und Jugendlichen einen Schulplatz anzubieten. In den vergangenen Jahren sind mehrere Grundschulen gebaut worden, da hat sich die Lage etwas entspannt. <\/p>\n<p>Besonders gro\u00df ist der Druck in den Oberschulen. Seit Jahren warnt die Schulleitervereinigung, dass der Platz immer knapper wird. Das hat sich im Fr\u00fchjahr bewahrheitet, als die Anmeldephase f\u00fcr die weiterf\u00fchrenden Schulen abgeschlossen war: Besonders im Bremer Westen fehlten Pl\u00e4tze, f\u00fcr 40 Kinder gab es zun\u00e4chst keine passende Schule. Inzwischen hat die Beh\u00f6rde f\u00fcr alle Kinder einen Schulplatz. Allerdings werden sie in Mobilbauten untergebracht.<\/p>\n<p>Gibt es eine L\u00f6sung f\u00fcr den Bremer Westen?<\/p>\n<p class=\"questions-and-answers-answers\">Eine neue Oberschule ist schon lange in Planung, die Oberschule \u00dcberseestadt. Was fehlt, ist das Geb\u00e4ude. Eigentlich sollte die Schule auf dem sogenannten Waller Wied gebaut werden, eine Gr\u00fcnfl\u00e4che in Walle. Viele Anwohner waren dagegen, eine B\u00fcrgerinitiative versuchte, den Bau zu stoppen. Damit gerieten die Planungen ins Stocken. <\/p>\n<p>Im vergangenen Jahr brachte sich dann der Investor Klaus Meier ins Spiel: Er k\u00f6nnte auf der \u00dcberseeinsel eine Oberschule bauen, Planung und Bau \u00fcbernehme er. Genau diese L\u00f6sung wird jetzt gepr\u00fcft. Allerdings zieht sich auch das in die L\u00e4nge: Eigentlich sollte schon zum Jahresende feststehen, ob die Investorenl\u00f6sung g\u00fcnstiger und damit besser ist. Diese Wirtschaftlichkeitspr\u00fcfung ist aber erst vor wenigen Wochen abgeschlossen worden. Nun warten weitere b\u00fcrokratische H\u00fcrden. <\/p>\n<p>Bildungssenator Mark Rackles (SPD) gibt aber zu verstehen, dass der Bau durch Meier aktuell die beste L\u00f6sung ist. &#8222;Die Option Waller Wied r\u00fcckt in den Hintergrund&#8220;, betont Rackles. <\/p>\n<blockquote class=\"citation -citation-type-simple\">\n<p class=\"citation-text\">Wir kl\u00e4ren jetzt vergaberechtlich, ob wir ein bestimmtes Grundst\u00fcck durch einen Investor entwickeln lassen. Bis Herbst k\u00f6nnen wir dann hoffentlich die Vergabe machen und dann innerhalb von zwei bis zweieinhalb Jahren die Schule aufziehen.<\/p>\n<p>Mark Rackles, Bildungssenator Bremen<\/p>\n<\/blockquote>\n<p>Investor Meier steht schon in den Startl\u00f6chern: Auf dem Gel\u00e4nde hat er auch schon einen genauen Plan, wo das Geb\u00e4ude stehen wird und wie es gebaut wird.<\/p>\n<p>Wer baut in der Stadt Bremen eigentlich Schulen?<\/p>\n<p class=\"questions-and-answers-answers\">Grunds\u00e4tzlich gibt es drei gro\u00dfe Player:<\/p>\n<ul>\n<li>Die st\u00e4dtische Tochtergesellschaft Immobilien Bremen, die bisher den Schulbau gr\u00f6\u00dftenteils verantwortet hat und auch f\u00fcr die Instandhaltung der Geb\u00e4ude zust\u00e4ndig ist. Meist vermietet Immobilien Bremen die Schulen an das Bildungsressort. <\/li>\n<li>Investoren wie Klaus Meier, die Schulbauprojekte verantworten. Auch st\u00e4dtische Baugesellschaften oder andere investieren in den Schulbau \u2013 oft in Kooperation mit Immobilien Bremen. <\/li>\n<li>2024 ist mit der Bildungsbaugesellschaft der neuste Player dazugekommen.<\/li>\n<\/ul>\n<p>Um was handelt es sich bei der Bildungsbaugesellschaft?<\/p>\n<p class=\"questions-and-answers-answers\">Sie wurde als eigenst\u00e4ndige Tochtergesellschaft der Stadt gegr\u00fcndet und mit 300 Millionen Euro Eigenkapital versehen. Die Idee: Als eigenst\u00e4ndiger Betrieb sollten b\u00fcrokratische H\u00fcrden abgebaut werden. Denn bisher sind bei vielen Bauentscheidungen mehrere Senatsressorts und Gremien eingebunden \u2013 das verz\u00f6gert die Prozesse.<\/p>\n<p>Die Bildungsbaugesellschaft hat zun\u00e4chst sechs Projekte \u00fcbernommen, die schon in Planung waren. Die ersten beiden \u2013 die Grundschulen F\u00e4hrer Flur und Am Alten Postweg \u2013 sind im August bezugsbereit. Ob die Gesellschaft wirklich mehr Tempo bringt, m\u00fcssen allerdings die Folgeprojekte zeigen. Und davon h\u00e4ngt auch die Zukunft der Bildungsbaugesellschaft ab: Bis jetzt ist sie nur eine Pilotgesellschaft und muss entsprechend an ihrem Erfolg gemessen werden.<\/p>\n<p>Wie steht es um den Schulbau in Bremerhaven?<\/p>\n<p class=\"questions-and-answers-answers\">Auch dort dauern Bauprojekte oft lange und sind teurer als gedacht, auch dort fehlen Schulen. Die St\u00e4dtische Wohnungsbaugesellschaft St\u00e4wog hat jetzt einen Weg gefunden, den Schulbau zu beschleunigen: Drei Schulen werden von einem Team aus Architekten, Planern und Innenausbauern gebaut \u2013 und zwar gleichzeitig. <\/p>\n<p>Genannt wird so eine Zusammenarbeit Integrierte Projektallianz. Kostenfaktor f\u00fcr alle drei Schulen: 190 Millionen Euro. Bezahlt wird das von der St\u00e4wog, die Stadt mietet die Schulen am Ende an. F\u00fcr alle Schulen werden au\u00dferdem die gleichen Bauteile genutzt, das erleichtert die Verarbeitung an allen drei Baustellen. <\/p>\n<p>Mehr zu Bildung in Bremen:<\/p>\n<p class=\"article-legal-broadcast-reference\"><strong>Dieses Thema im Programm:<\/strong><br \/>\nbuten un binnen, 2. Juni 2026, 19:30 Uhr<\/p>\n","protected":false},"excerpt":{"rendered":"Standdatum: 7. Juni 2026. Autorinnen und Autoren: Lisa-Maria R\u00f6hling Video In Bremen ist vor allem in den Oberschulen&hellip;\n","protected":false},"author":2,"featured_media":1076317,"comment_status":"","ping_status":"","sticky":false,"template":"","format":"standard","meta":{"footnotes":"","_share_on_mastodon":"0"},"categories":[1824],"tags":[4568,752,2420,3364,29,30,88944,36974],"class_list":["post-1076316","post","type-post","status-publish","format-standard","has-post-thumbnail","category-bremen","tag-schulen","tag-bildung","tag-bremen","tag-de","tag-deutschland","tag-germany","tag-platzmangel","tag-schulbau"],"share_on_mastodon":{"url":"https:\/\/pubeurope.com\/@de\/116708219887386166","error":""},"_links":{"self":[{"href":"https:\/\/www.europesays.com\/de\/wp-json\/wp\/v2\/posts\/1076316","targetHints":{"allow":["GET"]}}],"collection":[{"href":"https:\/\/www.europesays.com\/de\/wp-json\/wp\/v2\/posts"}],"about":[{"href":"https:\/\/www.europesays.com\/de\/wp-json\/wp\/v2\/types\/post"}],"author":[{"embeddable":true,"href":"https:\/\/www.europesays.com\/de\/wp-json\/wp\/v2\/users\/2"}],"replies":[{"embeddable":true,"href":"https:\/\/www.europesays.com\/de\/wp-json\/wp\/v2\/comments?post=1076316"}],"version-history":[{"count":0,"href":"https:\/\/www.europesays.com\/de\/wp-json\/wp\/v2\/posts\/1076316\/revisions"}],"wp:featuredmedia":[{"embeddable":true,"href":"https:\/\/www.europesays.com\/de\/wp-json\/wp\/v2\/media\/1076317"}],"wp:attachment":[{"href":"https:\/\/www.europesays.com\/de\/wp-json\/wp\/v2\/media?parent=1076316"}],"wp:term":[{"taxonomy":"category","embeddable":true,"href":"https:\/\/www.europesays.com\/de\/wp-json\/wp\/v2\/categories?post=1076316"},{"taxonomy":"post_tag","embeddable":true,"href":"https:\/\/www.europesays.com\/de\/wp-json\/wp\/v2\/tags?post=1076316"}],"curies":[{"name":"wp","href":"https:\/\/api.w.org\/{rel}","templated":true}]}}