{"id":107632,"date":"2025-05-13T15:22:12","date_gmt":"2025-05-13T15:22:12","guid":{"rendered":"https:\/\/www.europesays.com\/de\/107632\/"},"modified":"2025-05-13T15:22:12","modified_gmt":"2025-05-13T15:22:12","slug":"einstein-research-unit-so-tief-ist-deutschland-gespalten","status":"publish","type":"post","link":"https:\/\/www.europesays.com\/de\/107632\/","title":{"rendered":"Einstein Research Unit: So tief ist Deutschland gespalten"},"content":{"rendered":"<p class=\"paragraph article__item\">Eine aktuelle Studie der Berliner Forschungsgruppe\u00a0Einstein Research Unit\u00a0belegt, wie stark Deutschland emotional entlang politischer Lager <a href=\"https:\/\/www.zeit.de\/politik\/deutschland\/2025-02\/deutschland-angst-wirtschaftseinbruch-spaltung-gesellschaft\" target=\"_blank\" rel=\"nofollow noopener\">gespalten<\/a> ist. Die Erhebung unter mehr als 4.000 Menschen untersucht dabei nicht nur Meinungen und Einstellungen, sondern auch <a href=\"https:\/\/www.zeit.de\/2024\/40\/emotionen-politik-wut-gefuehle-demokratie-afd\" target=\"_blank\" rel=\"nofollow noopener\">emotionale Reaktionen<\/a>.\u00a0Sie zeigt, dass die politische Spaltung stark auf Gef\u00fchlen wie Wut, Ablehnung und Misstrauen gegen\u00fcber Andersdenkenden beruht. Besonders emotionalisiert sind Themen wie\u00a0<a href=\"https:\/\/www.zeit.de\/gesellschaft\/2024-04\/asylantraege-ablehnung-anerkennung-herkunftsland-ueberblick\" target=\"_blank\" rel=\"nofollow noopener\">Asylpolitik<\/a><strong>,\u00a0<\/strong><a href=\"https:\/\/www.zeit.de\/2025\/03\/klimaschutz-elite-arbeiterklasse-energiewende-nachhaltigkeit\" target=\"_blank\" rel=\"nofollow noopener\">Klimaschutz\u00a0<\/a>und die\u00a0<a href=\"https:\/\/www.zeit.de\/politik\/deutschland\/2025-02\/brandmauer-afd-cdu-sachsen-tino-chrupalla\" target=\"_blank\" rel=\"nofollow noopener\">Brandmauer zur AfD<\/a>. So empfinden Anh\u00e4nger der <a href=\"https:\/\/www.zeit.de\/gesellschaft\/2025-05\/afd-verbot-demonstrationen-deutschland\" target=\"_blank\" rel=\"nofollow noopener\">AfD<\/a> und der <a href=\"https:\/\/www.zeit.de\/2024\/09\/hass-gruene-europawahl-spd-fdp-afd\" target=\"_blank\" rel=\"nofollow noopener\">Gr\u00fcnen<\/a> besonders starke gegenseitige Ablehnung sowie eine hohe Identifikation mit dem eigenen Lager \u2013 ein Ph\u00e4nomen, das die Forschenden als affektive Polarisierung beschreiben. Das ZEIT-ONLINE-Datenteam hat die <a href=\"https:\/\/www.zeit.de\/politik\/deutschland\/2025-05\/gesellschaftliche-spaltung-polarisierung-ideologisch-affektiv-asyl-klima\" target=\"_blank\" rel=\"nofollow noopener\">Ergebnisse der Studie visualisiert<\/a>. <a href=\"https:\/\/www.zeit.de\/autoren\/K\/Anais_Kaluza\/index\" target=\"_blank\" rel=\"nofollow noopener\">Ana\u00efs Kaluza<\/a>, Redakteurin im Gesundheitsressort von ZEIT ONLINE, ordnet ein, wie gespalten Deutschland tats\u00e4chlich ist und welche Folgen sich daraus ableiten lassen.\n<\/p>\n<p class=\"paragraph article__item\">Bundesinnenminister <a href=\"https:\/\/www.zeit.de\/thema\/alexander-dobrindt\" target=\"_blank\" rel=\"nofollow noopener\">Alexander Dobrindt (CSU)<\/a> hat <a href=\"https:\/\/www.zeit.de\/politik\/deutschland\/2025-05\/reichsbuerger-verein-koenigreich-deutschland-verbot\" target=\"_blank\" rel=\"nofollow noopener\">den Verein &#8222;K\u00f6nigreich Deutschland&#8220; verboten<\/a>. Bei bundesweiten Durchsuchungen wurden Verm\u00f6genswerte sichergestellt und vier mutma\u00dfliche Anf\u00fchrer <a href=\"https:\/\/www.zeit.de\/gesellschaft\/zeitgeschehen\/2025-04\/reichsbuerger-weitere-festnahmen-muenchen-umsturzplaene\" target=\"_blank\" rel=\"nofollow noopener\">festgenommen<\/a>, darunter auch der selbst ernannte &#8222;K\u00f6nig&#8220; <a href=\"https:\/\/www.zeit.de\/politik\/deutschland\/2025-05\/gruppe-koenigreich-deutschland-reichsbuerger-erster-haftbefehl-bundesanwaltschaft\" target=\"_blank\" rel=\"nofollow noopener\">Peter Fitzek<\/a>. Die Gruppierung gilt als gr\u00f6\u00dfte Organisation der Reichsb\u00fcrger- und Selbstverwalterszene in Deutschland. Nach Angaben des Innenministeriums verst\u00f6\u00dft sie gegen die verfassungsm\u00e4\u00dfige Ordnung und f\u00f6rdert strafbare Aktivit\u00e4ten. Dabei wird ihr vorgeworfen, einen &#8222;Gegenstaat&#8220; errichtet und antisemitische Verschw\u00f6rungserz\u00e4hlungen verbreitet zu haben. Der Verfassungsschutz z\u00e4hlt rund 25.000 <a href=\"https:\/\/www.zeit.de\/politik\/deutschland\/2025-02\/reichsbuerger-rechtsextremisten-waffenbesitz-kleine-anfrage\" target=\"_blank\" rel=\"nofollow noopener\">Reichsb\u00fcrger<\/a> in Deutschland.\u00a0<a href=\"https:\/\/www.zeit.de\/autoren\/P\/Christian_Parth\/index.xml\" target=\"_blank\" rel=\"nofollow noopener\">Christian Parth<\/a>, Redakteur im Gesellschaftsressort bei ZEIT ONLINE, erkl\u00e4rt, wer die Mitglieder der Gruppe sind.\n<\/p>\n<p class=\"paragraph article__item\"><strong>Au\u00dferdem im Update:<\/strong> Der franz\u00f6sische Schauspieler <a href=\"https:\/\/www.zeit.de\/kultur\/film\/2025-03\/gerard-depardieu-prozess-urteil-sexueller-missbrauch\" target=\"_blank\" rel=\"nofollow noopener\">G\u00e9rard Depardieu<\/a> ist wegen sexueller Bel\u00e4stigung in zwei F\u00e4llen <a href=\"https:\/\/www.zeit.de\/kultur\/film\/2025-05\/gerard-depardieu-haftstrafe-sexuelle-gewalt\" target=\"_blank\" rel=\"nofollow noopener\">schuldig gesprochen<\/a> worden. Ein Pariser Gericht verh\u00e4ngte eine 18-monatige Bew\u00e4hrungsstrafe und ordnete seine Eintragung ins franz\u00f6sische Register f\u00fcr Sexualstraft\u00e4ter an. Die Taten sollen sich bei Dreharbeiten ereignet haben. Depardieu war zur Urteilsverk\u00fcndung nicht erschienen und weist die Vorw\u00fcrfe zur\u00fcck.\u00a0\n<\/p>\n<p class=\"paragraph article__item\">Was noch?\u00a0<a href=\"https:\/\/www.qwant.com\/?q=dresscode+cannes&amp;client=cs-chrome&amp;t=web\" target=\"_blank\" rel=\"nofollow noopener\">Neuer\u00a0Dresscode auf dem Filmfestival Cannes<\/a>\n<\/p>\n<p class=\"paragraph article__item\">Moderation und Produktion: <a href=\"https:\/\/www.zeit.de\/autoren\/S\/Helena_Schmidt\/index\" target=\"_blank\" rel=\"nofollow noopener\">Helena Schmidt<\/a>\n<\/p>\n<p class=\"paragraph article__item\">Redaktion: <a href=\"https:\/\/www.zeit.de\/autoren\/R\/Pia_Rauschenberger\/index\" target=\"_blank\" rel=\"nofollow noopener\">Pia Rauschenberger<\/a>\n<\/p>\n<p class=\"paragraph article__item\">Mitarbeit: Celine Yasemin Rolle\n<\/p>\n<p class=\"paragraph article__item\">Alle Folgen unseres Podcasts finden Sie\u00a0<a href=\"https:\/\/www.zeit.de\/was-jetzt\" target=\"_blank\" rel=\"nofollow noopener\">hier<\/a>. Fragen, Kritik, Anregungen? Sie erreichen uns unter\u00a0<a href=\"https:\/\/www.zeit.de\/politik\/2025-05\/mailto:wasjetzt@zeit.de\" target=\"_blank\" rel=\"nofollow noopener\">wasjetzt@zeit.de<\/a>.<\/p>\n","protected":false},"excerpt":{"rendered":"Eine aktuelle Studie der Berliner Forschungsgruppe\u00a0Einstein Research Unit\u00a0belegt, wie stark Deutschland emotional entlang politischer Lager gespalten ist. Die&hellip;\n","protected":false},"author":2,"featured_media":4586,"comment_status":"","ping_status":"","sticky":false,"template":"","format":"standard","meta":{"footnotes":"","_share_on_mastodon":"0"},"categories":[2],"tags":[331,3924,332,3922,150,1680,3364,29,42315,42316,597,30,13,1548,14,3923,15,3921,16,12,11748],"class_list":["post-107632","post","type-post","status-publish","format-standard","has-post-thumbnail","category-deutschland","tag-aktuelle-nachrichten","tag-aktuelle-nachrichten-aus-deutschland","tag-aktuelle-news","tag-aktuelle-news-aus-deutschland","tag-alternative-fuer-deutschland","tag-asylpolitik","tag-de","tag-deutschland","tag-einstein-research-unit","tag-emotion","tag-forschung","tag-germany","tag-headlines","tag-klimaschutz","tag-nachrichten","tag-nachrichten-aus-deutschland","tag-news","tag-news-aus-deutschland","tag-politik","tag-schlagzeilen","tag-studie"],"share_on_mastodon":{"url":"https:\/\/pubeurope.com\/@de\/114501212128634218","error":""},"_links":{"self":[{"href":"https:\/\/www.europesays.com\/de\/wp-json\/wp\/v2\/posts\/107632","targetHints":{"allow":["GET"]}}],"collection":[{"href":"https:\/\/www.europesays.com\/de\/wp-json\/wp\/v2\/posts"}],"about":[{"href":"https:\/\/www.europesays.com\/de\/wp-json\/wp\/v2\/types\/post"}],"author":[{"embeddable":true,"href":"https:\/\/www.europesays.com\/de\/wp-json\/wp\/v2\/users\/2"}],"replies":[{"embeddable":true,"href":"https:\/\/www.europesays.com\/de\/wp-json\/wp\/v2\/comments?post=107632"}],"version-history":[{"count":0,"href":"https:\/\/www.europesays.com\/de\/wp-json\/wp\/v2\/posts\/107632\/revisions"}],"wp:featuredmedia":[{"embeddable":true,"href":"https:\/\/www.europesays.com\/de\/wp-json\/wp\/v2\/media\/4586"}],"wp:attachment":[{"href":"https:\/\/www.europesays.com\/de\/wp-json\/wp\/v2\/media?parent=107632"}],"wp:term":[{"taxonomy":"category","embeddable":true,"href":"https:\/\/www.europesays.com\/de\/wp-json\/wp\/v2\/categories?post=107632"},{"taxonomy":"post_tag","embeddable":true,"href":"https:\/\/www.europesays.com\/de\/wp-json\/wp\/v2\/tags?post=107632"}],"curies":[{"name":"wp","href":"https:\/\/api.w.org\/{rel}","templated":true}]}}