{"id":1076333,"date":"2026-06-07T10:02:18","date_gmt":"2026-06-07T10:02:18","guid":{"rendered":"https:\/\/www.europesays.com\/de\/1076333\/"},"modified":"2026-06-07T10:02:18","modified_gmt":"2026-06-07T10:02:18","slug":"stuttgarter-polizei-sucht-zeugen-auto-ueberschlaegt-sich-und-landet-auf-stadtbahngleisen-zwei-verletzte","status":"publish","type":"post","link":"https:\/\/www.europesays.com\/de\/1076333\/","title":{"rendered":"Stuttgarter Polizei sucht Zeugen: Auto \u00fcberschl\u00e4gt sich und landet auf Stadtbahngleisen \u2013 zwei Verletzte"},"content":{"rendered":"<p>\t\t\t\t\t\t\t\t\t\t\t\t\t\t\t\t\t\t\t\t\t\t\t\t\t\t\t\t      \t\t            \t\t             \t\t\t\t   \t\t\t\t\t   <img decoding=\"async\" id=\"article-image\" fetchpriority=\"high\" alt=\"Stuttgarter Polizei sucht Zeugen: Auto \u00fcberschl\u00e4gt sich und landet auf Stadtbahngleisen \u2013 zwei Verletzte\" title=\"Stuttgarter Polizei sucht Zeugen: Auto \u00fcberschl\u00e4gt sich und landet auf Stadtbahngleisen \u2013 zwei Verletzte\" src=\"https:\/\/www.europesays.com\/de\/wp-content\/uploads\/2026\/06\/media.media.4f097982-d11d-4c95-a776-c1851f0beaab.16x9_700.jpg\" data-linkto=\"https:\/\/www.stuttgarter-nachrichten.de\/javascript:void(0);\"\/>\t\t\t\t\t\t\t\t\t\t\t\t\t\t\t\t\t\t\t\t\t\t\t\tZwei Beifahrerinnen im Auto wurden leicht verletzt. (Symbolbild)\u00a0Foto: Moritz Frankenberg\/dpa\/Moritz Frankenberg\t\t\t<\/p>\n<p>Ein Autofahrer ist wohl zu schnell und betrunken unterwegs und verliert die Kontrolle \u00fcber das Fahrzeug. Der Wagen wird auf Stadtbahngleise geschleudert. Was bekannt ist.<\/p>\n<p>Ein 33 Jahre alter VW Tiguan-Fahrer hat in der Nacht zum Sonntag in <a href=\"https:\/\/www.stuttgarter-nachrichten.de\/thema\/Stuttgart-Ost\" title=\"Stuttgart-Ost\" class=\"art_thema\" rel=\"nofollow noopener\" target=\"_blank\">Stuttgart-Ost<\/a> einen <a href=\"https:\/\/www.stuttgarter-nachrichten.de\/thema\/Unfall\" title=\"Unfall\" class=\"art_thema\" rel=\"nofollow noopener\" target=\"_blank\">Unfall<\/a> gebaut, bei dem sich sein Fahrzeug \u00fcberschlug und schlie\u00dflich im Gleisbereich der Stadtbahn auf dem Dach landete. Zwei Beifahrerinnen im Alter von 26 und 28 Jahren wurden bei dem Unfall leicht verletzt. Die <a href=\"https:\/\/www.stuttgarter-nachrichten.de\/thema\/Polizei\" title=\"Polizei\" class=\"art_thema\" rel=\"nofollow noopener\" target=\"_blank\">Polizei<\/a> sucht Zeugen.<\/p>\n<p>Wie die Beamten mitteilen, war der 33-j\u00e4hrige gegen 3.15 Uhr in der Wangener Stra\u00dfe in Richtung Talstra\u00dfe unterwegs, als er auf H\u00f6he der Landhausstra\u00dfe an einem Taxi vorbeifahren wollte, das am rechten Fahrbahnrand stand und der Taxifahrer offenbar auf Fahrg\u00e4ste warten wollte. <\/p>\n<p>Unfallfahrer betrunken? <\/p>\n<p>Der 33-J\u00e4hrige setzte zum \u00dcberholen des Taxis an und war dabei vermutlich zu schnell. Demnach \u00fcbersah der VW-Fahrer eine Verkehrsinsel, setzte mit seinem Fahrzeug auf, \u00fcberschlug sich und kam letztendlich im dortigen Gleisbett der Stadtbahn auf dem Dach liegend zum Stillstand. Die Mitfahrerinnen wurden bei dem Unfall leicht verletzt und anschlie\u00dfend mit dem Rettungsdienst in ein Krankenhaus gebracht. <\/p>\n<p>Bei der Unfallaufnahme stellen die Beamten fest, dass der Unfallverursacher vermutlich betrunken war. Der 33-J\u00e4hrige musste deshalb eine Blutprobe abgeben und sein F\u00fchrerschein wurde beschlagnahmt. Zeugen des Unfalls werden gebeten, sich unter der Rufnummer 0711\/8990-4100 bei der Verkehrspolizei zu melden.<\/p>\n","protected":false},"excerpt":{"rendered":"Zwei Beifahrerinnen im Auto wurden leicht verletzt. (Symbolbild)\u00a0Foto: Moritz Frankenberg\/dpa\/Moritz Frankenberg Ein Autofahrer ist wohl zu schnell und&hellip;\n","protected":false},"author":2,"featured_media":1076334,"comment_status":"","ping_status":"","sticky":false,"template":"","format":"standard","meta":{"footnotes":"","_share_on_mastodon":"0"},"categories":[1830],"tags":[1634,3364,29,30,121,8248,228834,1441,15389,1284],"class_list":["post-1076333","post","type-post","status-publish","format-standard","has-post-thumbnail","category-stuttgart","tag-baden-wuerttemberg","tag-de","tag-deutschland","tag-germany","tag-polizei","tag-polizeibericht-stuttgart","tag-stadtbahngleise","tag-stuttgart","tag-stuttgart-ost","tag-unfall"],"share_on_mastodon":{"url":"https:\/\/pubeurope.com\/@de\/116708256489734961","error":""},"_links":{"self":[{"href":"https:\/\/www.europesays.com\/de\/wp-json\/wp\/v2\/posts\/1076333","targetHints":{"allow":["GET"]}}],"collection":[{"href":"https:\/\/www.europesays.com\/de\/wp-json\/wp\/v2\/posts"}],"about":[{"href":"https:\/\/www.europesays.com\/de\/wp-json\/wp\/v2\/types\/post"}],"author":[{"embeddable":true,"href":"https:\/\/www.europesays.com\/de\/wp-json\/wp\/v2\/users\/2"}],"replies":[{"embeddable":true,"href":"https:\/\/www.europesays.com\/de\/wp-json\/wp\/v2\/comments?post=1076333"}],"version-history":[{"count":0,"href":"https:\/\/www.europesays.com\/de\/wp-json\/wp\/v2\/posts\/1076333\/revisions"}],"wp:featuredmedia":[{"embeddable":true,"href":"https:\/\/www.europesays.com\/de\/wp-json\/wp\/v2\/media\/1076334"}],"wp:attachment":[{"href":"https:\/\/www.europesays.com\/de\/wp-json\/wp\/v2\/media?parent=1076333"}],"wp:term":[{"taxonomy":"category","embeddable":true,"href":"https:\/\/www.europesays.com\/de\/wp-json\/wp\/v2\/categories?post=1076333"},{"taxonomy":"post_tag","embeddable":true,"href":"https:\/\/www.europesays.com\/de\/wp-json\/wp\/v2\/tags?post=1076333"}],"curies":[{"name":"wp","href":"https:\/\/api.w.org\/{rel}","templated":true}]}}