{"id":1076398,"date":"2026-06-07T10:38:15","date_gmt":"2026-06-07T10:38:15","guid":{"rendered":"https:\/\/www.europesays.com\/de\/1076398\/"},"modified":"2026-06-07T10:38:15","modified_gmt":"2026-06-07T10:38:15","slug":"neuer-service-in-viersen-hotline-fuer-muelltonnen","status":"publish","type":"post","link":"https:\/\/www.europesays.com\/de\/1076398\/","title":{"rendered":"Neuer Service in Viersen: Hotline f\u00fcr M\u00fclltonnen"},"content":{"rendered":"<p class=\"text_ohne_einzug richtext text-em-55 !leading-serif mx-6 desktop:mx-0\">Die Abteilung Abfallwirtschaft der Stadtverwaltung hat eine neue Telefon-Hotline eingerichtet. Dort werden An-, Ab- und Ummeldungen von braunen, grauen und blauen M\u00fclltonnen entgegengenommen. Die Rufnummer 02162 1016855 ist montags, mittwochs und freitags von 8.30 bis 12.30 Uhr erreichbar.<\/p>\n<p class=\"richtext text-em-55 !leading-serif mx-6 desktop:mx-0\">Wer eine neue M\u00fclltonne braucht, wer sich bei der M\u00fcllabfuhr abmelden will, wer eine gr\u00f6\u00dfere oder kleinere Tonne m\u00f6chte oder ein anderes Problem mit dem \u201eM\u00fcllbeh\u00e4ltnis\u201c hat, muss sich an die Stadtverwaltung wenden. Damit das schnell und einfach geht, bietet die Abteilung Abfallwirtschaft die Sammelnummer f\u00fcr Anrufe mit festen Sprechzeiten an. Alternativ kann alles online \u00fcber das Internet abgewickelt werden.<\/p>\n<p class=\"richtext text-em-55 !leading-serif mx-6 desktop:mx-0\">Weitere Informationen gibt es auf der Internetseite der Stadt unter dem Stichwort \u201eAbfallentsorgung\u201c. Mit nur einem Klick gelangt man von der Info-Seite \u201eAbfallentsorgung\u201c direkt zum Online-Antrag f\u00fcr den Abfallbeh\u00e4lterservice. Dort l\u00e4sst sich die gew\u00fcnschte \u00c4nderung rund um die Uhr ansto\u00dfen. Wer nicht anrufen kann oder will und kein Online-Formular ausf\u00fcllen mag, hat die M\u00f6glichkeit, seinen Wunsch in einer einfachen E-Mail an <a href=\"https:\/\/rp-online.de\/nrw\/staedte\/viersen\/mailto:abfallwirtschaft@viersen.de\" rel=\"nofollow noopener\" target=\"_blank\">abfallwirtschaft@viersen.de<\/a> zu schicken.<\/p>\n<p class=\"richtext text-em-55 !leading-serif mx-6 desktop:mx-0\">Auf der Info-Seite zur Abfallentsorgung gibt es neben Informationen und Kontaktdaten weitere Schaltfl\u00e4chen etwa f\u00fcr Umschreibungen bei Eigentumswechseln oder die Anmeldung von Sperrm\u00fcll. Ein Link f\u00fchrt direkt zum aktuellen Abfallkalender 2026.<\/p>\n","protected":false},"excerpt":{"rendered":"Die Abteilung Abfallwirtschaft der Stadtverwaltung hat eine neue Telefon-Hotline eingerichtet. Dort werden An-, Ab- und Ummeldungen von braunen,&hellip;\n","protected":false},"author":2,"featured_media":1076399,"comment_status":"","ping_status":"","sticky":false,"template":"","format":"standard","meta":{"footnotes":"","_share_on_mastodon":"0"},"categories":[1849],"tags":[228847,228848,115241,5663,11108,20001,3364,29,548,663,3934,30,13,12427,259,4455,15620,14,15,1209,12,7557,84008,18183],"class_list":["post-1076398","post","type-post","status-publish","format-standard","has-post-thumbnail","category-moenchengladbach","tag-22abfallwirtschaft","tag-3aabfallwirtschaft","tag-40viersen","tag-abfallentsorgung","tag-abfallwirtschaft","tag-abteilung","tag-de","tag-deutschland","tag-eu","tag-europa","tag-europe","tag-germany","tag-headlines","tag-hotline","tag-informationen","tag-moenchengladbach","tag-muelltonne","tag-nachrichten","tag-news","tag-nordrhein-westfalen","tag-schlagzeilen","tag-stadtverwaltung","tag-tonne","tag-viersen"],"share_on_mastodon":{"url":"https:\/\/pubeurope.com\/@de\/116708396692109427","error":""},"_links":{"self":[{"href":"https:\/\/www.europesays.com\/de\/wp-json\/wp\/v2\/posts\/1076398","targetHints":{"allow":["GET"]}}],"collection":[{"href":"https:\/\/www.europesays.com\/de\/wp-json\/wp\/v2\/posts"}],"about":[{"href":"https:\/\/www.europesays.com\/de\/wp-json\/wp\/v2\/types\/post"}],"author":[{"embeddable":true,"href":"https:\/\/www.europesays.com\/de\/wp-json\/wp\/v2\/users\/2"}],"replies":[{"embeddable":true,"href":"https:\/\/www.europesays.com\/de\/wp-json\/wp\/v2\/comments?post=1076398"}],"version-history":[{"count":0,"href":"https:\/\/www.europesays.com\/de\/wp-json\/wp\/v2\/posts\/1076398\/revisions"}],"wp:featuredmedia":[{"embeddable":true,"href":"https:\/\/www.europesays.com\/de\/wp-json\/wp\/v2\/media\/1076399"}],"wp:attachment":[{"href":"https:\/\/www.europesays.com\/de\/wp-json\/wp\/v2\/media?parent=1076398"}],"wp:term":[{"taxonomy":"category","embeddable":true,"href":"https:\/\/www.europesays.com\/de\/wp-json\/wp\/v2\/categories?post=1076398"},{"taxonomy":"post_tag","embeddable":true,"href":"https:\/\/www.europesays.com\/de\/wp-json\/wp\/v2\/tags?post=1076398"}],"curies":[{"name":"wp","href":"https:\/\/api.w.org\/{rel}","templated":true}]}}