{"id":1076543,"date":"2026-06-07T12:09:17","date_gmt":"2026-06-07T12:09:17","guid":{"rendered":"https:\/\/www.europesays.com\/de\/1076543\/"},"modified":"2026-06-07T12:09:17","modified_gmt":"2026-06-07T12:09:17","slug":"fernwaerme-arbeiten-in-der-moselstrasse-in-mainz-gehen-weiter","status":"publish","type":"post","link":"https:\/\/www.europesays.com\/de\/1076543\/","title":{"rendered":"Fernw\u00e4rme: Arbeiten in der Moselstra\u00dfe in Mainz gehen weiter"},"content":{"rendered":"<p class=\"paragraph --regular --color\" data-v-ad2bcb75=\"\" data-v-5c4b7507=\"\">Die Arbeiten im Bauabschnitt 1 werden ab Montag, 8. Juni, fortgesetzt: Dieser reicht von der Kreuzung der Moselstra\u00dfe\/Wallaustra\u00dfe bis etwa zur H\u00f6he des Geb\u00e4udes Moselstra\u00dfe\u00a019\u00a0\u2013 also kurz vor die Kreuzung zur Mozartstra\u00dfe. Die Arbeiten hier dauern vermutlich noch sechs Wochen. Die Moselstra\u00dfe kann in dieser Zeit weiter befahren werden, allerdings bleiben die Einschr\u00e4nkungen f\u00fcr einen Teil der Parkpl\u00e4tze bestehen. Die Zufahrten zu den Grundst\u00fccken sind jedoch in der Regel weiterhin gew\u00e4hrleistet und werden durch Stahlplatten sichergestellt.<\/p>\n","protected":false},"excerpt":{"rendered":"Die Arbeiten im Bauabschnitt 1 werden ab Montag, 8. Juni, fortgesetzt: Dieser reicht von der Kreuzung der Moselstra\u00dfe\/Wallaustra\u00dfe&hellip;\n","protected":false},"author":2,"featured_media":1076544,"comment_status":"","ping_status":"","sticky":false,"template":"","format":"standard","meta":{"footnotes":"","_share_on_mastodon":"0"},"categories":[1847],"tags":[5650,5651,5652,5654,5655,3364,29,548,663,3934,30,5660,13,2052,5656,5653,5657,1427,14,15,5659,5658,5661,12,4544,5662],"class_list":["post-1076543","post","type-post","status-publish","format-standard","has-post-thumbnail","category-wiesbaden","tag-alzey","tag-bad-kreuznach","tag-bad-sobernheim","tag-bingen","tag-buerstadt","tag-de","tag-deutschland","tag-eu","tag-europa","tag-europe","tag-germany","tag-guntersblum","tag-headlines","tag-hessen","tag-ingelheim","tag-kirn","tag-lampertheim","tag-mainz","tag-nachrichten","tag-news","tag-nierstein","tag-oppenheim","tag-ruesselsheim","tag-schlagzeilen","tag-wiesbaden","tag-worms"],"share_on_mastodon":{"url":"https:\/\/pubeurope.com\/@de\/116708754579525388","error":""},"_links":{"self":[{"href":"https:\/\/www.europesays.com\/de\/wp-json\/wp\/v2\/posts\/1076543","targetHints":{"allow":["GET"]}}],"collection":[{"href":"https:\/\/www.europesays.com\/de\/wp-json\/wp\/v2\/posts"}],"about":[{"href":"https:\/\/www.europesays.com\/de\/wp-json\/wp\/v2\/types\/post"}],"author":[{"embeddable":true,"href":"https:\/\/www.europesays.com\/de\/wp-json\/wp\/v2\/users\/2"}],"replies":[{"embeddable":true,"href":"https:\/\/www.europesays.com\/de\/wp-json\/wp\/v2\/comments?post=1076543"}],"version-history":[{"count":0,"href":"https:\/\/www.europesays.com\/de\/wp-json\/wp\/v2\/posts\/1076543\/revisions"}],"wp:featuredmedia":[{"embeddable":true,"href":"https:\/\/www.europesays.com\/de\/wp-json\/wp\/v2\/media\/1076544"}],"wp:attachment":[{"href":"https:\/\/www.europesays.com\/de\/wp-json\/wp\/v2\/media?parent=1076543"}],"wp:term":[{"taxonomy":"category","embeddable":true,"href":"https:\/\/www.europesays.com\/de\/wp-json\/wp\/v2\/categories?post=1076543"},{"taxonomy":"post_tag","embeddable":true,"href":"https:\/\/www.europesays.com\/de\/wp-json\/wp\/v2\/tags?post=1076543"}],"curies":[{"name":"wp","href":"https:\/\/api.w.org\/{rel}","templated":true}]}}