{"id":1076597,"date":"2026-06-07T12:41:16","date_gmt":"2026-06-07T12:41:16","guid":{"rendered":"https:\/\/www.europesays.com\/de\/1076597\/"},"modified":"2026-06-07T12:41:16","modified_gmt":"2026-06-07T12:41:16","slug":"mit-12-promille-familienauto-gerammt-mann-auf-a6-bei-nuernberg-leicht-verletzt-2","status":"publish","type":"post","link":"https:\/\/www.europesays.com\/de\/1076597\/","title":{"rendered":"Mit 1,2 Promille Familienauto gerammt: Mann auf A6 bei N\u00fcrnberg leicht verletzt"},"content":{"rendered":"<p class=\"em_text\"><strong>Ein Auffahrunfall mit hohem Schaden hat sich am am fr\u00fchen Samstagmorgen nahe dem Autobahnkreuz N\u00fcrnberg-S\u00fcd ereignet. Der Verursacher war stark betrunken, berichtet die <\/strong><a href=\"https:\/\/www.donaukurier.de\/polizei\" target=\"_blank\" rel=\"nofollow noopener\">Polizei<\/a><strong>. <\/strong><\/p>\n<p>Der Unfall ereignete sich auf der A6 in Fahrtrichtung Heilbronn. Ein 24-j\u00e4hriger Autofahrer war gegen 2 Uhr nachts am Samstagmorgen mit hoher Geschwindigkeit die A6 zwischen der Anschlusstelle Langwasser und dem Autobahnkreuz N\u00fcrnberg-S\u00fcd unterwegs. Dabei \u00fcbersah er, dass der linke Fahrstreifen endete. Der junge Mann \u00fcberfuhr die anschlie\u00dfende Sperrfl\u00e4che und prallte dann in einen mit einer vierk\u00f6pfigen Familie besetzten SUV. Die 49-j\u00e4hrige Fahrerin kam mit ihrem stark besch\u00e4digten Fahrzeug quer zur Fahrtrichtung zum Stehen. Der Unfallverursacher schleuderte weiter \u00fcber die Fahrbahn, bis sein Fahrzeug unmittelbar auf dem Standstreifen zum Stillstand kam. <\/p>\n<p>    Unfallursache schnell gekl\u00e4rt<\/p>\n<p class=\"em_text\">Bei der Unfallaufnahme durch die Verkehrspolizei Feucht war die Ursache schnell gekl\u00e4rt: Der Verursacher war mit \u00fcber 1,2 Promille erheblich alkoholisiert. Gegen den 254-J\u00e4hrigen wird nun wegen Gef\u00e4hrdung des Stra\u00dfenverkehrs und fahrl\u00e4ssiger K\u00f6rperverletzung ermittelt. Sein F\u00fchrerschein wurde noch an der Unfallstelle sichergestellt.<\/p>\n<p>    Familienvater wird leicht verletzt<\/p>\n<p class=\"em_text\">Der Verursacher blieb unverletzt, von den vier Insassen des SUV wurde nur der Familienvater leicht verletzt. Beide Fahrzeuge waren jedoch Totalsch\u00e4den, die Schadensh\u00f6he wird auf insgesamt rund 55 000 Euro beziffert. Da alle Fahrstreifen massiv mit \u00d6l verschmutzt waren, musste die Fahrbahn aufw\u00e4ndig gereinigt werden, bevor der Verkehr nach knapp dreieinhalb Stunden wieder flie\u00dfen konnte. <\/p>\n<p style=\"text-align:right;\">HK    <\/p>\n","protected":false},"excerpt":{"rendered":"Ein Auffahrunfall mit hohem Schaden hat sich am am fr\u00fchen Samstagmorgen nahe dem Autobahnkreuz N\u00fcrnberg-S\u00fcd ereignet. Der Verursacher&hellip;\n","protected":false},"author":2,"featured_media":1076596,"comment_status":"","ping_status":"","sticky":false,"template":"","format":"standard","meta":{"footnotes":"","_share_on_mastodon":"0"},"categories":[1837],"tags":[47934,5543,772,3364,29,30,3783,121,1284],"class_list":["post-1076597","post","type-post","status-publish","format-standard","has-post-thumbnail","category-nuernberg","tag-a6","tag-autobahn","tag-bayern","tag-de","tag-deutschland","tag-germany","tag-nuernberg","tag-polizei","tag-unfall"],"share_on_mastodon":{"url":"https:\/\/pubeurope.com\/@de\/116708880525926363","error":""},"_links":{"self":[{"href":"https:\/\/www.europesays.com\/de\/wp-json\/wp\/v2\/posts\/1076597","targetHints":{"allow":["GET"]}}],"collection":[{"href":"https:\/\/www.europesays.com\/de\/wp-json\/wp\/v2\/posts"}],"about":[{"href":"https:\/\/www.europesays.com\/de\/wp-json\/wp\/v2\/types\/post"}],"author":[{"embeddable":true,"href":"https:\/\/www.europesays.com\/de\/wp-json\/wp\/v2\/users\/2"}],"replies":[{"embeddable":true,"href":"https:\/\/www.europesays.com\/de\/wp-json\/wp\/v2\/comments?post=1076597"}],"version-history":[{"count":0,"href":"https:\/\/www.europesays.com\/de\/wp-json\/wp\/v2\/posts\/1076597\/revisions"}],"wp:featuredmedia":[{"embeddable":true,"href":"https:\/\/www.europesays.com\/de\/wp-json\/wp\/v2\/media\/1076596"}],"wp:attachment":[{"href":"https:\/\/www.europesays.com\/de\/wp-json\/wp\/v2\/media?parent=1076597"}],"wp:term":[{"taxonomy":"category","embeddable":true,"href":"https:\/\/www.europesays.com\/de\/wp-json\/wp\/v2\/categories?post=1076597"},{"taxonomy":"post_tag","embeddable":true,"href":"https:\/\/www.europesays.com\/de\/wp-json\/wp\/v2\/tags?post=1076597"}],"curies":[{"name":"wp","href":"https:\/\/api.w.org\/{rel}","templated":true}]}}