{"id":1076690,"date":"2026-06-07T13:40:16","date_gmt":"2026-06-07T13:40:16","guid":{"rendered":"https:\/\/www.europesays.com\/de\/1076690\/"},"modified":"2026-06-07T13:40:16","modified_gmt":"2026-06-07T13:40:16","slug":"sturz-ins-gebuesch-und-ein-messer-streit-zwischen-auto-und-radfahrer-eskaliert","status":"publish","type":"post","link":"https:\/\/www.europesays.com\/de\/1076690\/","title":{"rendered":"Sturz ins Geb\u00fcsch und ein Messer: Streit zwischen Auto- und Radfahrer eskaliert"},"content":{"rendered":"<p class=\"paragraph --regular --color\" data-v-ad2bcb75=\"\" data-v-5c4b7507=\"\">Nachdem der Radfahrer lauthals gerufen hatte, hielt der Mercedesfahrer auf der Br\u00fccke der Saarlandstra\u00dfe an, wartete bis der andere Radfahrer zu ihm fuhr und mit seinem Smartphone ein Bild des Kennzeichens fertigen wollte. Der Autofahrer z\u00fcckte aus seinem Kofferraum ein kleines Messer, hielt es dem Radfahrer entgegen, riss ihm dann das Smartphone aus der Hand und warf es \u00fcber die angrenzende L\u00e4rmschutzwand. Anschlie\u00dfend fuhr er illegal auf die A 6 auf.<\/p>\n","protected":false},"excerpt":{"rendered":"Nachdem der Radfahrer lauthals gerufen hatte, hielt der Mercedesfahrer auf der Br\u00fccke der Saarlandstra\u00dfe an, wartete bis der&hellip;\n","protected":false},"author":2,"featured_media":1076691,"comment_status":"","ping_status":"","sticky":false,"template":"","format":"standard","meta":{"footnotes":"","_share_on_mastodon":"0"},"categories":[1845],"tags":[1634,16797,16796,16787,16795,16785,3364,29,16786,16784,16783,16791,427,548,663,3934,347,30,16794,16788,13,16790,80,5882,2096,2249,14,15,16789,16793,5661,12,265,16798,7195,16792],"class_list":["post-1076690","post","type-post","status-publish","format-standard","has-post-thumbnail","category-mannheim","tag-baden-wuerttemberg","tag-beerfelden","tag-bensheim","tag-bergstrasse","tag-bickenbach","tag-darmstadt","tag-de","tag-deutschland","tag-dieburg","tag-echo-online","tag-echo-zeitungen","tag-erbach","tag-esa","tag-eu","tag-europa","tag-europe","tag-fussball","tag-germany","tag-gross-bieberau","tag-gross-gerau","tag-headlines","tag-heppenheim","tag-kultur","tag-lokalsport","tag-mannheim","tag-meldungen","tag-nachrichten","tag-news","tag-odenwald","tag-pfungstadt","tag-ruesselsheim","tag-schlagzeilen","tag-sport","tag-sv-98","tag-vereine","tag-weiterstadt"],"share_on_mastodon":{"url":"https:\/\/pubeurope.com\/@de\/116709112409703091","error":""},"_links":{"self":[{"href":"https:\/\/www.europesays.com\/de\/wp-json\/wp\/v2\/posts\/1076690","targetHints":{"allow":["GET"]}}],"collection":[{"href":"https:\/\/www.europesays.com\/de\/wp-json\/wp\/v2\/posts"}],"about":[{"href":"https:\/\/www.europesays.com\/de\/wp-json\/wp\/v2\/types\/post"}],"author":[{"embeddable":true,"href":"https:\/\/www.europesays.com\/de\/wp-json\/wp\/v2\/users\/2"}],"replies":[{"embeddable":true,"href":"https:\/\/www.europesays.com\/de\/wp-json\/wp\/v2\/comments?post=1076690"}],"version-history":[{"count":0,"href":"https:\/\/www.europesays.com\/de\/wp-json\/wp\/v2\/posts\/1076690\/revisions"}],"wp:featuredmedia":[{"embeddable":true,"href":"https:\/\/www.europesays.com\/de\/wp-json\/wp\/v2\/media\/1076691"}],"wp:attachment":[{"href":"https:\/\/www.europesays.com\/de\/wp-json\/wp\/v2\/media?parent=1076690"}],"wp:term":[{"taxonomy":"category","embeddable":true,"href":"https:\/\/www.europesays.com\/de\/wp-json\/wp\/v2\/categories?post=1076690"},{"taxonomy":"post_tag","embeddable":true,"href":"https:\/\/www.europesays.com\/de\/wp-json\/wp\/v2\/tags?post=1076690"}],"curies":[{"name":"wp","href":"https:\/\/api.w.org\/{rel}","templated":true}]}}