{"id":1076725,"date":"2026-06-07T13:59:23","date_gmt":"2026-06-07T13:59:23","guid":{"rendered":"https:\/\/www.europesays.com\/de\/1076725\/"},"modified":"2026-06-07T13:59:23","modified_gmt":"2026-06-07T13:59:23","slug":"finale-der-french-open-im-liveticker-schreibt-zverev-geschichte","status":"publish","type":"post","link":"https:\/\/www.europesays.com\/de\/1076725\/","title":{"rendered":"Finale der French Open im Liveticker: Schreibt Zverev Geschichte?"},"content":{"rendered":"<p>Finale der French Open <\/p>\n<p>Zverev wie im Rausch: Gegner verzweifelt schon<\/p>\n<ul class=\"grid grid-flow-col gap-4\" aria-label=\"Autorenbilder\">\n<li class=\"leading-0\"><img data-tb-author-image=\"\"  loading=\"lazy\" src=\"https:\/\/www.europesays.com\/de\/wp-content\/uploads\/2026\/02\/1771794976_908_image.jpg\" alt=\"David Digili\" title=\"David Digili\" width=\"40\" height=\"40\" class=\"\" decoding=\"async\"\/><\/li>\n<\/ul>\n<p>Aktualisiert am 07.06.2026 &#8211; 15:54 UhrLesedauer: 5 Min.<\/p>\n<p><a href=\"#focus-0\" class=\"transition-colors duration-200 block text-current relative\" data-sctrack=\"FocusGalleryImage.Reference\"><img fetchpriority=\"high\" data-testid=\"Opener.Image\"   loading=\"eager\" src=\"https:\/\/www.europesays.com\/de\/wp-content\/uploads\/2026\/06\/die-faust-geballt-alexander-zverev-kann-im-finale-von-roland-garros-seinen-ersten-grand-slam-titel-g.jpeg\" alt=\"Die Faust geballt: Alexander Zverev kann im Finale von Roland Garros seinen ersten Grand-Slam-Titel gewinnen.\" title=\"Die Faust geballt: Alexander Zverev kann im Finale von Roland Garros seinen ersten Grand-Slam-Titel gewinnen.\" width=\"4440\" height=\"2497\" class=\"bg-[url:var(--lqipURL)] bg-cover bg-center flex h-full w-full max-w-full\" style=\"--lqipURL:url('https:\/\/images.t-online.de\/2026\/06\/fe0EVoAowh3Y\/0x321:4440x2497\/fit-in\/150x0\/filters:blur(25)\/die-faust-geballt-alexander-zverev-kann-im-finale-von-roland-garros-seinen-ersten-grand-slam-titel-gewinnen.jpg')\" decoding=\"async\"\/><img loading=\"lazy\" src=\"https:\/\/www.t-online.de\/s\/paper\/_next\/static\/media\/zoom-in.f7dae02f.svg\" alt=\"Vergr\u00f6\u00dfern des Bildes\" title=\"Vergr\u00f6\u00dfern des Bildes\" class=\"block h-[calc(var(--height)_\/_16_*_1rem)] w-[calc(var(--width)_\/_16_*_1rem)] max-w-none absolute bottom-8 right-8 rounded-4 bg-snow p-8\" style=\"--width:32;--height:32\" decoding=\"async\"\/><\/a><\/p>\n<p>Die Faust geballt: Alexander Zverev kann im Finale von Roland Garros seinen ersten Grand-Slam-Titel gewinnen. (Quelle: IMAGO\/Paul Zimmer\/imago-images-bilder)<\/p>\n<p class=\"text-center\">Jetzt neu bei t-online:<\/p>\n<p class=\"text-center\">Schriftgr\u00f6\u00dfe anpassen!<\/p>\n<p><img loading=\"lazy\" src=\"https:\/\/www.t-online.de\/s\/paper\/_next\/static\/media\/font-sizes.32942e33.svg\" alt=\"\" title=\"\" class=\"block h-[calc(var(--height)_\/_16_*_1rem)] w-[calc(var(--width)_\/_16_*_1rem)] max-w-none group-hover:hidden group-aria-expanded:hidden\" style=\"--width:16;--height:16\" decoding=\"async\"\/><img loading=\"lazy\" src=\"https:\/\/www.t-online.de\/s\/paper\/_next\/static\/media\/font-sizes-dark-mode.e382645c.svg\" alt=\"\" title=\"\" class=\"block h-[calc(var(--height)_\/_16_*_1rem)] w-[calc(var(--width)_\/_16_*_1rem)] max-w-none hidden group-hover:block group-aria-expanded:block\" style=\"--width:16;--height:16\" decoding=\"async\"\/><img loading=\"lazy\" src=\"https:\/\/www.t-online.de\/s\/paper\/_next\/static\/media\/sharing-menu-icon.1eb71368.svg\" alt=\"\" title=\"\" class=\"block h-[calc(var(--height)_\/_16_*_1rem)] w-[calc(var(--width)_\/_16_*_1rem)] max-w-none group-hover:brightness-0 group-hover:invert\" style=\"--width:16;--height:16\" decoding=\"async\"\/>Artikel teilen<\/p>\n<p class=\"font-bold text-18 leading-17 user-text-lg:text-22 user-text-xl:text-24\">Deutschlands bester Tennisspieler hat im Endspiel der French Open die gro\u00dfe Chance auf seinen ersten Major-Titel. Daf\u00fcr muss er aber einen starken Gegner schlagen. Klappt es?<\/p>\n<p class=\"text-18 leading-17 user-text-lg:text-22 user-text-xl:text-24\">Ein Sieg fehlt noch zum gro\u00dfen Traum: <a class=\"transition-colors duration-200 cursor-pointer text-inherit no-underline text-salemsfur md:hover:text-magenta md:hover:border-magenta md:focus:text-magenta border-current border-b border-solid break-words\" data-tracking=\"{&quot;action&quot;:&quot;click&quot;,&quot;category&quot;:&quot;intextLink&quot;,&quot;label&quot;:&quot;\/themen\/alexander-zverev\/&quot;}\" href=\"https:\/\/www.t-online.de\/themen\/alexander-zverev\/\" data-sctrack=\"BodyAnchor\" rel=\"nofollow noopener\" target=\"_blank\">Alexander Zverev<\/a> will im Finale der <a class=\"transition-colors duration-200 cursor-pointer text-inherit no-underline text-salemsfur md:hover:text-magenta md:hover:border-magenta md:focus:text-magenta border-current border-b border-solid break-words\" data-tracking=\"{&quot;action&quot;:&quot;click&quot;,&quot;category&quot;:&quot;intextLink&quot;,&quot;label&quot;:&quot;\/themen\/french-open\/&quot;}\" href=\"https:\/\/www.t-online.de\/themen\/french-open\/\" data-sctrack=\"BodyAnchor\" rel=\"nofollow noopener\" target=\"_blank\">French Open<\/a> den lang ersehnten ersten Grand-Slam-Titel gewinnen. Der 29-J\u00e4hrige tritt gegen den Italiener Flavio Cobolli an und ist in dem Final-Duell der Favorit.<\/p>\n<p class=\"text-18 leading-17 user-text-lg:text-22 user-text-xl:text-24\">Zverev w\u00e4re der erste m\u00e4nnliche Tennisprofi aus Deutschland, der seit Beginn der Profi\u00e4ra 1968 beim Sandplatz-Klassiker in Paris gewinnt. Auch der bislang letzte Grand-Slam-Erfolg eines deutschen Mannes liegt bereits 30 Jahre zur\u00fcck, damals holte <a class=\"transition-colors duration-200 cursor-pointer text-inherit no-underline text-salemsfur md:hover:text-magenta md:hover:border-magenta md:focus:text-magenta border-current border-b border-solid break-words\" data-tracking=\"{&quot;action&quot;:&quot;click&quot;,&quot;category&quot;:&quot;intextLink&quot;,&quot;label&quot;:&quot;\/themen\/boris-becker\/&quot;}\" href=\"https:\/\/www.t-online.de\/themen\/boris-becker\/\" data-sctrack=\"BodyAnchor\" rel=\"nofollow noopener\" target=\"_blank\">Boris Becker<\/a> bei den <a class=\"transition-colors duration-200 cursor-pointer text-inherit no-underline text-salemsfur md:hover:text-magenta md:hover:border-magenta md:focus:text-magenta border-current border-b border-solid break-words\" data-tracking=\"{&quot;action&quot;:&quot;click&quot;,&quot;category&quot;:&quot;intextLink&quot;,&quot;label&quot;:&quot;\/themen\/australian-open\/&quot;}\" href=\"https:\/\/www.t-online.de\/themen\/australian-open\/\" data-sctrack=\"BodyAnchor\" rel=\"nofollow noopener\" target=\"_blank\">Australian Open<\/a> seinen sechsten und letzten Sieg bei einem der weltweit vier wichtigsten Turniere.<\/p>\n<p class=\"text-18 leading-17 user-text-lg:text-22 user-text-xl:text-24\"><strong class=\"font-bold\">Verfolgen Sie das Match hier live im Ticker.<\/strong><\/p>\n<p>Flavio Cobolli \u2013 Alexander Zverev 1:4<\/p>\n<p class=\"text-18 leading-17 user-text-lg:text-22 user-text-xl:text-24\"><strong class=\"font-bold\">1. Satz, 1:4 \u2013 <\/strong>N\u00e4chstes Break f\u00fcr Alexander Zverev. Hier l\u00e4uft gerade sehr viel f\u00fcr den Weltranglistendritten. Cobolli atmet tief durch. Er scheint gerade zu \u00fcberlegen, was er machen soll. Denn Zverev bringt ihm alles zur\u00fcck, was er ihm anbietet \u2013 und ihm selbst unterlaufen wiederholt Fehler. Eine Vorhand ins Aus, und Zvrev kratzt am n\u00e4chsten Break. Wieder riskiert Cobolli zu viel, donnert den n\u00e4chsten Vorhand-Cross ins Aus. Danach dreht er sich fragend zu seinem Vater, der ihn trainiert, in der Box um, zickt mit den Schultern. Zwei Breakb\u00e4lle f\u00fcr Zverev. Schon den ersten nutzt er \u2013 weil Cobolli mit einem Stopp im Netz landet.<\/p>\n<p class=\"text-18 leading-17 user-text-lg:text-22 user-text-xl:text-24\"><strong class=\"font-bold\">1. Satz, 1:3 \u2013 <\/strong>Puh. Durchatmen bei Zverev. Ein Lob ist zu hoch, Cobolli bekommt ihn \u2013 und legt seinen einfachen Volley ins Aus. Beim Italiener sitzen die Schl\u00e4ge einfach weiter nicht. Bei Zverev schon. Ein Vorhand-Winner zum 30:0, dann kommt er nach einem starken Cross in die Ecke nach vorn und schlie\u00dft am Netz per Volley ab. Cobolli aber ringt darum, ins Match zu kommen. Zverev entscheidet sich f\u00fcr die falsche Ecke, l\u00e4sst seinem Gegner Platz f\u00fcr einen tollen R\u00fcckhand-Longline. Achtungsapplaus vom Publikum. Mit einer Vorhand direkt auf die Linie schlie\u00dft Zverev aber ab.<\/p>\n<p class=\"text-18 leading-17 user-text-lg:text-22 user-text-xl:text-24\"><strong class=\"font-bold\">1. Satz, 1:2 \u2013 <\/strong>Da hat Zverev Pech. Mit einer Vorhand auf die Linie will er das Tempo anziehen, landet aber knapp im Aus. Er macht das trotzdem sehr gut hier in dieser Phase, verteidigt stark. Gegen einen Vorhand-Longline von Cobolli exakt in die Ecke kann er trotzdem nichts ausrichten. In der n\u00e4chsten Rally verzieht der Deutsche dann einen Vorhand-Cross. Ungl\u00fccklich, weil Cobolli hier fast konsequent nur \u00fcber den zweiten Aufschlag kommt, da muss der Hamburger mehr draus machen. Mit einem Vorhand-Winner bringt sich Cobolli nun auch auf die Anzeigetafel.<\/p>\n","protected":false},"excerpt":{"rendered":"Finale der French Open Zverev wie im Rausch: Gegner verzweifelt schon Aktualisiert am 07.06.2026 &#8211; 15:54 UhrLesedauer: 5&hellip;\n","protected":false},"author":2,"featured_media":1076726,"comment_status":"","ping_status":"","sticky":false,"template":"","format":"standard","meta":{"footnotes":"","_share_on_mastodon":"0"},"categories":[5],"tags":[331,332,10329,80520,5790,3364,29,2362,20798,30,13,14,15,319,55334,12],"class_list":["post-1076725","post","type-post","status-publish","format-standard","has-post-thumbnail","category-nachrichten","tag-aktuelle-nachrichten","tag-aktuelle-news","tag-alexander-zverev","tag-australian-open","tag-boris-becker","tag-de","tag-deutschland","tag-endspiel","tag-french-open","tag-germany","tag-headlines","tag-nachrichten","tag-news","tag-paris","tag-roland-garros","tag-schlagzeilen"],"share_on_mastodon":{"url":"https:\/\/pubeurope.com\/@de\/116709188681583163","error":""},"_links":{"self":[{"href":"https:\/\/www.europesays.com\/de\/wp-json\/wp\/v2\/posts\/1076725","targetHints":{"allow":["GET"]}}],"collection":[{"href":"https:\/\/www.europesays.com\/de\/wp-json\/wp\/v2\/posts"}],"about":[{"href":"https:\/\/www.europesays.com\/de\/wp-json\/wp\/v2\/types\/post"}],"author":[{"embeddable":true,"href":"https:\/\/www.europesays.com\/de\/wp-json\/wp\/v2\/users\/2"}],"replies":[{"embeddable":true,"href":"https:\/\/www.europesays.com\/de\/wp-json\/wp\/v2\/comments?post=1076725"}],"version-history":[{"count":0,"href":"https:\/\/www.europesays.com\/de\/wp-json\/wp\/v2\/posts\/1076725\/revisions"}],"wp:featuredmedia":[{"embeddable":true,"href":"https:\/\/www.europesays.com\/de\/wp-json\/wp\/v2\/media\/1076726"}],"wp:attachment":[{"href":"https:\/\/www.europesays.com\/de\/wp-json\/wp\/v2\/media?parent=1076725"}],"wp:term":[{"taxonomy":"category","embeddable":true,"href":"https:\/\/www.europesays.com\/de\/wp-json\/wp\/v2\/categories?post=1076725"},{"taxonomy":"post_tag","embeddable":true,"href":"https:\/\/www.europesays.com\/de\/wp-json\/wp\/v2\/tags?post=1076725"}],"curies":[{"name":"wp","href":"https:\/\/api.w.org\/{rel}","templated":true}]}}