{"id":1076818,"date":"2026-06-07T14:53:16","date_gmt":"2026-06-07T14:53:16","guid":{"rendered":"https:\/\/www.europesays.com\/de\/1076818\/"},"modified":"2026-06-07T14:53:16","modified_gmt":"2026-06-07T14:53:16","slug":"strukturwandel-forschungscenter-jtc-zu-gast-im-salinemuseum-%c2%b7-leipziger-zeitung","status":"publish","type":"post","link":"https:\/\/www.europesays.com\/de\/1076818\/","title":{"rendered":"Strukturwandel: Forschungscenter JTC zu Gast im Salinemuseum \u00b7 Leipziger Zeitung"},"content":{"rendered":"<p>Forschung f\u00fcr die Region: Ausgew\u00e4hlte Forschungsprojekte pr\u00e4sentiert das Just Transition Center (JTC) der Martin-Luther-Universit\u00e4t Halle-Wittenberg (MLU) am Mittwoch, 10. Juni, ab 14 Uhr im Salinemuseum in Halle. Die Veranstaltung \u201eJTC trifft Region\u201c richtet sich an interessierte B\u00fcrgerinnen und B\u00fcrger sowie Vertreter aus Wirtschaft, Politik und Gesellschaft. <\/p>\n<p>Das JTC wird mit rund 21,5 Millionen Euro im Rahmen des \u201eJust Transition Fund\u201c \u2013 Fonds f\u00fcr einen gerechten \u00dcbergang \u2013 der Europ\u00e4ischen Union gef\u00f6rdert. Ziel des Centers ist, forschungsbasierte L\u00f6sungen f\u00fcr den Strukturwandel in Sachsen-Anhalt zu entwickeln.<\/p>\n<p>Auf dem Programm stehen eine Keynote zum Thema \u201eHalle \u2013 Stadt der digitalen Transformation\u201c sowie die Pr\u00e4sentation vier ausgew\u00e4hlter JTC-Projekte, die zum Beispiel neuartige Materialien f\u00fcr die Photovoltaik und neue Wege des gesellschaftlichen Engagements erforschen. Erg\u00e4nzt wird das Programm durch einen Markt der M\u00f6glichkeiten, bei dem sich rund 20 lokale und regionale Initiativen vorstellen. <\/p>\n<p>Bei der Veranstaltung pr\u00e4sentieren sich auch die anderen beiden Strukturwandelvorhaben der MLU \u201eDiP \u2013 Digitalisierung pflanzlicher Wertsch\u00f6pfungsketten\u201c und \u201eTPG \u2013 Innovationsregion f\u00fcr die digitale Transformation von Pflege und Gesundheit\u201c.<\/p>\n<p>Am JTC arbeiten 17 Innovationsteams, die forschungsbasierte L\u00f6sungen f\u00fcr den Strukturwandel in Sachsen-Anhalt entwickeln. Die Ergebnisse sollen m\u00f6glichst schnell in die Praxis \u00fcberf\u00fchrt werden, zum Beispiel durch Ausgr\u00fcndungen oder Kooperationsprojekte mit regionalen Partnern. Die Themen reichen von sozialwissenschaftlicher Transformationsforschung \u00fcber nachhaltige Werkstoffe und Technologien bis hin zu juristischen Fragestellungen und zur Bildung f\u00fcr Nachhaltigkeit.<\/p>\n<p>Die Teilnahme an der Veranstaltung ist kostenfrei. Eine Anmeldung ist bis zum 7. Juni 2026 \u00fcber die Website des JTC m\u00f6glich: <a href=\"https:\/\/jtc.uni-halle.de\/event\/jtc-trifft-region-halle-saale\/\" target=\"_blank\" rel=\"noreferrer noopener nofollow\">https:\/\/jtc.uni-halle.de\/event\/jtc-trifft-region-halle-saale\/<\/a><\/p>\n<p>Weitere Informationen zum Engagement der MLU zum Strukturwandel unter: <a href=\"https:\/\/uni-halle.de\/\" target=\"_blank\" rel=\"noreferrer noopener nofollow\">https:\/\/uni-halle.de\/<\/a>strukturwandel<\/p>\n<p>\u201eJTC trifft Region\u201c in Halle<br \/>Mittwoch, 3. Juni 2026, 14 bis 17.30 Uhr<br \/>Salinemuseum Halle<br \/>Mansfelder Stra\u00dfe 52<br \/>06108 Halle (Saale)<\/p>\n","protected":false},"excerpt":{"rendered":"Forschung f\u00fcr die Region: Ausgew\u00e4hlte Forschungsprojekte pr\u00e4sentiert das Just Transition Center (JTC) der Martin-Luther-Universit\u00e4t Halle-Wittenberg (MLU) am Mittwoch,&hellip;\n","protected":false},"author":2,"featured_media":83497,"comment_status":"","ping_status":"","sticky":false,"template":"","format":"standard","meta":{"footnotes":"","_share_on_mastodon":"0"},"categories":[1860],"tags":[50993,3364,29,548,663,3934,30,4062,17332,13,35056,14,15,17331,860,12],"class_list":["post-1076818","post","type-post","status-publish","format-standard","has-post-thumbnail","category-halle-saale","tag-strukturwandel","tag-de","tag-deutschland","tag-eu","tag-europa","tag-europe","tag-germany","tag-halle","tag-halle-saale","tag-headlines","tag-mlu","tag-nachrichten","tag-news","tag-saale","tag-sachsen-anhalt","tag-schlagzeilen"],"share_on_mastodon":{"url":"https:\/\/pubeurope.com\/@de\/116709399532265639","error":""},"_links":{"self":[{"href":"https:\/\/www.europesays.com\/de\/wp-json\/wp\/v2\/posts\/1076818","targetHints":{"allow":["GET"]}}],"collection":[{"href":"https:\/\/www.europesays.com\/de\/wp-json\/wp\/v2\/posts"}],"about":[{"href":"https:\/\/www.europesays.com\/de\/wp-json\/wp\/v2\/types\/post"}],"author":[{"embeddable":true,"href":"https:\/\/www.europesays.com\/de\/wp-json\/wp\/v2\/users\/2"}],"replies":[{"embeddable":true,"href":"https:\/\/www.europesays.com\/de\/wp-json\/wp\/v2\/comments?post=1076818"}],"version-history":[{"count":0,"href":"https:\/\/www.europesays.com\/de\/wp-json\/wp\/v2\/posts\/1076818\/revisions"}],"wp:featuredmedia":[{"embeddable":true,"href":"https:\/\/www.europesays.com\/de\/wp-json\/wp\/v2\/media\/83497"}],"wp:attachment":[{"href":"https:\/\/www.europesays.com\/de\/wp-json\/wp\/v2\/media?parent=1076818"}],"wp:term":[{"taxonomy":"category","embeddable":true,"href":"https:\/\/www.europesays.com\/de\/wp-json\/wp\/v2\/categories?post=1076818"},{"taxonomy":"post_tag","embeddable":true,"href":"https:\/\/www.europesays.com\/de\/wp-json\/wp\/v2\/tags?post=1076818"}],"curies":[{"name":"wp","href":"https:\/\/api.w.org\/{rel}","templated":true}]}}