{"id":1076843,"date":"2026-06-07T15:08:00","date_gmt":"2026-06-07T15:08:00","guid":{"rendered":"https:\/\/www.europesays.com\/de\/1076843\/"},"modified":"2026-06-07T15:08:00","modified_gmt":"2026-06-07T15:08:00","slug":"organspende-tattoo-75-klinikmitarbeiter-setzen-zeichen-2","status":"publish","type":"post","link":"https:\/\/www.europesays.com\/de\/1076843\/","title":{"rendered":"Organspende-Tattoo: 75 Klinikmitarbeiter setzen Zeichen"},"content":{"rendered":"<p>Aktion in M\u00fcnster <\/p>\n<p>Organspende-Tattoo: 75 Klinikmitarbeiter setzen Zeichen<\/p>\n<p>Aktualisiert am 05.06.2026Lesedauer: 2 Min.<\/p>\n<p><a href=\"#focus-0\" class=\"transition-colors duration-200 block text-current relative\" data-sctrack=\"FocusGalleryImage.Reference\"><img fetchpriority=\"high\" data-testid=\"Opener.Image\"   loading=\"eager\" src=\"https:\/\/www.europesays.com\/de\/wp-content\/uploads\/2026\/06\/konstantin-bolwin-hat-sich-das-symbol-der-organspende-auf-den-oberarm-taetowieren-lassen.jpg\" alt=\"Tattoo-Aktion an der Uniklinik M\u00fcnster\" title=\"Tattoo-Aktion an der Uniklinik M\u00fcnster\" width=\"2048\" height=\"1152\" class=\"bg-[url:var(--lqipURL)] bg-cover bg-center flex h-full w-full max-w-full\" style=\"--lqipURL:url('https:\/\/images.t-online.de\/2026\/06\/b3c3XJ66uKxN\/0x107:2048x1152\/fit-in\/150x0\/filters:blur(25)\/konstantin-bolwin-hat-sich-das-symbol-der-organspende-auf-den-oberarm-taetowieren-lassen.jpg')\" decoding=\"async\"\/><img loading=\"lazy\" src=\"https:\/\/muenster.t-online.de\/s\/paper\/_next\/static\/media\/zoom-in.f7dae02f.svg\" alt=\"Vergr\u00f6\u00dfern des Bildes\" title=\"Vergr\u00f6\u00dfern des Bildes\" class=\"block h-[calc(var(--height)_\/_16_*_1rem)] w-[calc(var(--width)_\/_16_*_1rem)] max-w-none absolute bottom-8 right-8 rounded-4 bg-snow p-8\" style=\"--width:32;--height:32\" decoding=\"async\"\/><\/a><\/p>\n<p>Konstantin Bolwin hat sich das Symbol der Organspende auf den Oberarm t\u00e4towieren lassen. (Quelle: Max Lametz\/dpa\/dpa-bilder)<\/p>\n<p><img loading=\"lazy\" src=\"https:\/\/muenster.t-online.de\/s\/paper\/_next\/static\/media\/audio-volume.6689034c.svg\" alt=\"\" title=\"\" class=\"block h-[calc(var(--height)_\/_16_*_1rem)] w-[calc(var(--width)_\/_16_*_1rem)] max-w-none group-hover:brightness-0 group-hover:invert\" style=\"--width:16;--height:16\" decoding=\"async\"\/>Vorlesen<\/p>\n<p>Aktuelle Zeit:0:00Gesamtdauer:0:00<\/p>\n<p>1x<\/p>\n<p class=\"text-center\">Jetzt neu bei t-online:<\/p>\n<p class=\"text-center\">Schriftgr\u00f6\u00dfe anpassen!<\/p>\n<p><img loading=\"lazy\" src=\"https:\/\/muenster.t-online.de\/s\/paper\/_next\/static\/media\/font-sizes.32942e33.svg\" alt=\"\" title=\"\" class=\"block h-[calc(var(--height)_\/_16_*_1rem)] w-[calc(var(--width)_\/_16_*_1rem)] max-w-none group-hover:hidden group-aria-expanded:hidden\" style=\"--width:16;--height:16\" decoding=\"async\"\/><img loading=\"lazy\" src=\"https:\/\/muenster.t-online.de\/s\/paper\/_next\/static\/media\/font-sizes-dark-mode.e382645c.svg\" alt=\"\" title=\"\" class=\"block h-[calc(var(--height)_\/_16_*_1rem)] w-[calc(var(--width)_\/_16_*_1rem)] max-w-none hidden group-hover:block group-aria-expanded:block\" style=\"--width:16;--height:16\" decoding=\"async\"\/><img loading=\"lazy\" src=\"https:\/\/muenster.t-online.de\/s\/paper\/_next\/static\/media\/sharing-menu-icon.1eb71368.svg\" alt=\"\" title=\"\" class=\"block h-[calc(var(--height)_\/_16_*_1rem)] w-[calc(var(--width)_\/_16_*_1rem)] max-w-none group-hover:brightness-0 group-hover:invert\" style=\"--width:16;--height:16\" decoding=\"async\"\/>Artikel teilen<\/p>\n<p class=\"font-bold text-18 leading-17 user-text-lg:text-22 user-text-xl:text-24\">Rund 300 Mitarbeiter der Uniklinik in M\u00fcnster wollten sich ein Tattoo stechen lassen, um f\u00fcr die Organspende zu werben. Das Los hat entscheiden.<\/p>\n<p class=\"text-18 leading-17 user-text-lg:text-22 user-text-xl:text-24\">75 Mitarbeiter der Universit\u00e4tsklinik M\u00fcnster (UKM) haben sich vor dem Tag der Organspende am Samstag ein Tattoo stechen lassen. Auf die Haut gab es von f\u00fcnf T\u00e4towierern ein Organspende-Symbol. Den genauen Ort am K\u00f6rper und die Gr\u00f6\u00dfe konnte die Mitarbeiter frei w\u00e4hlen. Das Motiv zeigt einen Halbkreis, der mit einem weiteren Halbkreis zu einem Ganzen erg\u00e4nzt wird. <\/p>\n<p class=\"text-18 leading-17 user-text-lg:text-22 user-text-xl:text-24\">Nach Angaben eines UKM-Sprechers war das Interesse an der Aktion gro\u00df. Von den mehr als 11.000 Mitarbeitern hatten sich knapp 300 um einen der 75 Stechtermine beworben. Am Ende musste das Los entscheiden. <\/p>\n<p class=\"text-18 leading-17 user-text-lg:text-22 user-text-xl:text-24\">\u00c4hnliche Aktionen, um auf den Tag der Organspende immer am 1. Samstag im Juni aufmerksam zu machen, gab es in den vergangenen Jahren an verschiedenen Orten. Erfunden wurde die private Kampagne &#8222;Opt.Ink&#8220; vom Verein Junge Helden, der sich seit 2003 f\u00fcr Aufkl\u00e4rung rund um das Thema Organspende einsetzt, wie das Bundesinstitut f\u00fcr \u00d6ffentliche Gesundheit (BI\u00d6G) erkl\u00e4rt. <\/p>\n<p>Rechtlich nicht bindend<\/p>\n<p class=\"text-18 leading-17 user-text-lg:text-22 user-text-xl:text-24\">Rechtlich ist so ein gestochenes Tattoo nicht bindend und ersetzt keinen Organspendeausweis. Das Zeichen auf der Haut soll nicht nur die eigene Bereitschaft zur Organspende signalisieren, sondern auch Gespr\u00e4che und Bewusstsein in der Gesellschaft f\u00f6rdern, erkl\u00e4rt das BI\u00d6G. <\/p>\n<p class=\"text-18 leading-17 user-text-lg:text-22 user-text-xl:text-24\">Nach Angaben des nordrhein-westf\u00e4lischen Gesundheitsministeriums warten derzeit 1.700 Menschen in NRW auf ein Spenderorgan. 2025 wurden dagegen nur 590 Organe gespendet. Nach Einsch\u00e4tzung des Ministeriums ist die Spendenbereitschaft laut Mitteilung zwar hoch, oft sei sie aber nicht dokumentiert. Deshalb appelliert Gesundheitsminister Karl-Josef Laumann (CDU) an die Menschen, ihre Entscheidung mit einem Organspendeausweis oder im Organspende-Register festzuhalten. <\/p>\n<p class=\"text-18 leading-17 user-text-lg:text-22 user-text-xl:text-24\">NRW macht sich derzeit mit sieben weiteren Bundesl\u00e4ndern im Bundesrat f\u00fcr die Einf\u00fchrung der Widerspruchsl\u00f6sung stark. Dabei w\u00fcrden alle vollj\u00e4hrigen Menschen in Deutschland als Organspender gelten, solange sie nicht aktiv widersprechen. Entscheiden muss jetzt der Bundestag.<\/p>\n","protected":false},"excerpt":{"rendered":"Aktion in M\u00fcnster Organspende-Tattoo: 75 Klinikmitarbeiter setzen Zeichen Aktualisiert am 05.06.2026Lesedauer: 2 Min. Konstantin Bolwin hat sich das&hellip;\n","protected":false},"author":2,"featured_media":1076844,"comment_status":"","ping_status":"","sticky":false,"template":"","format":"standard","meta":{"footnotes":"","_share_on_mastodon":"0"},"categories":[1843],"tags":[3364,29,30,228922,8970,1209,10909,3356,20953],"class_list":["post-1076843","post","type-post","status-publish","format-standard","has-post-thumbnail","category-muenster","tag-de","tag-deutschland","tag-germany","tag-konstantin-bolwin","tag-muenster","tag-nordrhein-westfalen","tag-organspende","tag-tattoo","tag-uniklinik"],"share_on_mastodon":{"url":"https:\/\/pubeurope.com\/@de\/116709460107536803","error":""},"_links":{"self":[{"href":"https:\/\/www.europesays.com\/de\/wp-json\/wp\/v2\/posts\/1076843","targetHints":{"allow":["GET"]}}],"collection":[{"href":"https:\/\/www.europesays.com\/de\/wp-json\/wp\/v2\/posts"}],"about":[{"href":"https:\/\/www.europesays.com\/de\/wp-json\/wp\/v2\/types\/post"}],"author":[{"embeddable":true,"href":"https:\/\/www.europesays.com\/de\/wp-json\/wp\/v2\/users\/2"}],"replies":[{"embeddable":true,"href":"https:\/\/www.europesays.com\/de\/wp-json\/wp\/v2\/comments?post=1076843"}],"version-history":[{"count":0,"href":"https:\/\/www.europesays.com\/de\/wp-json\/wp\/v2\/posts\/1076843\/revisions"}],"wp:featuredmedia":[{"embeddable":true,"href":"https:\/\/www.europesays.com\/de\/wp-json\/wp\/v2\/media\/1076844"}],"wp:attachment":[{"href":"https:\/\/www.europesays.com\/de\/wp-json\/wp\/v2\/media?parent=1076843"}],"wp:term":[{"taxonomy":"category","embeddable":true,"href":"https:\/\/www.europesays.com\/de\/wp-json\/wp\/v2\/categories?post=1076843"},{"taxonomy":"post_tag","embeddable":true,"href":"https:\/\/www.europesays.com\/de\/wp-json\/wp\/v2\/tags?post=1076843"}],"curies":[{"name":"wp","href":"https:\/\/api.w.org\/{rel}","templated":true}]}}